{"id":3277,"date":"2022-05-02T13:16:24","date_gmt":"2022-05-02T11:16:24","guid":{"rendered":"https:\/\/pistonaddict.com\/porsche-911-till-salu\/"},"modified":"2023-05-17T11:09:09","modified_gmt":"2023-05-17T09:09:09","slug":"porsche-911-till-salu","status":"publish","type":"post","link":"https:\/\/pistonaddict.com\/sv\/porsche-911-till-salu\/","title":{"rendered":"Porsche 911 till salu"},"content":{"rendered":"\t\t<div data-elementor-type=\"wp-post\" data-elementor-id=\"3277\" class=\"elementor elementor-3277 elementor-3234\">\n\t\t\t\t\t\t<section class=\"elementor-section elementor-top-section elementor-element elementor-element-042f62c elementor-section-full_width elementor-section-height-default elementor-section-height-default\" data-id=\"042f62c\" data-element_type=\"section\">\n\t\t\t\t\t\t<div class=\"elementor-container elementor-column-gap-default\">\n\t\t\t\t\t<div class=\"elementor-column elementor-col-100 elementor-top-column elementor-element elementor-element-57a62c3\" data-id=\"57a62c3\" data-element_type=\"column\">\n\t\t\t<div class=\"elementor-widget-wrap elementor-element-populated\">\n\t\t\t\t\t\t<div class=\"elementor-element elementor-element-663207f elementor-widget elementor-widget-text-editor\" data-id=\"663207f\" data-element_type=\"widget\" data-widget_type=\"text-editor.default\">\n\t\t\t\t<div class=\"elementor-widget-container\">\n\t\t\t<style>\/*! elementor - v3.21.0 - 18-04-2024 *\/\n.elementor-widget-text-editor.elementor-drop-cap-view-stacked .elementor-drop-cap{background-color:#69727d;color:#fff}.elementor-widget-text-editor.elementor-drop-cap-view-framed .elementor-drop-cap{color:#69727d;border:3px solid;background-color:transparent}.elementor-widget-text-editor:not(.elementor-drop-cap-view-default) .elementor-drop-cap{margin-top:8px}.elementor-widget-text-editor:not(.elementor-drop-cap-view-default) .elementor-drop-cap-letter{width:1em;height:1em}.elementor-widget-text-editor .elementor-drop-cap{float:left;text-align:center;line-height:1;font-size:50px}.elementor-widget-text-editor .elementor-drop-cap-letter{display:inline-block}<\/style>\t\t\t\t\n          <h2>Porsche 911 &#8211; Modellutveckling<\/h2>\n          <h3>Introduktion<\/h3>\n          <p>\n            <span class=\"VIiyi\" lang=\"fr\">\n              <span class=\"JLqJ4b\" data-language-for-alternatives=\"fr\" data-language-to-translate-into=\"en\" data-phrase-index=\"0\" data-number-of-phrases=\"1\">\n                <span class=\"Q4iAWc\">Det finns framg\u00e5ngsrika modeller i sportbilsv\u00e4rlden, och det finns Porsche 911. I n\u00e4stan sju decennier och med mer \u00e4n en miljon s\u00e5lda exemplar har 911 lyckats \u00f6verskrida bilindustrins gr\u00e4nser. Den har blivit ett omedelbart igenk\u00e4nnbart f\u00f6rem\u00e5l och en symbol f\u00f6r prestanda, design och kvalitet.  <strong>911 \u00e4r inte l\u00e4ngre bara en bil; den \u00e4r ett modeuttryck, ett samlarobjekt och en universellt hyllad postmodern kulturell ikon.<\/strong>  Dess fl\u00f6dande linjer och omissk\u00e4nnliga form \u00e4r inristade i en kollektiv koncisitet, vilket garanterar att dess arv kommer att leva vidare f\u00f6r alltid. Dess unika design och mekaniska utformning, som f\u00f6retaget envist v\u00e4grade att \u00e4ndra men som f\u00f6rfinades under \u00e5ren, vittnar om Ferdinand &#8220;Butzi&#8221; Porsches ursprungliga id\u00e9 och genialitet. S\u00e5 det \u00e4r l\u00e4tt att f\u00f6rst\u00e5 varf\u00f6r utvecklingen av denna magnifika bil \u00e4r s\u00e5 fascinerande, och hur mycket av det noggranna arbetet som ligger bakom 911:s framg\u00e5ng. H\u00e4r \u00e4r historierna bakom varje generation av 911 och hur denna modell har f\u00f6rblivit relevant och blomstrat, b\u00e5de p\u00e5 gatorna och p\u00e5 racerbanorna under s\u00e5 l\u00e5ng tid.<\/span>\n              <\/span>\n            <\/span>\n          <\/p>\n          <p> <\/p>\n        \t\t\t\t\t\t<\/div>\n\t\t\t\t<\/div>\n\t\t\t\t\t<\/div>\n\t\t<\/div>\n\t\t\t\t\t<\/div>\n\t\t<\/section>\n\t\t\t\t<section class=\"elementor-section elementor-top-section elementor-element elementor-element-4312318 elementor-section-full_width elementor-section-height-default elementor-section-height-default\" data-id=\"4312318\" data-element_type=\"section\">\n\t\t\t\t\t\t<div class=\"elementor-container elementor-column-gap-default\">\n\t\t\t\t\t<div class=\"elementor-column elementor-col-50 elementor-top-column elementor-element elementor-element-45367da\" data-id=\"45367da\" data-element_type=\"column\">\n\t\t\t<div class=\"elementor-widget-wrap elementor-element-populated\">\n\t\t\t\t\t\t<div class=\"elementor-element elementor-element-e9e933c elementor-widget elementor-widget-text-editor\" data-id=\"e9e933c\" data-element_type=\"widget\" data-widget_type=\"text-editor.default\">\n\t\t\t\t<div class=\"elementor-widget-container\">\n\t\t\t\t\t\t\t\n          <h3>\n            <span class=\"VIiyi\" lang=\"fr\">\n              <span class=\"JLqJ4b ChMk0b\" data-language-for-alternatives=\"fr\" data-language-to-translate-into=\"en\" data-phrase-index=\"0\" data-number-of-phrases=\"1\">\n                <span class=\"Q4iAWc\">De f\u00f6rsta modellerna (1963 till 1973)<\/span>\n              <\/span>\n            <\/span>\n          <\/h3>\n          <p>Framg\u00e5ngen med 356-modellen satte Porsche p\u00e5 kartan, men f\u00f6retaget ins\u00e5g att n\u00e4sta modell m\u00e5ste vara st\u00f6rre, kraftfullare och mer praktisk.  <strong>S\u00e5 1959 f\u00e4rdigst\u00e4llde Butzi Porsche de f\u00f6rsta ritningarna p\u00e5 det som skulle bli 911:an.<\/strong>  Produktionen inleddes 1964 och de f\u00f6rsta exemplaren drevs av en 2,0-liters flat-six-motor, men en fyrcylindrig modell kallad 912 introducerades ocks\u00e5. 1965. \u00c4ven om 2+2 coup\u00e9 var standardkaross 1967 introducerades Targa-modellen med en \u00f6verrullningsb\u00e5ge i rostfritt st\u00e5l, som gav kunderna m\u00f6jlighet att \u00e5ka med \u00f6ppet tak, men med en &#8220;cut&#8221;-konstruktionens styvhet och s\u00e4kerhet.<\/p>\n        \t\t\t\t\t\t<\/div>\n\t\t\t\t<\/div>\n\t\t\t\t\t<\/div>\n\t\t<\/div>\n\t\t\t\t<div class=\"elementor-column elementor-col-50 elementor-top-column elementor-element elementor-element-caed0a1\" data-id=\"caed0a1\" data-element_type=\"column\">\n\t\t\t<div class=\"elementor-widget-wrap elementor-element-populated\">\n\t\t\t\t\t\t<div class=\"elementor-element elementor-element-3e4830b elementor-widget elementor-widget-image\" data-id=\"3e4830b\" data-element_type=\"widget\" data-widget_type=\"image.default\">\n\t\t\t\t<div class=\"elementor-widget-container\">\n\t\t\t<style>\/*! elementor - v3.21.0 - 18-04-2024 *\/\n.elementor-widget-image{text-align:center}.elementor-widget-image a{display:inline-block}.elementor-widget-image a img[src$=\".svg\"]{width:48px}.elementor-widget-image img{vertical-align:middle;display:inline-block}<\/style>\t\t\t\t\t\t\t\t\t\t<img fetchpriority=\"high\" decoding=\"async\" width=\"847\" height=\"1024\" src=\"https:\/\/pistonaddict.com\/wp-content\/uploads\/2022\/05\/porsche_911_s_2.0_targa_87-847x1024.jpg\" class=\"attachment-large size-large wp-image-529\" alt=\"\" srcset=\"https:\/\/pistonaddict.com\/wp-content\/uploads\/2022\/05\/porsche_911_s_2.0_targa_87-847x1024.jpg 847w, https:\/\/pistonaddict.com\/wp-content\/uploads\/2022\/05\/porsche_911_s_2.0_targa_87-600x726.jpg 600w, https:\/\/pistonaddict.com\/wp-content\/uploads\/2022\/05\/porsche_911_s_2.0_targa_87-248x300.jpg 248w, https:\/\/pistonaddict.com\/wp-content\/uploads\/2022\/05\/porsche_911_s_2.0_targa_87-768x929.jpg 768w, https:\/\/pistonaddict.com\/wp-content\/uploads\/2022\/05\/porsche_911_s_2.0_targa_87.jpg 1133w\" sizes=\"(max-width: 847px) 100vw, 847px\" \/>\t\t\t\t\t\t\t\t\t\t\t\t\t<\/div>\n\t\t\t\t<\/div>\n\t\t\t\t\t<\/div>\n\t\t<\/div>\n\t\t\t\t\t<\/div>\n\t\t<\/section>\n\t\t\t\t<section class=\"elementor-section elementor-top-section elementor-element elementor-element-2a3126d elementor-section-full_width elementor-section-height-default elementor-section-height-default\" data-id=\"2a3126d\" data-element_type=\"section\">\n\t\t\t\t\t\t<div class=\"elementor-container elementor-column-gap-default\">\n\t\t\t\t\t<div class=\"elementor-column elementor-col-100 elementor-top-column elementor-element elementor-element-444ad58\" data-id=\"444ad58\" data-element_type=\"column\">\n\t\t\t<div class=\"elementor-widget-wrap elementor-element-populated\">\n\t\t\t\t\t\t<div class=\"elementor-element elementor-element-32e0c9e elementor-widget elementor-widget-text-editor\" data-id=\"32e0c9e\" data-element_type=\"widget\" data-widget_type=\"text-editor.default\">\n\t\t\t\t<div class=\"elementor-widget-container\">\n\t\t\t\t\t\t\t\n          <p>Under de f\u00f6rsta tio \u00e5ren utvecklade Porsche f\u00f6rsiktigt 911:an genom att l\u00e4gga till mer kraft, st\u00f6rre motorer och modifieringar av fj\u00e4dringen p\u00e5 grund av de f\u00f6rsta bilarnas knepiga hantering. <strong>Ungef\u00e4r samtidigt b\u00f6rjade 911:an sin extraordin\u00e4ra racingkarri\u00e4r, som kulminerade i de sublima 911 RS- och RSR-modellerna i b\u00f6rjan av 1970-talet<\/strong>. Dessa mycket eftertraktade modeller var utrustade med en 2,7-liters motor p\u00e5 210 hk (296 hk i t\u00e4vlingsutf\u00f6rande), som visade sig vara oslagbar p\u00e5 racerbanorna.<\/p>\n          <p>\n            <span class=\"VIiyi\" lang=\"fr\">\n              <span class=\"JLqJ4b\" data-language-for-alternatives=\"fr\" data-language-to-translate-into=\"en\" data-phrase-index=\"0\" data-number-of-phrases=\"1\">\n                <span class=\"Q4iAWc\"> <\/span>\n              <\/span>\n            <\/span>\n          <\/p>\n        \t\t\t\t\t\t<\/div>\n\t\t\t\t<\/div>\n\t\t\t\t\t<\/div>\n\t\t<\/div>\n\t\t\t\t\t<\/div>\n\t\t<\/section>\n\t\t\t\t<section class=\"elementor-section elementor-top-section elementor-element elementor-element-f48fb8f elementor-section-full_width elementor-section-height-default elementor-section-height-default\" data-id=\"f48fb8f\" data-element_type=\"section\">\n\t\t\t\t\t\t<div class=\"elementor-container elementor-column-gap-default\">\n\t\t\t\t\t<div class=\"elementor-column elementor-col-50 elementor-top-column elementor-element elementor-element-2c1f6d7\" data-id=\"2c1f6d7\" data-element_type=\"column\">\n\t\t\t<div class=\"elementor-widget-wrap elementor-element-populated\">\n\t\t\t\t\t\t<div class=\"elementor-element elementor-element-937dca9 elementor-widget elementor-widget-image\" data-id=\"937dca9\" data-element_type=\"widget\" data-widget_type=\"image.default\">\n\t\t\t\t<div class=\"elementor-widget-container\">\n\t\t\t\t\t\t\t\t\t\t\t\t\t<img decoding=\"async\" width=\"1024\" height=\"821\" src=\"https:\/\/pistonaddict.com\/wp-content\/uploads\/2022\/05\/porsche_911_carrera_3.2_coupe_47-1024x821.jpg\" class=\"attachment-large size-large wp-image-533\" alt=\"\" srcset=\"https:\/\/pistonaddict.com\/wp-content\/uploads\/2022\/05\/porsche_911_carrera_3.2_coupe_47-1024x821.jpg 1024w, https:\/\/pistonaddict.com\/wp-content\/uploads\/2022\/05\/porsche_911_carrera_3.2_coupe_47-600x481.jpg 600w, https:\/\/pistonaddict.com\/wp-content\/uploads\/2022\/05\/porsche_911_carrera_3.2_coupe_47-300x241.jpg 300w, https:\/\/pistonaddict.com\/wp-content\/uploads\/2022\/05\/porsche_911_carrera_3.2_coupe_47-768x616.jpg 768w, https:\/\/pistonaddict.com\/wp-content\/uploads\/2022\/05\/porsche_911_carrera_3.2_coupe_47-1536x1232.jpg 1536w, https:\/\/pistonaddict.com\/wp-content\/uploads\/2022\/05\/porsche_911_carrera_3.2_coupe_47.jpg 2000w\" sizes=\"(max-width: 1024px) 100vw, 1024px\" \/>\t\t\t\t\t\t\t\t\t\t\t\t\t<\/div>\n\t\t\t\t<\/div>\n\t\t\t\t\t<\/div>\n\t\t<\/div>\n\t\t\t\t<div class=\"elementor-column elementor-col-50 elementor-top-column elementor-element elementor-element-2e7f6d8\" data-id=\"2e7f6d8\" data-element_type=\"column\">\n\t\t\t<div class=\"elementor-widget-wrap elementor-element-populated\">\n\t\t\t\t\t\t<div class=\"elementor-element elementor-element-b4769ed elementor-widget elementor-widget-text-editor\" data-id=\"b4769ed\" data-element_type=\"widget\" data-widget_type=\"text-editor.default\">\n\t\t\t\t<div class=\"elementor-widget-container\">\n\t\t\t\t\t\t\t\n          <h3>G-serien (1973-1989)<\/h3>\n          <p>\u00c4ven om 70-talet visade sig vara sv\u00e5rt f\u00f6r 911, med utsl\u00e4pps- och s\u00e4kerhetsnormer som begr\u00e4nsade effekten och det interna beslutet att d\u00f6da modellen till f\u00f6rm\u00e5n f\u00f6r Porsche 928, lyckades 911:an \u00f6verleva och \u00f6verleva. h\u00e5lla sig p\u00e5 topp. <strong>G-serien tillverkades i m\u00e5nga versioner i n\u00e4stan 16 \u00e5r, den \u00e4ldsta av alla 911-generationer, och visade sig vara enormt viktig f\u00f6r rasen<\/strong>. Porsche fortsatte inte bara att utveckla det ursprungliga konceptet utan introducerade ocks\u00e5 tv\u00e5 mycket viktiga modeller.<\/p>\n        \t\t\t\t\t\t<\/div>\n\t\t\t\t<\/div>\n\t\t\t\t\t<\/div>\n\t\t<\/div>\n\t\t\t\t\t<\/div>\n\t\t<\/section>\n\t\t\t\t<section class=\"elementor-section elementor-top-section elementor-element elementor-element-092c530 elementor-section-full_width elementor-section-height-default elementor-section-height-default\" data-id=\"092c530\" data-element_type=\"section\">\n\t\t\t\t\t\t<div class=\"elementor-container elementor-column-gap-default\">\n\t\t\t\t\t<div class=\"elementor-column elementor-col-100 elementor-top-column elementor-element elementor-element-9f57290\" data-id=\"9f57290\" data-element_type=\"column\">\n\t\t\t<div class=\"elementor-widget-wrap elementor-element-populated\">\n\t\t\t\t\t\t<div class=\"elementor-element elementor-element-10e05a7 elementor-widget elementor-widget-text-editor\" data-id=\"10e05a7\" data-element_type=\"widget\" data-widget_type=\"text-editor.default\">\n\t\t\t\t<div class=\"elementor-widget-container\">\n\t\t\t\t\t\t\t\n          <p>\n            <span class=\"VIiyi\" lang=\"fr\"><span class=\"JLqJ4b ChMk0b\" data-language-for-alternatives=\"fr\" data-language-to-translate-into=\"en\" data-phrase-index=\"0\" data-number-of-phrases=\"3\"><span class=\"Q4iAWc\">Den f\u00f6rsta var Porsche 930 Turbo som revolutionerade sportbilsv\u00e4rlden och som sedan dess har f\u00f6rblivit flaggskeppsmodellen i 911-serien.<\/span><\/span> <strong><span class=\"JLqJ4b ChMk0b\" data-language-for-alternatives=\"fr\" data-language-to-translate-into=\"en\" data-phrase-index=\"1\" data-number-of-phrases=\"3\"><span class=\"Q4iAWc\">En effekt p\u00e5 260 hk kan anses vara otillr\u00e4cklig idag, men 1976 var den enorm och gjorde 930 Turbo till v\u00e4rldens snabbaste produktionsbil!<\/span><\/span><\/strong> <span class=\"JLqJ4b ChMk0b\" data-language-for-alternatives=\"fr\" data-language-to-translate-into=\"en\" data-phrase-index=\"2\" data-number-of-phrases=\"3\"><span class=\"Q4iAWc\">Med sin l\u00e5ga vikt, notoriskt knepiga hantering och turbof\u00f6rdr\u00f6jning var 930 Turbo handfast och skr\u00e4mmande, men det f\u00f6rst\u00e4rkte bara dess attraktionskraft och gjorde den till en omedelbar legend bland entusiaster.<\/span><\/span><\/span>\n          <\/p>\n          <p>\n            <span class=\"VIiyi\" lang=\"fr\"><span class=\"JLqJ4b ChMk0b\" data-language-for-alternatives=\"fr\" data-language-to-translate-into=\"en\" data-phrase-index=\"0\" data-number-of-phrases=\"3\"><span class=\"Q4iAWc\">Den andra flaggskeppsmodellen var 911 Cabriolet, som s\u00e5ldes tillsammans med Targa.<\/span><\/span> <span class=\"JLqJ4b ChMk0b\" data-language-for-alternatives=\"fr\" data-language-to-translate-into=\"en\" data-phrase-index=\"1\" data-number-of-phrases=\"3\"><span class=\"Q4iAWc\">P\u00e5 grund av den speciella konstruktionen ans\u00e5gs det om\u00f6jligt att g\u00f6ra 911:an till en komplett cabriolet i n\u00e4stan 20 \u00e5r.<\/span><\/span> <span class=\"JLqJ4b ChMk0b\" data-language-for-alternatives=\"fr\" data-language-to-translate-into=\"en\" data-phrase-index=\"2\" data-number-of-phrases=\"3\"><span class=\"Q4iAWc\">1983 <strong>lyckades Porsche<\/strong> dock <strong>introducera en s\u00e5dan modell, som f\u00f6rblev en av de mest s\u00e5lda 911-varianterna fram till idag<\/strong>.<\/span><\/span><\/span>\n          <\/p>\n          <p> <\/p>\n        \t\t\t\t\t\t<\/div>\n\t\t\t\t<\/div>\n\t\t\t\t\t<\/div>\n\t\t<\/div>\n\t\t\t\t\t<\/div>\n\t\t<\/section>\n\t\t\t\t<section class=\"elementor-section elementor-top-section elementor-element elementor-element-3de4dae elementor-section-full_width elementor-section-height-default elementor-section-height-default\" data-id=\"3de4dae\" data-element_type=\"section\">\n\t\t\t\t\t\t<div class=\"elementor-container elementor-column-gap-default\">\n\t\t\t\t\t<div class=\"elementor-column elementor-col-50 elementor-top-column elementor-element elementor-element-2c66a1b\" data-id=\"2c66a1b\" data-element_type=\"column\">\n\t\t\t<div class=\"elementor-widget-wrap elementor-element-populated\">\n\t\t\t\t\t\t<div class=\"elementor-element elementor-element-53e18c4 elementor-widget elementor-widget-text-editor\" data-id=\"53e18c4\" data-element_type=\"widget\" data-widget_type=\"text-editor.default\">\n\t\t\t\t<div class=\"elementor-widget-container\">\n\t\t\t\t\t\t\t\n          <h3>Modell 964 (1989-1994)<\/h3>\n          <p>964-generationen kan se v\u00e4ldigt likadan ut fr\u00e5n utsidan, men den har f\u00f6rb\u00e4ttrats avsev\u00e4rt, moderniserats och blivit mer avancerad \u00e4n de \u00e4ldre bilarna i G-serien. F\u00f6retaget har beslutat att f\u00f6rbli konservativt n\u00e4r det g\u00e4ller utseendet, men att investera kraftigt i modern teknik, fj\u00e4dring och v\u00e4xell\u00e5dor. F\u00f6retaget beslutade att f\u00f6rbli konservativt n\u00e4r det g\u00e4ller utseendet men att investera kraftigt i modern teknik, fj\u00e4dring och v\u00e4xell\u00e5dor.  <\/p>\n        \t\t\t\t\t\t<\/div>\n\t\t\t\t<\/div>\n\t\t\t\t\t<\/div>\n\t\t<\/div>\n\t\t\t\t<div class=\"elementor-column elementor-col-50 elementor-top-column elementor-element elementor-element-34ba836\" data-id=\"34ba836\" data-element_type=\"column\">\n\t\t\t<div class=\"elementor-widget-wrap elementor-element-populated\">\n\t\t\t\t\t\t<div class=\"elementor-element elementor-element-3dd7d46 elementor-widget elementor-widget-image\" data-id=\"3dd7d46\" data-element_type=\"widget\" data-widget_type=\"image.default\">\n\t\t\t\t<div class=\"elementor-widget-container\">\n\t\t\t\t\t\t\t\t\t\t\t\t\t<img decoding=\"async\" width=\"1024\" height=\"768\" src=\"https:\/\/pistonaddict.com\/wp-content\/uploads\/2022\/05\/porsche_911_carrera_3.2_cabriolet_turbolook-1024x768.jpg\" class=\"attachment-large size-large wp-image-537\" alt=\"\" srcset=\"https:\/\/pistonaddict.com\/wp-content\/uploads\/2022\/05\/porsche_911_carrera_3.2_cabriolet_turbolook-1024x768.jpg 1024w, https:\/\/pistonaddict.com\/wp-content\/uploads\/2022\/05\/porsche_911_carrera_3.2_cabriolet_turbolook-520x390.jpg 520w, https:\/\/pistonaddict.com\/wp-content\/uploads\/2022\/05\/porsche_911_carrera_3.2_cabriolet_turbolook-600x450.jpg 600w, https:\/\/pistonaddict.com\/wp-content\/uploads\/2022\/05\/porsche_911_carrera_3.2_cabriolet_turbolook-300x225.jpg 300w, https:\/\/pistonaddict.com\/wp-content\/uploads\/2022\/05\/porsche_911_carrera_3.2_cabriolet_turbolook-768x576.jpg 768w, https:\/\/pistonaddict.com\/wp-content\/uploads\/2022\/05\/porsche_911_carrera_3.2_cabriolet_turbolook-260x195.jpg 260w, https:\/\/pistonaddict.com\/wp-content\/uploads\/2022\/05\/porsche_911_carrera_3.2_cabriolet_turbolook.jpg 1280w\" sizes=\"(max-width: 1024px) 100vw, 1024px\" \/>\t\t\t\t\t\t\t\t\t\t\t\t\t<\/div>\n\t\t\t\t<\/div>\n\t\t\t\t\t<\/div>\n\t\t<\/div>\n\t\t\t\t\t<\/div>\n\t\t<\/section>\n\t\t\t\t<section class=\"elementor-section elementor-top-section elementor-element elementor-element-70e1218 elementor-section-full_width elementor-section-height-default elementor-section-height-default\" data-id=\"70e1218\" data-element_type=\"section\">\n\t\t\t\t\t\t<div class=\"elementor-container elementor-column-gap-default\">\n\t\t\t\t\t<div class=\"elementor-column elementor-col-100 elementor-top-column elementor-element elementor-element-5094737\" data-id=\"5094737\" data-element_type=\"column\">\n\t\t\t<div class=\"elementor-widget-wrap elementor-element-populated\">\n\t\t\t\t\t\t<div class=\"elementor-element elementor-element-c51431f elementor-widget elementor-widget-text-editor\" data-id=\"c51431f\" data-element_type=\"widget\" data-widget_type=\"text-editor.default\">\n\t\t\t\t<div class=\"elementor-widget-container\">\n\t\t\t\t\t\t\t\n          <p><strong>Det \u00e4r d\u00e4rf\u00f6r vi kan kalla 964 f\u00f6r &#8220;den f\u00f6rsta moderna 911:an&#8221; eftersom den var utrustad med ABS-bromsar, krockkuddar, omborddatorer och framf\u00f6r allt ett fyrhjulsdrivningssystem.<\/strong>  Men det \u00e4r inte allt: vissa versioner av 964 var utrustade med Tiptronic-automatisk v\u00e4xell\u00e5da, som kan betraktas som f\u00f6reg\u00e5ngaren till den numera popul\u00e4ra Porsche PDK-v\u00e4xell\u00e5dan.<\/p>\n        \t\t\t\t\t\t<\/div>\n\t\t\t\t<\/div>\n\t\t\t\t\t<\/div>\n\t\t<\/div>\n\t\t\t\t\t<\/div>\n\t\t<\/section>\n\t\t\t\t<section class=\"elementor-section elementor-top-section elementor-element elementor-element-74a5615 elementor-section-full_width elementor-section-height-default elementor-section-height-default\" data-id=\"74a5615\" data-element_type=\"section\">\n\t\t\t\t\t\t<div class=\"elementor-container elementor-column-gap-default\">\n\t\t\t\t\t<div class=\"elementor-column elementor-col-50 elementor-top-column elementor-element elementor-element-3a021c5\" data-id=\"3a021c5\" data-element_type=\"column\">\n\t\t\t<div class=\"elementor-widget-wrap elementor-element-populated\">\n\t\t\t\t\t\t<div class=\"elementor-element elementor-element-6802820 elementor-widget elementor-widget-image\" data-id=\"6802820\" data-element_type=\"widget\" data-widget_type=\"image.default\">\n\t\t\t\t<div class=\"elementor-widget-container\">\n\t\t\t\t\t\t\t\t\t\t\t\t\t<img loading=\"lazy\" decoding=\"async\" width=\"1024\" height=\"768\" src=\"https:\/\/pistonaddict.com\/wp-content\/uploads\/2022\/05\/porsche_911_carrera_4_coupe_us-spec_8.jpeg\" class=\"attachment-large size-large wp-image-539\" alt=\"\" srcset=\"https:\/\/pistonaddict.com\/wp-content\/uploads\/2022\/05\/porsche_911_carrera_4_coupe_us-spec_8.jpeg 1024w, https:\/\/pistonaddict.com\/wp-content\/uploads\/2022\/05\/porsche_911_carrera_4_coupe_us-spec_8-520x390.jpeg 520w, https:\/\/pistonaddict.com\/wp-content\/uploads\/2022\/05\/porsche_911_carrera_4_coupe_us-spec_8-600x450.jpeg 600w, https:\/\/pistonaddict.com\/wp-content\/uploads\/2022\/05\/porsche_911_carrera_4_coupe_us-spec_8-300x225.jpeg 300w, https:\/\/pistonaddict.com\/wp-content\/uploads\/2022\/05\/porsche_911_carrera_4_coupe_us-spec_8-768x576.jpeg 768w, https:\/\/pistonaddict.com\/wp-content\/uploads\/2022\/05\/porsche_911_carrera_4_coupe_us-spec_8-260x195.jpeg 260w\" sizes=\"(max-width: 1024px) 100vw, 1024px\" \/>\t\t\t\t\t\t\t\t\t\t\t\t\t<\/div>\n\t\t\t\t<\/div>\n\t\t\t\t\t<\/div>\n\t\t<\/div>\n\t\t\t\t<div class=\"elementor-column elementor-col-50 elementor-top-column elementor-element elementor-element-eeb7bd6\" data-id=\"eeb7bd6\" data-element_type=\"column\">\n\t\t\t<div class=\"elementor-widget-wrap elementor-element-populated\">\n\t\t\t\t\t\t<div class=\"elementor-element elementor-element-6a4c71b elementor-widget elementor-widget-text-editor\" data-id=\"6a4c71b\" data-element_type=\"widget\" data-widget_type=\"text-editor.default\">\n\t\t\t\t<div class=\"elementor-widget-container\">\n\t\t\t\t\t\t\t\n          <p>\n            <span class=\"VIiyi\" lang=\"fr\">\n              <span class=\"JLqJ4b ChMk0b\" data-language-for-alternatives=\"fr\" data-language-to-translate-into=\"en\" data-phrase-index=\"0\" data-number-of-phrases=\"1\">\n                <span class=\"Q4iAWc\">\u00c4ven om 964 bara tillverkades i fem \u00e5r f\u00f6r\u00e4ndrade den 911:s ber\u00e4ttelse i grunden, breddade dess talanger och presenterade den som en Gran Turismo-modell, inte bara som den snabba sportbil den var. alltid sommar.<\/span>\n              <\/span>\n            <\/span>\n          <\/p>\n        \t\t\t\t\t\t<\/div>\n\t\t\t\t<\/div>\n\t\t\t\t\t<\/div>\n\t\t<\/div>\n\t\t\t\t\t<\/div>\n\t\t<\/section>\n\t\t\t\t<section class=\"elementor-section elementor-top-section elementor-element elementor-element-a1901cb elementor-section-boxed elementor-section-height-default elementor-section-height-default\" data-id=\"a1901cb\" data-element_type=\"section\">\n\t\t\t\t\t\t<div class=\"elementor-container elementor-column-gap-default\">\n\t\t\t\t\t<div class=\"elementor-column elementor-col-100 elementor-top-column elementor-element elementor-element-11a6bfe\" data-id=\"11a6bfe\" data-element_type=\"column\">\n\t\t\t<div class=\"elementor-widget-wrap elementor-element-populated\">\n\t\t\t\t\t\t<div class=\"elementor-element elementor-element-bf944e8 elementor-widget elementor-widget-spacer\" data-id=\"bf944e8\" data-element_type=\"widget\" data-widget_type=\"spacer.default\">\n\t\t\t\t<div class=\"elementor-widget-container\">\n\t\t\t<style>\/*! elementor - v3.21.0 - 18-04-2024 *\/\n.elementor-column .elementor-spacer-inner{height:var(--spacer-size)}.e-con{--container-widget-width:100%}.e-con-inner>.elementor-widget-spacer,.e-con>.elementor-widget-spacer{width:var(--container-widget-width,var(--spacer-size));--align-self:var(--container-widget-align-self,initial);--flex-shrink:0}.e-con-inner>.elementor-widget-spacer>.elementor-widget-container,.e-con>.elementor-widget-spacer>.elementor-widget-container{height:100%;width:100%}.e-con-inner>.elementor-widget-spacer>.elementor-widget-container>.elementor-spacer,.e-con>.elementor-widget-spacer>.elementor-widget-container>.elementor-spacer{height:100%}.e-con-inner>.elementor-widget-spacer>.elementor-widget-container>.elementor-spacer>.elementor-spacer-inner,.e-con>.elementor-widget-spacer>.elementor-widget-container>.elementor-spacer>.elementor-spacer-inner{height:var(--container-widget-height,var(--spacer-size))}.e-con-inner>.elementor-widget-spacer.elementor-widget-empty,.e-con>.elementor-widget-spacer.elementor-widget-empty{position:relative;min-height:22px;min-width:22px}.e-con-inner>.elementor-widget-spacer.elementor-widget-empty .elementor-widget-empty-icon,.e-con>.elementor-widget-spacer.elementor-widget-empty .elementor-widget-empty-icon{position:absolute;top:0;bottom:0;left:0;right:0;margin:auto;padding:0;width:22px;height:22px}<\/style>\t\t<div class=\"elementor-spacer\">\n\t\t\t<div class=\"elementor-spacer-inner\"><\/div>\n\t\t<\/div>\n\t\t\t\t<\/div>\n\t\t\t\t<\/div>\n\t\t\t\t\t<\/div>\n\t\t<\/div>\n\t\t\t\t\t<\/div>\n\t\t<\/section>\n\t\t\t\t<section class=\"elementor-section elementor-top-section elementor-element elementor-element-6e1d431 elementor-section-full_width elementor-section-height-default elementor-section-height-default\" data-id=\"6e1d431\" data-element_type=\"section\">\n\t\t\t\t\t\t<div class=\"elementor-container elementor-column-gap-default\">\n\t\t\t\t\t<div class=\"elementor-column elementor-col-50 elementor-top-column elementor-element elementor-element-2c920f7\" data-id=\"2c920f7\" data-element_type=\"column\">\n\t\t\t<div class=\"elementor-widget-wrap elementor-element-populated\">\n\t\t\t\t\t\t<div class=\"elementor-element elementor-element-0bd0477 elementor-widget elementor-widget-text-editor\" data-id=\"0bd0477\" data-element_type=\"widget\" data-widget_type=\"text-editor.default\">\n\t\t\t\t<div class=\"elementor-widget-container\">\n\t\t\t\t\t\t\t\n          <h3>\n            <span class=\"VIiyi\" lang=\"fr\">\n              <span class=\"JLqJ4b ChMk0b\" data-language-for-alternatives=\"fr\" data-language-to-translate-into=\"en\" data-phrase-index=\"0\" data-number-of-phrases=\"1\">\n                <span class=\"Q4iAWc\">993-modellen (1994-1997)<\/span>\n              <\/span>\n            <\/span>\n          <\/h3>\n          <p>Konceptet med en mer f\u00f6rfinad, moderniserad och i slut\u00e4ndan b\u00e4ttre 911 som introducerades i 964:an fortsatte med 993-generationen. Den h\u00e4r eleganta modellen hade en helt ny exteri\u00f6r och var aerodynamiskt \u00f6verl\u00e4gsen, b\u00e4ttre utrustad och betydligt snabbare \u00e4n alla tidigare modeller. Den grundl\u00e4ggande konstruktionen har inte \u00e4ndrats mycket, men som med alla nya modeller har m\u00e5nga sm\u00e5 f\u00f6r\u00e4ndringar resulterat i b\u00e4ttre hantering, b\u00e4ttre bromsning och b\u00e4ttre total k\u00e4nsla i bilen.  <\/p>\n        \t\t\t\t\t\t<\/div>\n\t\t\t\t<\/div>\n\t\t\t\t\t<\/div>\n\t\t<\/div>\n\t\t\t\t<div class=\"elementor-column elementor-col-50 elementor-top-column elementor-element elementor-element-9c00d3b\" data-id=\"9c00d3b\" data-element_type=\"column\">\n\t\t\t<div class=\"elementor-widget-wrap elementor-element-populated\">\n\t\t\t\t\t\t<div class=\"elementor-element elementor-element-4f1b112 elementor-widget elementor-widget-image\" data-id=\"4f1b112\" data-element_type=\"widget\" data-widget_type=\"image.default\">\n\t\t\t\t<div class=\"elementor-widget-container\">\n\t\t\t\t\t\t\t\t\t\t\t\t\t<img loading=\"lazy\" decoding=\"async\" width=\"1024\" height=\"678\" src=\"https:\/\/pistonaddict.com\/wp-content\/uploads\/2022\/05\/porsche_911_carrera_3.6_coupe_3-1024x678.jpeg\" class=\"attachment-large size-large wp-image-540\" alt=\"\" srcset=\"https:\/\/pistonaddict.com\/wp-content\/uploads\/2022\/05\/porsche_911_carrera_3.6_coupe_3-1024x678.jpeg 1024w, https:\/\/pistonaddict.com\/wp-content\/uploads\/2022\/05\/porsche_911_carrera_3.6_coupe_3-600x397.jpeg 600w, https:\/\/pistonaddict.com\/wp-content\/uploads\/2022\/05\/porsche_911_carrera_3.6_coupe_3-300x199.jpeg 300w, https:\/\/pistonaddict.com\/wp-content\/uploads\/2022\/05\/porsche_911_carrera_3.6_coupe_3-768x509.jpeg 768w, https:\/\/pistonaddict.com\/wp-content\/uploads\/2022\/05\/porsche_911_carrera_3.6_coupe_3-1536x1017.jpeg 1536w, https:\/\/pistonaddict.com\/wp-content\/uploads\/2022\/05\/porsche_911_carrera_3.6_coupe_3.jpeg 2032w\" sizes=\"(max-width: 1024px) 100vw, 1024px\" \/>\t\t\t\t\t\t\t\t\t\t\t\t\t<\/div>\n\t\t\t\t<\/div>\n\t\t\t\t\t<\/div>\n\t\t<\/div>\n\t\t\t\t\t<\/div>\n\t\t<\/section>\n\t\t\t\t<section class=\"elementor-section elementor-top-section elementor-element elementor-element-b003cbe elementor-section-full_width elementor-section-height-default elementor-section-height-default\" data-id=\"b003cbe\" data-element_type=\"section\">\n\t\t\t\t\t\t<div class=\"elementor-container elementor-column-gap-default\">\n\t\t\t\t\t<div class=\"elementor-column elementor-col-100 elementor-top-column elementor-element elementor-element-a8e73aa\" data-id=\"a8e73aa\" data-element_type=\"column\">\n\t\t\t<div class=\"elementor-widget-wrap elementor-element-populated\">\n\t\t\t\t\t\t<div class=\"elementor-element elementor-element-0ae0d22 elementor-widget elementor-widget-text-editor\" data-id=\"0ae0d22\" data-element_type=\"widget\" data-widget_type=\"text-editor.default\">\n\t\t\t\t<div class=\"elementor-widget-container\">\n\t\t\t\t\t\t\t\n          <p><strong>Entusiaster betraktar 993 som den &#8220;sista riktiga 911:an&#8221; eftersom denna generation var den sista med luftkylda flat-six-motorer<\/strong>.<\/p>\n          <p>993-serien introducerade GT2-modellen, som var en av de mest extrema 911:or som n\u00e5gonsin byggts och en otroligt effektiv t\u00e4vlingsbil. Dessutom introducerades en ny Carrera 4S-version, som kombinerade fyrhjulsdriftsteknik med Turbo-utseende och suver\u00e4n k\u00f6rdynamik.<\/p>\n          <p> <\/p>\n        \t\t\t\t\t\t<\/div>\n\t\t\t\t<\/div>\n\t\t\t\t\t<\/div>\n\t\t<\/div>\n\t\t\t\t\t<\/div>\n\t\t<\/section>\n\t\t\t\t<section class=\"elementor-section elementor-top-section elementor-element elementor-element-c690f45 elementor-section-full_width elementor-section-height-default elementor-section-height-default\" data-id=\"c690f45\" data-element_type=\"section\">\n\t\t\t\t\t\t<div class=\"elementor-container elementor-column-gap-default\">\n\t\t\t\t\t<div class=\"elementor-column elementor-col-50 elementor-top-column elementor-element elementor-element-120e55e\" data-id=\"120e55e\" data-element_type=\"column\">\n\t\t\t<div class=\"elementor-widget-wrap elementor-element-populated\">\n\t\t\t\t\t\t<div class=\"elementor-element elementor-element-fcea41c elementor-widget elementor-widget-image\" data-id=\"fcea41c\" data-element_type=\"widget\" data-widget_type=\"image.default\">\n\t\t\t\t<div class=\"elementor-widget-container\">\n\t\t\t\t\t\t\t\t\t\t\t\t\t<img loading=\"lazy\" decoding=\"async\" width=\"1024\" height=\"766\" src=\"https:\/\/pistonaddict.com\/wp-content\/uploads\/2022\/05\/porsche_911_carrera_coupe_79-1024x766.jpg\" class=\"attachment-large size-large wp-image-518\" alt=\"\" srcset=\"https:\/\/pistonaddict.com\/wp-content\/uploads\/2022\/05\/porsche_911_carrera_coupe_79-1024x766.jpg 1024w, https:\/\/pistonaddict.com\/wp-content\/uploads\/2022\/05\/porsche_911_carrera_coupe_79-520x390.jpg 520w, https:\/\/pistonaddict.com\/wp-content\/uploads\/2022\/05\/porsche_911_carrera_coupe_79-600x449.jpg 600w, https:\/\/pistonaddict.com\/wp-content\/uploads\/2022\/05\/porsche_911_carrera_coupe_79-300x224.jpg 300w, https:\/\/pistonaddict.com\/wp-content\/uploads\/2022\/05\/porsche_911_carrera_coupe_79-768x575.jpg 768w, https:\/\/pistonaddict.com\/wp-content\/uploads\/2022\/05\/porsche_911_carrera_coupe_79-1536x1149.jpg 1536w, https:\/\/pistonaddict.com\/wp-content\/uploads\/2022\/05\/porsche_911_carrera_coupe_79-2048x1532.jpg 2048w, https:\/\/pistonaddict.com\/wp-content\/uploads\/2022\/05\/porsche_911_carrera_coupe_79-260x195.jpg 260w\" sizes=\"(max-width: 1024px) 100vw, 1024px\" \/>\t\t\t\t\t\t\t\t\t\t\t\t\t<\/div>\n\t\t\t\t<\/div>\n\t\t\t\t\t<\/div>\n\t\t<\/div>\n\t\t\t\t<div class=\"elementor-column elementor-col-50 elementor-top-column elementor-element elementor-element-028d4d2\" data-id=\"028d4d2\" data-element_type=\"column\">\n\t\t\t<div class=\"elementor-widget-wrap elementor-element-populated\">\n\t\t\t\t\t\t<div class=\"elementor-element elementor-element-2957a8c elementor-widget elementor-widget-text-editor\" data-id=\"2957a8c\" data-element_type=\"widget\" data-widget_type=\"text-editor.default\">\n\t\t\t\t<div class=\"elementor-widget-container\">\n\t\t\t\t\t\t\t\n          <h3>\n            <span class=\"VIiyi\" lang=\"fr\">\n              <span class=\"JLqJ4b ChMk0b\" data-language-for-alternatives=\"fr\" data-language-to-translate-into=\"en\" data-phrase-index=\"0\" data-number-of-phrases=\"1\">\n                <span class=\"Q4iAWc\">996-modellen (1997 till 2004)<\/span>\n              <\/span>\n            <\/span>\n          <\/h3>\n          <p>996-generationen var f\u00f6rmodligen den mest kontroversiella 911 som n\u00e5gonsin tillverkats. Vissa ber\u00f6mde den, men Porsche-purister avf\u00e4rdade den n\u00e4r den introducerades. Designen ans\u00e5gs vara alltf\u00f6r lik en billigare och mindre Boxster. <strong>Recensenterna h\u00e4vdade att bilen saknade k\u00e4nslan av en \u00e4ldre 911 eftersom den nu byggdes av robotar p\u00e5 det helautomatiska monteringsbandet<\/strong>.  <\/p>\n        \t\t\t\t\t\t<\/div>\n\t\t\t\t<\/div>\n\t\t\t\t\t<\/div>\n\t\t<\/div>\n\t\t\t\t\t<\/div>\n\t\t<\/section>\n\t\t\t\t<section class=\"elementor-section elementor-top-section elementor-element elementor-element-40aae3f elementor-section-full_width elementor-section-height-default elementor-section-height-default\" data-id=\"40aae3f\" data-element_type=\"section\">\n\t\t\t\t\t\t<div class=\"elementor-container elementor-column-gap-default\">\n\t\t\t\t\t<div class=\"elementor-column elementor-col-100 elementor-top-column elementor-element elementor-element-293a719\" data-id=\"293a719\" data-element_type=\"column\">\n\t\t\t<div class=\"elementor-widget-wrap elementor-element-populated\">\n\t\t\t\t\t\t<div class=\"elementor-element elementor-element-a170562 elementor-widget elementor-widget-text-editor\" data-id=\"a170562\" data-element_type=\"widget\" data-widget_type=\"text-editor.default\">\n\t\t\t\t<div class=\"elementor-widget-container\">\n\t\t\t\t\t\t\t\n          <p>Men det viktigaste var motorn. \u00c4ven om det var samma flat-six-konfiguration var den vattenkyld, vilket var n\u00f6dv\u00e4ndigt f\u00f6r att f\u00e5 mer effekt och uppfylla utsl\u00e4ppsnormerna.<\/p>\n          <p>\n            <span class=\"VIiyi\" lang=\"fr\"><span class=\"JLqJ4b ChMk0b\" data-language-for-alternatives=\"fr\" data-language-to-translate-into=\"en\" data-phrase-index=\"0\" data-number-of-phrases=\"2\"><span class=\"Q4iAWc\">Oavsett de f\u00f6rsta recensionerna visade sig 996-generationen vara en v\u00e4rdig efterf\u00f6ljare.<\/span><\/span> <span class=\"JLqJ4b ChMk0b\" data-language-for-alternatives=\"fr\" data-language-to-translate-into=\"en\" data-phrase-index=\"1\" data-number-of-phrases=\"2\"><span class=\"Q4iAWc\">Den introducerade ny teknik i 911-familjen, som s\u00e5lde i anm\u00e4rkningsv\u00e4rda m\u00e4ngder, och f\u00f6rde in det legendariska GT3-namnet i sortimentet tillsammans med en annan GT2-modell som den b\u00e4sta 911-modellen.<\/span><\/span><\/span>\n          <\/p>\n          <p> <\/p>\n        \t\t\t\t\t\t<\/div>\n\t\t\t\t<\/div>\n\t\t\t\t\t<\/div>\n\t\t<\/div>\n\t\t\t\t\t<\/div>\n\t\t<\/section>\n\t\t\t\t<section class=\"elementor-section elementor-top-section elementor-element elementor-element-3a9fdc6 elementor-section-full_width elementor-section-height-default elementor-section-height-default\" data-id=\"3a9fdc6\" data-element_type=\"section\">\n\t\t\t\t\t\t<div class=\"elementor-container elementor-column-gap-default\">\n\t\t\t\t\t<div class=\"elementor-column elementor-col-50 elementor-top-column elementor-element elementor-element-01dd7fa\" data-id=\"01dd7fa\" data-element_type=\"column\">\n\t\t\t<div class=\"elementor-widget-wrap elementor-element-populated\">\n\t\t\t\t\t\t<div class=\"elementor-element elementor-element-0bccabf elementor-widget elementor-widget-text-editor\" data-id=\"0bccabf\" data-element_type=\"widget\" data-widget_type=\"text-editor.default\">\n\t\t\t\t<div class=\"elementor-widget-container\">\n\t\t\t\t\t\t\t\n          <h3>997-modellen (2004 till 2011)<\/h3>\n          <p><strong>Med en mer balanserad design, en ny generation motorer och modern teknik var 997 ett nytt steg i 911-sagan<\/strong>. I 997-eran introducerades Porsches dubbelkopplade PDK-v\u00e4xell\u00e5da, som nu \u00e4r ett f\u00f6redraget val i hela sortimentet. Som v\u00e4ntat satte 997:an \u00e4nnu h\u00f6gre standarder n\u00e4r det g\u00e4ller k\u00f6rk\u00e4nsla, kraft och prestanda.<\/p>\n        \t\t\t\t\t\t<\/div>\n\t\t\t\t<\/div>\n\t\t\t\t\t<\/div>\n\t\t<\/div>\n\t\t\t\t<div class=\"elementor-column elementor-col-50 elementor-top-column elementor-element elementor-element-a205942\" data-id=\"a205942\" data-element_type=\"column\">\n\t\t\t<div class=\"elementor-widget-wrap elementor-element-populated\">\n\t\t\t\t\t\t<div class=\"elementor-element elementor-element-930f6b9 elementor-widget elementor-widget-image\" data-id=\"930f6b9\" data-element_type=\"widget\" data-widget_type=\"image.default\">\n\t\t\t\t<div class=\"elementor-widget-container\">\n\t\t\t\t\t\t\t\t\t\t\t\t\t<img loading=\"lazy\" decoding=\"async\" width=\"1024\" height=\"768\" src=\"https:\/\/pistonaddict.com\/wp-content\/uploads\/2022\/05\/porsche_911_carrera_31-1024x768.jpg\" class=\"attachment-large size-large wp-image-548\" alt=\"\" srcset=\"https:\/\/pistonaddict.com\/wp-content\/uploads\/2022\/05\/porsche_911_carrera_31-1024x768.jpg 1024w, https:\/\/pistonaddict.com\/wp-content\/uploads\/2022\/05\/porsche_911_carrera_31-520x390.jpg 520w, https:\/\/pistonaddict.com\/wp-content\/uploads\/2022\/05\/porsche_911_carrera_31-600x450.jpg 600w, https:\/\/pistonaddict.com\/wp-content\/uploads\/2022\/05\/porsche_911_carrera_31-300x225.jpg 300w, https:\/\/pistonaddict.com\/wp-content\/uploads\/2022\/05\/porsche_911_carrera_31-768x576.jpg 768w, https:\/\/pistonaddict.com\/wp-content\/uploads\/2022\/05\/porsche_911_carrera_31-1536x1152.jpg 1536w, https:\/\/pistonaddict.com\/wp-content\/uploads\/2022\/05\/porsche_911_carrera_31-260x195.jpg 260w, https:\/\/pistonaddict.com\/wp-content\/uploads\/2022\/05\/porsche_911_carrera_31.jpg 2048w\" sizes=\"(max-width: 1024px) 100vw, 1024px\" \/>\t\t\t\t\t\t\t\t\t\t\t\t\t<\/div>\n\t\t\t\t<\/div>\n\t\t\t\t\t<\/div>\n\t\t<\/div>\n\t\t\t\t\t<\/div>\n\t\t<\/section>\n\t\t\t\t<section class=\"elementor-section elementor-top-section elementor-element elementor-element-0483dec elementor-section-full_width elementor-section-height-default elementor-section-height-default\" data-id=\"0483dec\" data-element_type=\"section\">\n\t\t\t\t\t\t<div class=\"elementor-container elementor-column-gap-default\">\n\t\t\t\t\t<div class=\"elementor-column elementor-col-100 elementor-top-column elementor-element elementor-element-bfa3002\" data-id=\"bfa3002\" data-element_type=\"column\">\n\t\t\t<div class=\"elementor-widget-wrap elementor-element-populated\">\n\t\t\t\t\t\t<div class=\"elementor-element elementor-element-51f1a10 elementor-widget elementor-widget-text-editor\" data-id=\"51f1a10\" data-element_type=\"widget\" data-widget_type=\"text-editor.default\">\n\t\t\t\t<div class=\"elementor-widget-container\">\n\t\t\t\t\t\t\t\n          <p>\n            <span class=\"VIiyi\" lang=\"fr\"><span class=\"JLqJ4b ChMk0b\" data-language-for-alternatives=\"fr\" data-language-to-translate-into=\"en\" data-phrase-index=\"0\" data-number-of-phrases=\"2\">\n  <span class=\"Q4iAWc\"><strong>F\u00f6r sanna k\u00f6rentusiaster fortsatte GT-serien med GT2 och GT3, som ans\u00e5gs vara de finaste k\u00f6rinstrumenten som fanns tillg\u00e4ngliga<\/strong>.<\/span>\n<\/span> <span class=\"JLqJ4b ChMk0b\" data-language-for-alternatives=\"fr\" data-language-to-translate-into=\"en\" data-phrase-index=\"1\" data-number-of-phrases=\"2\">\n  <span class=\"Q4iAWc\">Naturligtvis fanns den m\u00e4ktiga Turbo kvar i sortimentet, men GT3 4.0 RS, med sin skr\u00e4ddarsydda motor och revolutionerande teknik, \u00e4r den mest eftertraktade modellen i 997-serien.<\/span>\n<\/span><\/span>\n          <\/p>\n          <p> <\/p>\n        \t\t\t\t\t\t<\/div>\n\t\t\t\t<\/div>\n\t\t\t\t\t<\/div>\n\t\t<\/div>\n\t\t\t\t\t<\/div>\n\t\t<\/section>\n\t\t\t\t<section class=\"elementor-section elementor-top-section elementor-element elementor-element-05703c6 elementor-section-full_width elementor-section-height-default elementor-section-height-default\" data-id=\"05703c6\" data-element_type=\"section\">\n\t\t\t\t\t\t<div class=\"elementor-container elementor-column-gap-default\">\n\t\t\t\t\t<div class=\"elementor-column elementor-col-50 elementor-top-column elementor-element elementor-element-5e715dd\" data-id=\"5e715dd\" data-element_type=\"column\">\n\t\t\t<div class=\"elementor-widget-wrap elementor-element-populated\">\n\t\t\t\t\t\t<div class=\"elementor-element elementor-element-9bf5b85 elementor-widget elementor-widget-image\" data-id=\"9bf5b85\" data-element_type=\"widget\" data-widget_type=\"image.default\">\n\t\t\t\t<div class=\"elementor-widget-container\">\n\t\t\t\t\t\t\t\t\t\t\t\t\t<img loading=\"lazy\" decoding=\"async\" width=\"1024\" height=\"768\" src=\"https:\/\/pistonaddict.com\/wp-content\/uploads\/2022\/05\/porsche_911_carrera_4s_coupe_945-1024x768.jpg\" class=\"attachment-large size-large wp-image-552\" alt=\"\" srcset=\"https:\/\/pistonaddict.com\/wp-content\/uploads\/2022\/05\/porsche_911_carrera_4s_coupe_945-1024x768.jpg 1024w, https:\/\/pistonaddict.com\/wp-content\/uploads\/2022\/05\/porsche_911_carrera_4s_coupe_945-520x390.jpg 520w, https:\/\/pistonaddict.com\/wp-content\/uploads\/2022\/05\/porsche_911_carrera_4s_coupe_945-600x450.jpg 600w, https:\/\/pistonaddict.com\/wp-content\/uploads\/2022\/05\/porsche_911_carrera_4s_coupe_945-300x225.jpg 300w, https:\/\/pistonaddict.com\/wp-content\/uploads\/2022\/05\/porsche_911_carrera_4s_coupe_945-768x576.jpg 768w, https:\/\/pistonaddict.com\/wp-content\/uploads\/2022\/05\/porsche_911_carrera_4s_coupe_945-1536x1152.jpg 1536w, https:\/\/pistonaddict.com\/wp-content\/uploads\/2022\/05\/porsche_911_carrera_4s_coupe_945-260x195.jpg 260w, https:\/\/pistonaddict.com\/wp-content\/uploads\/2022\/05\/porsche_911_carrera_4s_coupe_945.jpg 2048w\" sizes=\"(max-width: 1024px) 100vw, 1024px\" \/>\t\t\t\t\t\t\t\t\t\t\t\t\t<\/div>\n\t\t\t\t<\/div>\n\t\t\t\t\t<\/div>\n\t\t<\/div>\n\t\t\t\t<div class=\"elementor-column elementor-col-50 elementor-top-column elementor-element elementor-element-586282a\" data-id=\"586282a\" data-element_type=\"column\">\n\t\t\t<div class=\"elementor-widget-wrap elementor-element-populated\">\n\t\t\t\t\t\t<div class=\"elementor-element elementor-element-e121cb5 elementor-widget elementor-widget-text-editor\" data-id=\"e121cb5\" data-element_type=\"widget\" data-widget_type=\"text-editor.default\">\n\t\t\t\t<div class=\"elementor-widget-container\">\n\t\t\t\t\t\t\t\n          <h3>\n            <span class=\"VIiyi\" lang=\"fr\">\n              <span class=\"JLqJ4b ChMk0b\" data-language-for-alternatives=\"fr\" data-language-to-translate-into=\"en\" data-phrase-index=\"0\" data-number-of-phrases=\"1\">\n                <span class=\"Q4iAWc\">991-modellen (2011 till 2018)<\/span>\n              <\/span>\n            <\/span>\n          <\/h3>\n          <p>991-modellen k\u00e4nnetecknas av en magnifik design och andra f\u00f6rb\u00e4ttringar inom teknik och konstruktion.  <strong>Men trots att den s\u00e5g bra, snabb och extremt kapabel ut, hade Porsche-troende fortfarande en del kritik riktad mot den nya elektriska servostyrningen.<\/strong>  Den kanske inte har samma k\u00e4nsla som en \u00e4ldre hydraulisk enhet, men den ger mycket snabbare kurvtagning och f\u00f6rb\u00e4ttrad k\u00f6rdynamik.<\/p>\n        \t\t\t\t\t\t<\/div>\n\t\t\t\t<\/div>\n\t\t\t\t\t<\/div>\n\t\t<\/div>\n\t\t\t\t\t<\/div>\n\t\t<\/section>\n\t\t\t\t<section class=\"elementor-section elementor-top-section elementor-element elementor-element-c48152a elementor-section-full_width elementor-section-height-default elementor-section-height-default\" data-id=\"c48152a\" data-element_type=\"section\">\n\t\t\t\t\t\t<div class=\"elementor-container elementor-column-gap-default\">\n\t\t\t\t\t<div class=\"elementor-column elementor-col-100 elementor-top-column elementor-element elementor-element-6840670\" data-id=\"6840670\" data-element_type=\"column\">\n\t\t\t<div class=\"elementor-widget-wrap elementor-element-populated\">\n\t\t\t\t\t\t<div class=\"elementor-element elementor-element-82c4640 elementor-widget elementor-widget-text-editor\" data-id=\"82c4640\" data-element_type=\"widget\" data-widget_type=\"text-editor.default\">\n\t\t\t\t<div class=\"elementor-widget-container\">\n\t\t\t\t\t\t\t\n          <p>\n            <span class=\"VIiyi\" lang=\"fr\">\n              <span class=\"JLqJ4b ChMk0b\" data-language-for-alternatives=\"fr\" data-language-to-translate-into=\"en\" data-phrase-index=\"1\" data-number-of-phrases=\"2\">\n                <span class=\"Q4iAWc\">Den sublima GT-serien fortsatte med en vansinnigt snabb GT2, och GT3- och Targa-modellerna \u00e5terkom med ett extremt coolt nedf\u00e4llbart tak som \u00e4r fascinerande att titta p\u00e5.<\/span>\n              <\/span>\n            <\/span>\n          <\/p>\n          <p> <\/p>\n        \t\t\t\t\t\t<\/div>\n\t\t\t\t<\/div>\n\t\t\t\t\t<\/div>\n\t\t<\/div>\n\t\t\t\t\t<\/div>\n\t\t<\/section>\n\t\t\t\t<section class=\"elementor-section elementor-top-section elementor-element elementor-element-32609bd elementor-section-full_width elementor-section-height-default elementor-section-height-default\" data-id=\"32609bd\" data-element_type=\"section\">\n\t\t\t\t\t\t<div class=\"elementor-container elementor-column-gap-default\">\n\t\t\t\t\t<div class=\"elementor-column elementor-col-50 elementor-top-column elementor-element elementor-element-de8d465\" data-id=\"de8d465\" data-element_type=\"column\">\n\t\t\t<div class=\"elementor-widget-wrap elementor-element-populated\">\n\t\t\t\t\t\t<div class=\"elementor-element elementor-element-d285d6f elementor-widget elementor-widget-text-editor\" data-id=\"d285d6f\" data-element_type=\"widget\" data-widget_type=\"text-editor.default\">\n\t\t\t\t<div class=\"elementor-widget-container\">\n\t\t\t\t\t\t\t\n          <h3>\n            <span class=\"VIiyi\" lang=\"fr\">\n              <span class=\"JLqJ4b ChMk0b\" data-language-for-alternatives=\"fr\" data-language-to-translate-into=\"en\" data-phrase-index=\"0\" data-number-of-phrases=\"1\">\n                <span class=\"Q4iAWc\">992-modellen (fr\u00e5n 2018 till idag)<\/span>\n              <\/span>\n            <\/span>\n          <\/h3>\n          <p>Avancerad, snabbare, st\u00f6rre och mer kapabel, det \u00e4r vad vi skulle kunna beskriva 992-generationen i ett n\u00f6tskal.  <strong>Den \u00e5ttonde inkarnationen av detta legendariska namn gav oss turboteknik i hela sortimentet utan n\u00e5gra sugmotorer, ny fj\u00e4dring, bredare sp\u00e5r och en f\u00f6rb\u00e4ttrad design.<\/strong> <\/p>\n        \t\t\t\t\t\t<\/div>\n\t\t\t\t<\/div>\n\t\t\t\t\t<\/div>\n\t\t<\/div>\n\t\t\t\t<div class=\"elementor-column elementor-col-50 elementor-top-column elementor-element elementor-element-280533c\" data-id=\"280533c\" data-element_type=\"column\">\n\t\t\t<div class=\"elementor-widget-wrap elementor-element-populated\">\n\t\t\t\t\t\t<div class=\"elementor-element elementor-element-bd85bcd elementor-widget elementor-widget-image\" data-id=\"bd85bcd\" data-element_type=\"widget\" data-widget_type=\"image.default\">\n\t\t\t\t<div class=\"elementor-widget-container\">\n\t\t\t\t\t\t\t\t\t\t\t\t\t<img loading=\"lazy\" decoding=\"async\" width=\"1024\" height=\"681\" src=\"https:\/\/pistonaddict.com\/wp-content\/uploads\/2022\/05\/porsche_911_carrera_4s_4594-1024x681.jpg\" class=\"attachment-large size-large wp-image-553\" alt=\"\" srcset=\"https:\/\/pistonaddict.com\/wp-content\/uploads\/2022\/05\/porsche_911_carrera_4s_4594-1024x681.jpg 1024w, https:\/\/pistonaddict.com\/wp-content\/uploads\/2022\/05\/porsche_911_carrera_4s_4594-600x399.jpg 600w, https:\/\/pistonaddict.com\/wp-content\/uploads\/2022\/05\/porsche_911_carrera_4s_4594-300x199.jpg 300w, https:\/\/pistonaddict.com\/wp-content\/uploads\/2022\/05\/porsche_911_carrera_4s_4594-768x510.jpg 768w, https:\/\/pistonaddict.com\/wp-content\/uploads\/2022\/05\/porsche_911_carrera_4s_4594-1536x1021.jpg 1536w, https:\/\/pistonaddict.com\/wp-content\/uploads\/2022\/05\/porsche_911_carrera_4s_4594.jpg 2013w\" sizes=\"(max-width: 1024px) 100vw, 1024px\" \/>\t\t\t\t\t\t\t\t\t\t\t\t\t<\/div>\n\t\t\t\t<\/div>\n\t\t\t\t\t<\/div>\n\t\t<\/div>\n\t\t\t\t\t<\/div>\n\t\t<\/section>\n\t\t\t\t<section class=\"elementor-section elementor-top-section elementor-element elementor-element-a038948 elementor-section-full_width elementor-section-height-default elementor-section-height-default\" data-id=\"a038948\" data-element_type=\"section\">\n\t\t\t\t\t\t<div class=\"elementor-container elementor-column-gap-default\">\n\t\t\t\t\t<div class=\"elementor-column elementor-col-100 elementor-top-column elementor-element elementor-element-7b3eccf\" data-id=\"7b3eccf\" data-element_type=\"column\">\n\t\t\t<div class=\"elementor-widget-wrap elementor-element-populated\">\n\t\t\t\t\t\t<div class=\"elementor-element elementor-element-923424b elementor-widget elementor-widget-text-editor\" data-id=\"923424b\" data-element_type=\"widget\" data-widget_type=\"text-editor.default\">\n\t\t\t\t<div class=\"elementor-widget-container\">\n\t\t\t\t\t\t\t\n          <p>Porsche-extremister kan tycka att dessa funktioner \u00e4r en f\u00f6rol\u00e4mpning mot det ursprungliga konceptet, men Porsche \u00e4r v\u00e4l medveten om hur viktig den h\u00e4r modellen \u00e4r och utvecklar den i enlighet med detta.<\/p>\n          <p>\n            <span class=\"VIiyi\" lang=\"fr\">\n              <span class=\"JLqJ4b ChMk0b\" data-language-for-alternatives=\"fr\" data-language-to-translate-into=\"en\" data-phrase-index=\"1\" data-number-of-phrases=\"2\">\n                <span class=\"Q4iAWc\">Med detta sagt \u00e4r vi \u00f6vertygade om att <strong>Porsche kommer att lansera unika modeller och versioner n\u00e4sta \u00e5r f\u00f6r att fira modellens 70-\u00e5rsjubileum<\/strong> och dess otroliga resa.<\/span>\n              <\/span>\n            <\/span>\n          <\/p>\n        \t\t\t\t\t\t<\/div>\n\t\t\t\t<\/div>\n\t\t\t\t\t<\/div>\n\t\t<\/div>\n\t\t\t\t\t<\/div>\n\t\t<\/section>\n\t\t\t\t<section class=\"elementor-section elementor-top-section elementor-element elementor-element-f78ca03 elementor-section-boxed elementor-section-height-default elementor-section-height-default\" data-id=\"f78ca03\" data-element_type=\"section\">\n\t\t\t\t\t\t<div class=\"elementor-container elementor-column-gap-default\">\n\t\t\t\t\t<div class=\"elementor-column elementor-col-100 elementor-top-column elementor-element elementor-element-05a301c\" data-id=\"05a301c\" data-element_type=\"column\">\n\t\t\t<div class=\"elementor-widget-wrap elementor-element-populated\">\n\t\t\t\t\t\t<div class=\"elementor-element elementor-element-2af064d elementor-widget elementor-widget-text-editor\" data-id=\"2af064d\" data-element_type=\"widget\" data-widget_type=\"text-editor.default\">\n\t\t\t\t<div class=\"elementor-widget-container\">\n\t\t\t\t\t\t\t<h3><a href=\"https:\/\/pistonaddict.com\/auctions-listing\/\"><strong>Kolla de aktuella auktionerna om Porsche 911<\/strong><\/a><\/h3>\n\t\t\t\t\t\t<\/div>\n\t\t\t\t<\/div>\n\t\t\t\t\t<\/div>\n\t\t<\/div>\n\t\t\t\t\t<\/div>\n\t\t<\/section>\n\t\t\t\t<\/div>\n\t\t","protected":false},"excerpt":{"rendered":"<p>Det finns framg\u00e5ngsrika modeller i sportbilsv\u00e4rlden, och det finns Porsche 911. I n\u00e4stan sju decennier och med \u00f6ver en miljon s\u00e5lda exemplar.<\/p>\n","protected":false},"author":1,"featured_media":1479,"comment_status":"closed","ping_status":"closed","sticky":false,"template":"","format":"standard","meta":{"inline_featured_image":false,"footnotes":""},"categories":[50],"tags":[],"acf":[],"yoast_head":"<!-- This site is optimized with the Yoast SEO plugin v22.5 - https:\/\/yoast.com\/wordpress\/plugins\/seo\/ -->\n<title>Porsche 911 till salu - Piston Addict<\/title>\n<meta name=\"description\" content=\"Allt du beh\u00f6ver veta om Porsche 911, \u00e5r efter \u00e5r. Se alla Porsche 911 bilauktioner p\u00e5 PistonAddict.com.\" \/>\n<meta name=\"robots\" content=\"index, follow, max-snippet:-1, max-image-preview:large, max-video-preview:-1\" \/>\n<link rel=\"canonical\" href=\"https:\/\/pistonaddict.com\/sv\/porsche-911-till-salu\/\" \/>\n<meta property=\"og:locale\" content=\"sv_SE\" \/>\n<meta property=\"og:type\" content=\"article\" \/>\n<meta property=\"og:title\" content=\"Porsche 911 till salu - Piston Addict\" \/>\n<meta property=\"og:description\" content=\"Allt du beh\u00f6ver veta om Porsche 911, \u00e5r efter \u00e5r. Se alla Porsche 911 bilauktioner p\u00e5 PistonAddict.com.\" \/>\n<meta property=\"og:url\" content=\"https:\/\/pistonaddict.com\/sv\/porsche-911-till-salu\/\" \/>\n<meta property=\"og:site_name\" content=\"Piston Addict\" \/>\n<meta property=\"article:published_time\" content=\"2022-05-02T11:16:24+00:00\" \/>\n<meta property=\"article:modified_time\" content=\"2023-05-17T09:09:09+00:00\" \/>\n<meta property=\"og:image\" content=\"https:\/\/pistonaddict.com\/wp-content\/uploads\/2022\/05\/porsche_911_carrera_coupe_79.jpg\" \/>\n\t<meta property=\"og:image:width\" content=\"2550\" \/>\n\t<meta property=\"og:image:height\" content=\"1908\" \/>\n\t<meta property=\"og:image:type\" content=\"image\/jpeg\" \/>\n<meta name=\"author\" content=\"mathieu_kubiweb\" \/>\n<meta name=\"twitter:card\" content=\"summary_large_image\" \/>\n<meta name=\"twitter:label1\" content=\"Skriven av\" \/>\n\t<meta name=\"twitter:data1\" content=\"mathieu_kubiweb\" \/>\n\t<meta name=\"twitter:label2\" content=\"Ber\u00e4knad l\u00e4stid\" \/>\n\t<meta name=\"twitter:data2\" content=\"7 minuter\" \/>\n<script type=\"application\/ld+json\" class=\"yoast-schema-graph\">{\"@context\":\"https:\/\/schema.org\",\"@graph\":[{\"@type\":\"Article\",\"@id\":\"https:\/\/pistonaddict.com\/sv\/porsche-911-till-salu\/#article\",\"isPartOf\":{\"@id\":\"https:\/\/pistonaddict.com\/sv\/porsche-911-till-salu\/\"},\"author\":{\"name\":\"mathieu_kubiweb\",\"@id\":\"https:\/\/pistonaddict.com\/sv\/#\/schema\/person\/d4fe5a0ced92ae7c6a7c508ba01ca6f4\"},\"headline\":\"Porsche 911 till salu\",\"datePublished\":\"2022-05-02T11:16:24+00:00\",\"dateModified\":\"2023-05-17T09:09:09+00:00\",\"mainEntityOfPage\":{\"@id\":\"https:\/\/pistonaddict.com\/sv\/porsche-911-till-salu\/\"},\"wordCount\":1380,\"publisher\":{\"@id\":\"https:\/\/pistonaddict.com\/sv\/#organization\"},\"image\":{\"@id\":\"https:\/\/pistonaddict.com\/sv\/porsche-911-till-salu\/#primaryimage\"},\"thumbnailUrl\":\"https:\/\/pistonaddict.com\/wp-content\/uploads\/2022\/05\/porsche_911_carrera_coupe_79.jpg\",\"articleSection\":[\"Okategoriserad\"],\"inLanguage\":\"sv-SE\"},{\"@type\":\"WebPage\",\"@id\":\"https:\/\/pistonaddict.com\/sv\/porsche-911-till-salu\/\",\"url\":\"https:\/\/pistonaddict.com\/sv\/porsche-911-till-salu\/\",\"name\":\"Porsche 911 till salu - Piston Addict\",\"isPartOf\":{\"@id\":\"https:\/\/pistonaddict.com\/sv\/#website\"},\"primaryImageOfPage\":{\"@id\":\"https:\/\/pistonaddict.com\/sv\/porsche-911-till-salu\/#primaryimage\"},\"image\":{\"@id\":\"https:\/\/pistonaddict.com\/sv\/porsche-911-till-salu\/#primaryimage\"},\"thumbnailUrl\":\"https:\/\/pistonaddict.com\/wp-content\/uploads\/2022\/05\/porsche_911_carrera_coupe_79.jpg\",\"datePublished\":\"2022-05-02T11:16:24+00:00\",\"dateModified\":\"2023-05-17T09:09:09+00:00\",\"description\":\"Allt du beh\u00f6ver veta om Porsche 911, \u00e5r efter \u00e5r. Se alla Porsche 911 bilauktioner p\u00e5 PistonAddict.com.\",\"breadcrumb\":{\"@id\":\"https:\/\/pistonaddict.com\/sv\/porsche-911-till-salu\/#breadcrumb\"},\"inLanguage\":\"sv-SE\",\"potentialAction\":[{\"@type\":\"ReadAction\",\"target\":[\"https:\/\/pistonaddict.com\/sv\/porsche-911-till-salu\/\"]}]},{\"@type\":\"ImageObject\",\"inLanguage\":\"sv-SE\",\"@id\":\"https:\/\/pistonaddict.com\/sv\/porsche-911-till-salu\/#primaryimage\",\"url\":\"https:\/\/pistonaddict.com\/wp-content\/uploads\/2022\/05\/porsche_911_carrera_coupe_79.jpg\",\"contentUrl\":\"https:\/\/pistonaddict.com\/wp-content\/uploads\/2022\/05\/porsche_911_carrera_coupe_79.jpg\",\"width\":2550,\"height\":1908},{\"@type\":\"BreadcrumbList\",\"@id\":\"https:\/\/pistonaddict.com\/sv\/porsche-911-till-salu\/#breadcrumb\",\"itemListElement\":[{\"@type\":\"ListItem\",\"position\":1,\"name\":\"Hemsida\",\"item\":\"https:\/\/pistonaddict.com\/sv\/hemsidan\/\"},{\"@type\":\"ListItem\",\"position\":2,\"name\":\"Porsche 911 till salu\"}]},{\"@type\":\"WebSite\",\"@id\":\"https:\/\/pistonaddict.com\/sv\/#website\",\"url\":\"https:\/\/pistonaddict.com\/sv\/\",\"name\":\"Piston Addict\",\"description\":\"Only interesting vehicles\",\"publisher\":{\"@id\":\"https:\/\/pistonaddict.com\/sv\/#organization\"},\"potentialAction\":[{\"@type\":\"SearchAction\",\"target\":{\"@type\":\"EntryPoint\",\"urlTemplate\":\"https:\/\/pistonaddict.com\/sv\/?s={search_term_string}\"},\"query-input\":\"required name=search_term_string\"}],\"inLanguage\":\"sv-SE\"},{\"@type\":\"Organization\",\"@id\":\"https:\/\/pistonaddict.com\/sv\/#organization\",\"name\":\"Piston Addict\",\"url\":\"https:\/\/pistonaddict.com\/sv\/\",\"logo\":{\"@type\":\"ImageObject\",\"inLanguage\":\"sv-SE\",\"@id\":\"https:\/\/pistonaddict.com\/sv\/#\/schema\/logo\/image\/\",\"url\":\"https:\/\/pistonaddict.com\/wp-content\/uploads\/2022\/07\/logo-6.png\",\"contentUrl\":\"https:\/\/pistonaddict.com\/wp-content\/uploads\/2022\/07\/logo-6.png\",\"width\":970,\"height\":200,\"caption\":\"Piston Addict\"},\"image\":{\"@id\":\"https:\/\/pistonaddict.com\/sv\/#\/schema\/logo\/image\/\"}},{\"@type\":\"Person\",\"@id\":\"https:\/\/pistonaddict.com\/sv\/#\/schema\/person\/d4fe5a0ced92ae7c6a7c508ba01ca6f4\",\"name\":\"mathieu_kubiweb\",\"sameAs\":[\"https:\/\/pistonaddict.com\"],\"url\":\"https:\/\/pistonaddict.com\/sv\/author\/mathieu_kubiweb\/\"}]}<\/script>\n<!-- \/ Yoast SEO plugin. -->","yoast_head_json":{"title":"Porsche 911 till salu - Piston Addict","description":"Allt du beh\u00f6ver veta om Porsche 911, \u00e5r efter \u00e5r. Se alla Porsche 911 bilauktioner p\u00e5 PistonAddict.com.","robots":{"index":"index","follow":"follow","max-snippet":"max-snippet:-1","max-image-preview":"max-image-preview:large","max-video-preview":"max-video-preview:-1"},"canonical":"https:\/\/pistonaddict.com\/sv\/porsche-911-till-salu\/","og_locale":"sv_SE","og_type":"article","og_title":"Porsche 911 till salu - Piston Addict","og_description":"Allt du beh\u00f6ver veta om Porsche 911, \u00e5r efter \u00e5r. Se alla Porsche 911 bilauktioner p\u00e5 PistonAddict.com.","og_url":"https:\/\/pistonaddict.com\/sv\/porsche-911-till-salu\/","og_site_name":"Piston Addict","article_published_time":"2022-05-02T11:16:24+00:00","article_modified_time":"2023-05-17T09:09:09+00:00","og_image":[{"width":2550,"height":1908,"url":"https:\/\/pistonaddict.com\/wp-content\/uploads\/2022\/05\/porsche_911_carrera_coupe_79.jpg","type":"image\/jpeg"}],"author":"mathieu_kubiweb","twitter_card":"summary_large_image","twitter_misc":{"Skriven av":"mathieu_kubiweb","Ber\u00e4knad l\u00e4stid":"7 minuter"},"schema":{"@context":"https:\/\/schema.org","@graph":[{"@type":"Article","@id":"https:\/\/pistonaddict.com\/sv\/porsche-911-till-salu\/#article","isPartOf":{"@id":"https:\/\/pistonaddict.com\/sv\/porsche-911-till-salu\/"},"author":{"name":"mathieu_kubiweb","@id":"https:\/\/pistonaddict.com\/sv\/#\/schema\/person\/d4fe5a0ced92ae7c6a7c508ba01ca6f4"},"headline":"Porsche 911 till salu","datePublished":"2022-05-02T11:16:24+00:00","dateModified":"2023-05-17T09:09:09+00:00","mainEntityOfPage":{"@id":"https:\/\/pistonaddict.com\/sv\/porsche-911-till-salu\/"},"wordCount":1380,"publisher":{"@id":"https:\/\/pistonaddict.com\/sv\/#organization"},"image":{"@id":"https:\/\/pistonaddict.com\/sv\/porsche-911-till-salu\/#primaryimage"},"thumbnailUrl":"https:\/\/pistonaddict.com\/wp-content\/uploads\/2022\/05\/porsche_911_carrera_coupe_79.jpg","articleSection":["Okategoriserad"],"inLanguage":"sv-SE"},{"@type":"WebPage","@id":"https:\/\/pistonaddict.com\/sv\/porsche-911-till-salu\/","url":"https:\/\/pistonaddict.com\/sv\/porsche-911-till-salu\/","name":"Porsche 911 till salu - Piston Addict","isPartOf":{"@id":"https:\/\/pistonaddict.com\/sv\/#website"},"primaryImageOfPage":{"@id":"https:\/\/pistonaddict.com\/sv\/porsche-911-till-salu\/#primaryimage"},"image":{"@id":"https:\/\/pistonaddict.com\/sv\/porsche-911-till-salu\/#primaryimage"},"thumbnailUrl":"https:\/\/pistonaddict.com\/wp-content\/uploads\/2022\/05\/porsche_911_carrera_coupe_79.jpg","datePublished":"2022-05-02T11:16:24+00:00","dateModified":"2023-05-17T09:09:09+00:00","description":"Allt du beh\u00f6ver veta om Porsche 911, \u00e5r efter \u00e5r. Se alla Porsche 911 bilauktioner p\u00e5 PistonAddict.com.","breadcrumb":{"@id":"https:\/\/pistonaddict.com\/sv\/porsche-911-till-salu\/#breadcrumb"},"inLanguage":"sv-SE","potentialAction":[{"@type":"ReadAction","target":["https:\/\/pistonaddict.com\/sv\/porsche-911-till-salu\/"]}]},{"@type":"ImageObject","inLanguage":"sv-SE","@id":"https:\/\/pistonaddict.com\/sv\/porsche-911-till-salu\/#primaryimage","url":"https:\/\/pistonaddict.com\/wp-content\/uploads\/2022\/05\/porsche_911_carrera_coupe_79.jpg","contentUrl":"https:\/\/pistonaddict.com\/wp-content\/uploads\/2022\/05\/porsche_911_carrera_coupe_79.jpg","width":2550,"height":1908},{"@type":"BreadcrumbList","@id":"https:\/\/pistonaddict.com\/sv\/porsche-911-till-salu\/#breadcrumb","itemListElement":[{"@type":"ListItem","position":1,"name":"Hemsida","item":"https:\/\/pistonaddict.com\/sv\/hemsidan\/"},{"@type":"ListItem","position":2,"name":"Porsche 911 till salu"}]},{"@type":"WebSite","@id":"https:\/\/pistonaddict.com\/sv\/#website","url":"https:\/\/pistonaddict.com\/sv\/","name":"Piston Addict","description":"Only interesting vehicles","publisher":{"@id":"https:\/\/pistonaddict.com\/sv\/#organization"},"potentialAction":[{"@type":"SearchAction","target":{"@type":"EntryPoint","urlTemplate":"https:\/\/pistonaddict.com\/sv\/?s={search_term_string}"},"query-input":"required name=search_term_string"}],"inLanguage":"sv-SE"},{"@type":"Organization","@id":"https:\/\/pistonaddict.com\/sv\/#organization","name":"Piston Addict","url":"https:\/\/pistonaddict.com\/sv\/","logo":{"@type":"ImageObject","inLanguage":"sv-SE","@id":"https:\/\/pistonaddict.com\/sv\/#\/schema\/logo\/image\/","url":"https:\/\/pistonaddict.com\/wp-content\/uploads\/2022\/07\/logo-6.png","contentUrl":"https:\/\/pistonaddict.com\/wp-content\/uploads\/2022\/07\/logo-6.png","width":970,"height":200,"caption":"Piston Addict"},"image":{"@id":"https:\/\/pistonaddict.com\/sv\/#\/schema\/logo\/image\/"}},{"@type":"Person","@id":"https:\/\/pistonaddict.com\/sv\/#\/schema\/person\/d4fe5a0ced92ae7c6a7c508ba01ca6f4","name":"mathieu_kubiweb","sameAs":["https:\/\/pistonaddict.com"],"url":"https:\/\/pistonaddict.com\/sv\/author\/mathieu_kubiweb\/"}]}},"_links":{"self":[{"href":"https:\/\/pistonaddict.com\/sv\/wp-json\/wp\/v2\/posts\/3277"}],"collection":[{"href":"https:\/\/pistonaddict.com\/sv\/wp-json\/wp\/v2\/posts"}],"about":[{"href":"https:\/\/pistonaddict.com\/sv\/wp-json\/wp\/v2\/types\/post"}],"author":[{"embeddable":true,"href":"https:\/\/pistonaddict.com\/sv\/wp-json\/wp\/v2\/users\/1"}],"replies":[{"embeddable":true,"href":"https:\/\/pistonaddict.com\/sv\/wp-json\/wp\/v2\/comments?post=3277"}],"version-history":[{"count":5,"href":"https:\/\/pistonaddict.com\/sv\/wp-json\/wp\/v2\/posts\/3277\/revisions"}],"predecessor-version":[{"id":40370,"href":"https:\/\/pistonaddict.com\/sv\/wp-json\/wp\/v2\/posts\/3277\/revisions\/40370"}],"wp:featuredmedia":[{"embeddable":true,"href":"https:\/\/pistonaddict.com\/sv\/wp-json\/wp\/v2\/media\/1479"}],"wp:attachment":[{"href":"https:\/\/pistonaddict.com\/sv\/wp-json\/wp\/v2\/media?parent=3277"}],"wp:term":[{"taxonomy":"category","embeddable":true,"href":"https:\/\/pistonaddict.com\/sv\/wp-json\/wp\/v2\/categories?post=3277"},{"taxonomy":"post_tag","embeddable":true,"href":"https:\/\/pistonaddict.com\/sv\/wp-json\/wp\/v2\/tags?post=3277"}],"curies":[{"name":"wp","href":"https:\/\/api.w.org\/{rel}","templated":true}]}}