{"id":29957,"date":"2023-03-08T21:39:26","date_gmt":"2023-03-08T20:39:26","guid":{"rendered":"https:\/\/pistonaddict.com\/bmw-i8-pa-auktion\/"},"modified":"2023-03-08T21:48:04","modified_gmt":"2023-03-08T20:48:04","slug":"bmw-i8-pa-auktion","status":"publish","type":"post","link":"https:\/\/pistonaddict.com\/sv\/bmw-i8-pa-auktion\/","title":{"rendered":"BMW i8 p\u00e5 auktion"},"content":{"rendered":"\t\t<div data-elementor-type=\"wp-post\" data-elementor-id=\"29957\" class=\"elementor elementor-29957 elementor-29809\">\n\t\t\t\t\t\t<section class=\"elementor-section elementor-top-section elementor-element elementor-element-487669a elementor-section-boxed elementor-section-height-default elementor-section-height-default\" data-id=\"487669a\" data-element_type=\"section\">\n\t\t\t\t\t\t<div class=\"elementor-container elementor-column-gap-default\">\n\t\t\t\t\t<div class=\"elementor-column elementor-col-100 elementor-top-column elementor-element elementor-element-1b6db47\" data-id=\"1b6db47\" data-element_type=\"column\">\n\t\t\t<div class=\"elementor-widget-wrap elementor-element-populated\">\n\t\t\t\t\t\t<div class=\"elementor-element elementor-element-7692c95 elementor-widget elementor-widget-text-editor\" data-id=\"7692c95\" data-element_type=\"widget\" data-widget_type=\"text-editor.default\">\n\t\t\t\t<div class=\"elementor-widget-container\">\n\t\t\t<style>\/*! elementor - v3.21.0 - 18-04-2024 *\/\n.elementor-widget-text-editor.elementor-drop-cap-view-stacked .elementor-drop-cap{background-color:#69727d;color:#fff}.elementor-widget-text-editor.elementor-drop-cap-view-framed .elementor-drop-cap{color:#69727d;border:3px solid;background-color:transparent}.elementor-widget-text-editor:not(.elementor-drop-cap-view-default) .elementor-drop-cap{margin-top:8px}.elementor-widget-text-editor:not(.elementor-drop-cap-view-default) .elementor-drop-cap-letter{width:1em;height:1em}.elementor-widget-text-editor .elementor-drop-cap{float:left;text-align:center;line-height:1;font-size:50px}.elementor-widget-text-editor .elementor-drop-cap-letter{display:inline-block}<\/style>\t\t\t\t<p>Hybridbilar, i alla dess former och varianter, har under de senaste \u00e5ren blivit en integrerad del av v\u00e5r bilv\u00e4rld.  <strong>De kombinerar traditionell f\u00f6rbr\u00e4nning med elektricitet, vilket ger en j\u00e4mn k\u00f6rning och f\u00f6rv\u00e5nansv\u00e4rt l\u00e5g br\u00e4nslef\u00f6rbrukning.<\/strong>  Detta koncept var en pionj\u00e4r som sedan full\u00e4ndades av Toyota, vars Prius och liknande modeller gjorde den nya tekniken allm\u00e4nt tillg\u00e4nglig. Hur br\u00e4nslebesparande och milj\u00f6v\u00e4nliga de \u00e4n \u00e4r, \u00e4r de inte s\u00e4rskilt sp\u00e4nnande ur f\u00f6rarens synvinkel. Lyckligtvis ans\u00e5g flera tillverkare att det skulle g\u00e5 att tillverka fantastiska bilar om tekniken anv\u00e4ndes p\u00e5 ett annat s\u00e4tt. En av dem var BMW, som best\u00e4mde sig f\u00f6r att g\u00f6ra en h\u00f6gklassig sportbil i hybridform. Den heter i8 och h\u00e4r \u00e4r historien om den.<\/p>\n<\/p>\n<h2>BMW i8 &#8211; den sportiga hybriden<\/h2>\n<p>\u00c4ven om det finns skillnader mellan olika modeller fungerar alla hybridbilar enligt samma princip. Till att b\u00f6rja med finns det en traditionell f\u00f6rbr\u00e4nningsmotor som anv\u00e4nder bensin, diesel eller n\u00e5gon annan form av br\u00e4nsle.  <strong>Sedan finns det en elmotor som f\u00e5r sin elektricitet fr\u00e5n ett batteripaket. Men till skillnad fr\u00e5n i fullelektriska fordon \u00e4r dessa batterier mycket mindre, eftersom deras r\u00e4ckvidd inte beh\u00f6ver vara s\u00e5 stor.<\/strong>  Dessa tv\u00e5 motorer \u00e4r sammanfogade p\u00e5 ett s\u00e4tt som g\u00f6r att de kan arbeta separat eller tillsammans, beroende p\u00e5 k\u00f6rf\u00f6rh\u00e5llandena. I l\u00e5ngsamma stadsmilj\u00f6er kommer till exempel endast elmotorn att fungera f\u00f6r att spara br\u00e4nsle. Men n\u00e4r det beh\u00f6vs mer kraft, till exempel vid acceleration, kommer f\u00f6rbr\u00e4nningsmotorn ocks\u00e5 att sl\u00e5 till. De arbetar tillsammans f\u00f6r att ge maximal effekt och b\u00e4sta m\u00f6jliga prestanda. Dessutom kommer en del av den el som produceras under dessa perioder ocks\u00e5 att anv\u00e4ndas f\u00f6r att ladda batterierna. Hybridfordon \u00e4r d\u00e4rf\u00f6r mycket br\u00e4nsleeffektiva och milj\u00f6v\u00e4nliga n\u00e4r de anv\u00e4nds p\u00e5 r\u00e4tt s\u00e4tt.<\/p>\n<p>Vissa biltillverkare har dock insett att denna relativt nya teknik har potential f\u00f6r avancerade sportbilar, eftersom den kan f\u00f6rb\u00e4ttra deras prestanda. Detta beror till st\u00f6rsta delen p\u00e5 elmotorn och dess vridmoment.  <strong>Till skillnad fr\u00e5n f\u00f6rbr\u00e4nningsmotorer har de all sin kraft tillg\u00e4nglig fr\u00e5n b\u00f6rjan, utan att beh\u00f6va v\u00e4nta tills varvtalet \u00f6kar.<\/strong>  Och det \u00e4r den h\u00e4r funktionen som tillsammans med en turboladdad motor bidrar till att minska eller eliminera dess eftersl\u00e4pning. En bil med en s\u00e5dan drivlina kommer d\u00e4rf\u00f6r att vara snabbare fr\u00e5n linjen och ha b\u00e4ttre fart vid v\u00e4xlingarna. En av de tillverkare som var djupt intresserade av detta var BMW, som efter flera konceptmodeller 2014 \u00e4ntligen kom med sin i8 hybrid.<\/p>\n<\/p>\n<h2>BMW i8 &#8211; utseendet<\/h2>\n<p>I8:s utseende \u00e4r en av de saker som helt skiljer den fr\u00e5n resten av BMW:s utbud. De flesta bilar som tillverkas av den bayerska tillverkaren, \u00e4ven de h\u00f6gpresterande M-modellerna, har en traditionell form.  <strong>Den sportiga i8 hybridbilen med sin radikala form \u00e4r d\u00e4remot inte alls lik dem.<\/strong>  N\u00e4r man st\u00e5r bredvid den \u00e4r det allt annat \u00e4n l\u00e4tt att avg\u00f6ra fr\u00e5n vilken vinkel den \u00e4r mest sl\u00e5ende. P\u00e5 framsidan finns en l\u00e5g, sluttande motorhuv med en stor luftgallring tillsammans med en aggressiv grill och str\u00e5lkastare. Fr\u00e5n sidan domineras den str\u00f6mlinjeformade silhuetten av massiva bakre valv. Men baksidans utformning \u00e4r den mest ovanliga. Den har luftventiler integrerade i toppen, spoilerliknande sidokanter och en diffusor i botten. Att k\u00f6ra bakom i8 \u00e4r utan tvekan ett underh\u00e5llande spektakel.<\/p>\n\t\t\t\t\t\t<\/div>\n\t\t\t\t<\/div>\n\t\t\t\t\t<\/div>\n\t\t<\/div>\n\t\t\t\t\t<\/div>\n\t\t<\/section>\n\t\t\t\t<section class=\"elementor-section elementor-top-section elementor-element elementor-element-deecf09 elementor-section-boxed elementor-section-height-default elementor-section-height-default\" data-id=\"deecf09\" data-element_type=\"section\">\n\t\t\t\t\t\t<div class=\"elementor-container elementor-column-gap-default\">\n\t\t\t\t\t<div class=\"elementor-column elementor-col-100 elementor-top-column elementor-element elementor-element-0e3e413\" data-id=\"0e3e413\" data-element_type=\"column\">\n\t\t\t<div class=\"elementor-widget-wrap elementor-element-populated\">\n\t\t\t\t\t\t<div class=\"elementor-element elementor-element-1435b0b elementor-widget elementor-widget-image\" data-id=\"1435b0b\" data-element_type=\"widget\" data-widget_type=\"image.default\">\n\t\t\t\t<div class=\"elementor-widget-container\">\n\t\t\t<style>\/*! elementor - v3.21.0 - 18-04-2024 *\/\n.elementor-widget-image{text-align:center}.elementor-widget-image a{display:inline-block}.elementor-widget-image a img[src$=\".svg\"]{width:48px}.elementor-widget-image img{vertical-align:middle;display:inline-block}<\/style>\t\t\t\t\t\t\t\t\t\t<img fetchpriority=\"high\" decoding=\"async\" width=\"1024\" height=\"688\" src=\"https:\/\/pistonaddict.com\/wp-content\/uploads\/2023\/03\/BMW-i8-2-1024x688.jpg\" class=\"attachment-large size-large wp-image-29832\" alt=\"\" srcset=\"https:\/\/pistonaddict.com\/wp-content\/uploads\/2023\/03\/BMW-i8-2-1024x688.jpg 1024w, https:\/\/pistonaddict.com\/wp-content\/uploads\/2023\/03\/BMW-i8-2-600x403.jpg 600w, https:\/\/pistonaddict.com\/wp-content\/uploads\/2023\/03\/BMW-i8-2-300x202.jpg 300w, https:\/\/pistonaddict.com\/wp-content\/uploads\/2023\/03\/BMW-i8-2-768x516.jpg 768w, https:\/\/pistonaddict.com\/wp-content\/uploads\/2023\/03\/BMW-i8-2.jpg 1500w\" sizes=\"(max-width: 1024px) 100vw, 1024px\" \/>\t\t\t\t\t\t\t\t\t\t\t\t\t<\/div>\n\t\t\t\t<\/div>\n\t\t\t\t\t<\/div>\n\t\t<\/div>\n\t\t\t\t\t<\/div>\n\t\t<\/section>\n\t\t\t\t<section class=\"elementor-section elementor-top-section elementor-element elementor-element-6b01901 elementor-section-boxed elementor-section-height-default elementor-section-height-default\" data-id=\"6b01901\" data-element_type=\"section\">\n\t\t\t\t\t\t<div class=\"elementor-container elementor-column-gap-default\">\n\t\t\t\t\t<div class=\"elementor-column elementor-col-100 elementor-top-column elementor-element elementor-element-3be2f2e\" data-id=\"3be2f2e\" data-element_type=\"column\">\n\t\t\t<div class=\"elementor-widget-wrap elementor-element-populated\">\n\t\t\t\t\t\t<div class=\"elementor-element elementor-element-4171002 elementor-widget elementor-widget-text-editor\" data-id=\"4171002\" data-element_type=\"widget\" data-widget_type=\"text-editor.default\">\n\t\t\t\t<div class=\"elementor-widget-container\">\n\t\t\t\t\t\t\t<p>BMW i8 fanns i tv\u00e5 karossformer, antingen som coup\u00e9 eller roadster. Den st\u00f6rsta skillnaden mellan de tv\u00e5, f\u00f6rutom avsaknaden av tak, \u00e4r hur m\u00e5nga passagerare de kan ta med sig. Medan coup\u00e9n \u00e4r utrustad med fyra s\u00e4ten har roadstern, som v\u00e4ntat, bara tv\u00e5 s\u00e4ten. Karossen i b\u00e5da varianterna \u00e4r tillverkad av kolfiber med en aluminiumstruktur under.<\/p>\n\t\t\t\t\t\t<\/div>\n\t\t\t\t<\/div>\n\t\t\t\t\t<\/div>\n\t\t<\/div>\n\t\t\t\t\t<\/div>\n\t\t<\/section>\n\t\t\t\t<section class=\"elementor-section elementor-top-section elementor-element elementor-element-9faf877 elementor-section-boxed elementor-section-height-default elementor-section-height-default\" data-id=\"9faf877\" data-element_type=\"section\">\n\t\t\t\t\t\t<div class=\"elementor-container elementor-column-gap-default\">\n\t\t\t\t\t<div class=\"elementor-column elementor-col-100 elementor-top-column elementor-element elementor-element-03e9194\" data-id=\"03e9194\" data-element_type=\"column\">\n\t\t\t<div class=\"elementor-widget-wrap elementor-element-populated\">\n\t\t\t\t\t\t<div class=\"elementor-element elementor-element-7e5eff5 elementor-widget elementor-widget-image\" data-id=\"7e5eff5\" data-element_type=\"widget\" data-widget_type=\"image.default\">\n\t\t\t\t<div class=\"elementor-widget-container\">\n\t\t\t\t\t\t\t\t\t\t\t\t\t<img decoding=\"async\" width=\"1024\" height=\"768\" src=\"https:\/\/pistonaddict.com\/wp-content\/uploads\/2023\/03\/BMW-i8-4-1024x768.jpg\" class=\"attachment-large size-large wp-image-29876\" alt=\"\" srcset=\"https:\/\/pistonaddict.com\/wp-content\/uploads\/2023\/03\/BMW-i8-4-1024x768.jpg 1024w, https:\/\/pistonaddict.com\/wp-content\/uploads\/2023\/03\/BMW-i8-4-520x390.jpg 520w, https:\/\/pistonaddict.com\/wp-content\/uploads\/2023\/03\/BMW-i8-4-600x450.jpg 600w, https:\/\/pistonaddict.com\/wp-content\/uploads\/2023\/03\/BMW-i8-4-300x225.jpg 300w, https:\/\/pistonaddict.com\/wp-content\/uploads\/2023\/03\/BMW-i8-4-768x576.jpg 768w, https:\/\/pistonaddict.com\/wp-content\/uploads\/2023\/03\/BMW-i8-4-1536x1152.jpg 1536w, https:\/\/pistonaddict.com\/wp-content\/uploads\/2023\/03\/BMW-i8-4.jpg 2048w\" sizes=\"(max-width: 1024px) 100vw, 1024px\" \/>\t\t\t\t\t\t\t\t\t\t\t\t\t<\/div>\n\t\t\t\t<\/div>\n\t\t\t\t\t<\/div>\n\t\t<\/div>\n\t\t\t\t\t<\/div>\n\t\t<\/section>\n\t\t\t\t<section class=\"elementor-section elementor-top-section elementor-element elementor-element-8448151 elementor-section-boxed elementor-section-height-default elementor-section-height-default\" data-id=\"8448151\" data-element_type=\"section\">\n\t\t\t\t\t\t<div class=\"elementor-container elementor-column-gap-default\">\n\t\t\t\t\t<div class=\"elementor-column elementor-col-100 elementor-top-column elementor-element elementor-element-1eabf88\" data-id=\"1eabf88\" data-element_type=\"column\">\n\t\t\t<div class=\"elementor-widget-wrap elementor-element-populated\">\n\t\t\t\t\t\t<div class=\"elementor-element elementor-element-3b5eab4 elementor-widget elementor-widget-text-editor\" data-id=\"3b5eab4\" data-element_type=\"widget\" data-widget_type=\"text-editor.default\">\n\t\t\t\t<div class=\"elementor-widget-container\">\n\t\t\t\t\t\t\t<p>En av bilens unika egenskaper \u00e4r d\u00f6rrarna, som \u00f6ppnas p\u00e5 ett ganska ovanligt s\u00e4tt. M\u00e5nga h\u00f6gpresterande bilar anv\u00e4nder saxd\u00f6rrar som r\u00f6r sig vertikalt, men BMW valde en n\u00e5got annorlunda l\u00f6sning som kallas fj\u00e4rilsd\u00f6rrar. Dessa har g\u00e5ngj\u00e4rn som g\u00f6r att de kan \u00f6ppnas vertikalt och ut\u00e5t, vilket g\u00f6r det l\u00e4ttare att komma in.<\/p>\n<\/p>\n<h2>BMW i8 &#8211; vad som finns undertill<\/h2>\n<p>Trots skillnaderna i storlek och effekt har n\u00e4stan alla BMW som tillverkats under de senaste decennierna samma grundlayout under skalet. Det inneb\u00e4r att motorn sitter fram, flera s\u00e4ten i mitten och en bakhjulsdrift bak.  <strong>Visst finns det 4&#215;4-modeller, men det \u00e4ndrar inte grundkonceptet s\u00e4rskilt mycket.<\/strong>  Men i8 har sin motor l\u00e4ngst bak, precis bakom s\u00e4tena, vilket g\u00f6r den till en bil med mittmotor. Detta \u00e4r en konfiguration som m\u00e5nga tillverkare anv\u00e4nder f\u00f6r sina h\u00f6gpresterande sportbilar, eftersom den ger en utm\u00e4rkt viktf\u00f6rdelning. S\u00e5 det \u00e4r inte konstigt att BMW valde den h\u00e4r inst\u00e4llningen f\u00f6r i8.<\/p>\n\t\t\t\t\t\t<\/div>\n\t\t\t\t<\/div>\n\t\t\t\t\t<\/div>\n\t\t<\/div>\n\t\t\t\t\t<\/div>\n\t\t<\/section>\n\t\t\t\t<section class=\"elementor-section elementor-top-section elementor-element elementor-element-9e7d16a elementor-section-boxed elementor-section-height-default elementor-section-height-default\" data-id=\"9e7d16a\" data-element_type=\"section\">\n\t\t\t\t\t\t<div class=\"elementor-container elementor-column-gap-default\">\n\t\t\t\t\t<div class=\"elementor-column elementor-col-100 elementor-top-column elementor-element elementor-element-810e11c\" data-id=\"810e11c\" data-element_type=\"column\">\n\t\t\t<div class=\"elementor-widget-wrap elementor-element-populated\">\n\t\t\t\t\t\t<div class=\"elementor-element elementor-element-a95cbb3 elementor-widget elementor-widget-image\" data-id=\"a95cbb3\" data-element_type=\"widget\" data-widget_type=\"image.default\">\n\t\t\t\t<div class=\"elementor-widget-container\">\n\t\t\t\t\t\t\t\t\t\t\t\t\t<img decoding=\"async\" width=\"1024\" height=\"768\" src=\"https:\/\/pistonaddict.com\/wp-content\/uploads\/2023\/03\/BMW-i8-5-1024x768.jpg\" class=\"attachment-large size-large wp-image-29898\" alt=\"\" srcset=\"https:\/\/pistonaddict.com\/wp-content\/uploads\/2023\/03\/BMW-i8-5-1024x768.jpg 1024w, https:\/\/pistonaddict.com\/wp-content\/uploads\/2023\/03\/BMW-i8-5-520x390.jpg 520w, https:\/\/pistonaddict.com\/wp-content\/uploads\/2023\/03\/BMW-i8-5-600x450.jpg 600w, https:\/\/pistonaddict.com\/wp-content\/uploads\/2023\/03\/BMW-i8-5-300x225.jpg 300w, https:\/\/pistonaddict.com\/wp-content\/uploads\/2023\/03\/BMW-i8-5-768x576.jpg 768w, https:\/\/pistonaddict.com\/wp-content\/uploads\/2023\/03\/BMW-i8-5-1536x1152.jpg 1536w, https:\/\/pistonaddict.com\/wp-content\/uploads\/2023\/03\/BMW-i8-5.jpg 2048w\" sizes=\"(max-width: 1024px) 100vw, 1024px\" \/>\t\t\t\t\t\t\t\t\t\t\t\t\t<\/div>\n\t\t\t\t<\/div>\n\t\t\t\t\t<\/div>\n\t\t<\/div>\n\t\t\t\t\t<\/div>\n\t\t<\/section>\n\t\t\t\t<section class=\"elementor-section elementor-top-section elementor-element elementor-element-cd3a23b elementor-section-boxed elementor-section-height-default elementor-section-height-default\" data-id=\"cd3a23b\" data-element_type=\"section\">\n\t\t\t\t\t\t<div class=\"elementor-container elementor-column-gap-default\">\n\t\t\t\t\t<div class=\"elementor-column elementor-col-100 elementor-top-column elementor-element elementor-element-37cf6bf\" data-id=\"37cf6bf\" data-element_type=\"column\">\n\t\t\t<div class=\"elementor-widget-wrap elementor-element-populated\">\n\t\t\t\t\t\t<div class=\"elementor-element elementor-element-f8679a0 elementor-widget elementor-widget-text-editor\" data-id=\"f8679a0\" data-element_type=\"widget\" data-widget_type=\"text-editor.default\">\n\t\t\t\t<div class=\"elementor-widget-container\">\n\t\t\t\t\t\t\t<p>Den motor som de har valt att anv\u00e4nda till denna sportbil kan dock verka lite m\u00e4rklig vid f\u00f6rsta anblicken. Av alla tillg\u00e4ngliga enheter valde BMW den minsta 1,5-liters bensinmotorn, som bara har tre cylindrar. Det l\u00e5ter inte som en lovande start, men motorn har n\u00e5gra ess i rock\u00e4rmen som borde h\u00f6ja prestandan.<strong>  Detta inkluderar ett toppmodernt turboladdningssystem, genialisk teknik f\u00f6r ventilstyrning och direkt br\u00e4nsleinsprutning, f\u00f6r att n\u00e4mna n\u00e5gra exempel.<\/strong>  Tack vare alla dessa tekniska underverk kan i8:s bensinmotor producera otroliga 228 h\u00e4stkrafter. Den levereras sedan till bakhjulen via en fantastisk 6-v\u00e4xlad automatisk v\u00e4xell\u00e5da fr\u00e5n Aisin Seiki.<\/p>\n<p>Sedan finns det en elmotor p\u00e5 131 h\u00e4stkrafter framtill, som naturligtvis driver framhjulen. Den har tillr\u00e4ckligt med kraft f\u00f6r att bilen ska kunna k\u00f6ras med enbart el, n\u00e4r bensinmotorn \u00e4r helt avst\u00e4ngd. Men n\u00e4r b\u00e5da \u00e4r p\u00e5slagna blir i8 en fyrhjulsdriven, v\u00e4gvinnande kula med n\u00e4stan 360 h\u00e4stkrafter. Och det b\u00e4sta \u00e4r att den inte har n\u00e5gra mekaniska delar som f\u00f6rbinder fram- och bakaxlarna, vilket g\u00f6r att den \u00e4r l\u00e4tt. Detta sparar ocks\u00e5 utrymme i mitten av fordonet, d\u00e4r litiumjonbatteripaketet i st\u00e4llet placeras.  <\/p>\n<\/p>\n<h2>BMW i8 &#8211; som daglig f\u00f6rare<\/h2>\n<p><strong>BMW i8 \u00e4r trots sin hybriddrivlina i f\u00f6rsta hand en sportbil, och prestandasiffrorna st\u00f6der det<\/strong>. N\u00e4r du drar ut fr\u00e5n linjen med full gas n\u00e5r den 60 km\/h p\u00e5 mindre \u00e4n 5 sekunder och forts\u00e4tter att k\u00f6ra upp till den elektroniskt begr\u00e4nsade hastigheten p\u00e5 155 miles per timme. Och tack vare sin l\u00e4tta konstruktion och l\u00e5ga tyngdpunkt hanterar den exceptionellt bra i kurvorna. S\u00e5 det \u00e4r den del av prestationen som \u00e4r avprickad.<\/p>\n\t\t\t\t\t\t<\/div>\n\t\t\t\t<\/div>\n\t\t\t\t\t<\/div>\n\t\t<\/div>\n\t\t\t\t\t<\/div>\n\t\t<\/section>\n\t\t\t\t<section class=\"elementor-section elementor-top-section elementor-element elementor-element-bc08ef1 elementor-section-boxed elementor-section-height-default elementor-section-height-default\" data-id=\"bc08ef1\" data-element_type=\"section\">\n\t\t\t\t\t\t<div class=\"elementor-container elementor-column-gap-default\">\n\t\t\t\t\t<div class=\"elementor-column elementor-col-100 elementor-top-column elementor-element elementor-element-c80b94c\" data-id=\"c80b94c\" data-element_type=\"column\">\n\t\t\t<div class=\"elementor-widget-wrap elementor-element-populated\">\n\t\t\t\t\t\t<div class=\"elementor-element elementor-element-b86e0ca elementor-widget elementor-widget-image\" data-id=\"b86e0ca\" data-element_type=\"widget\" data-widget_type=\"image.default\">\n\t\t\t\t<div class=\"elementor-widget-container\">\n\t\t\t\t\t\t\t\t\t\t\t\t\t<img loading=\"lazy\" decoding=\"async\" width=\"1024\" height=\"677\" src=\"https:\/\/pistonaddict.com\/wp-content\/uploads\/2023\/03\/BMW-i8-1-1024x677.jpg\" class=\"attachment-large size-large wp-image-29810\" alt=\"\" srcset=\"https:\/\/pistonaddict.com\/wp-content\/uploads\/2023\/03\/BMW-i8-1-1024x677.jpg 1024w, https:\/\/pistonaddict.com\/wp-content\/uploads\/2023\/03\/BMW-i8-1-600x397.jpg 600w, https:\/\/pistonaddict.com\/wp-content\/uploads\/2023\/03\/BMW-i8-1-300x198.jpg 300w, https:\/\/pistonaddict.com\/wp-content\/uploads\/2023\/03\/BMW-i8-1-768x508.jpg 768w, https:\/\/pistonaddict.com\/wp-content\/uploads\/2023\/03\/BMW-i8-1-1536x1016.jpg 1536w, https:\/\/pistonaddict.com\/wp-content\/uploads\/2023\/03\/BMW-i8-1.jpg 2047w\" sizes=\"(max-width: 1024px) 100vw, 1024px\" \/>\t\t\t\t\t\t\t\t\t\t\t\t\t<\/div>\n\t\t\t\t<\/div>\n\t\t\t\t\t<\/div>\n\t\t<\/div>\n\t\t\t\t\t<\/div>\n\t\t<\/section>\n\t\t\t\t<section class=\"elementor-section elementor-top-section elementor-element elementor-element-2160704 elementor-section-boxed elementor-section-height-default elementor-section-height-default\" data-id=\"2160704\" data-element_type=\"section\">\n\t\t\t\t\t\t<div class=\"elementor-container elementor-column-gap-default\">\n\t\t\t\t\t<div class=\"elementor-column elementor-col-100 elementor-top-column elementor-element elementor-element-275a0c5\" data-id=\"275a0c5\" data-element_type=\"column\">\n\t\t\t<div class=\"elementor-widget-wrap elementor-element-populated\">\n\t\t\t\t\t\t<div class=\"elementor-element elementor-element-158dc22 elementor-widget elementor-widget-text-editor\" data-id=\"158dc22\" data-element_type=\"widget\" data-widget_type=\"text-editor.default\">\n\t\t\t\t<div class=\"elementor-widget-container\">\n\t\t\t\t\t\t\t<p>Nu till hybrid- och elbilarna. Till att b\u00f6rja med kan i8 i fullt elektriskt l\u00e4ge k\u00f6ra n\u00e4stan 20 miles. <strong>Det \u00e4r visserligen inte mycket, men det r\u00e4cker f\u00f6r de flesta dagliga pendlingsresor<\/strong>. Dessutom \u00e4r det utm\u00e4rkt att anv\u00e4nda den i det h\u00e4r l\u00e4get i stadstrafik d\u00e4r det kan vara sv\u00e5rt att hantera konventionella prestandabilar. Och \u00e4ven n\u00e4r bensinmotorn \u00e4r ig\u00e5ng kan den fortfarande leverera upp till 130 miles per gallon. En av de funktioner som g\u00f6r detta m\u00f6jligt \u00e4r den regenerativa bromsningen, som f\u00e5ngar upp energi som annars skulle g\u00e5 till spillo och anv\u00e4nder den f\u00f6r att ladda batterierna.<\/p>\n<p>Slutligen har vi interi\u00f6ren, som i coup\u00e9versionen \u00e4r tillr\u00e4ckligt rymlig f\u00f6r att ge plats \u00e5t fyra vuxna. En s\u00e5dan konfiguration, som \u00e4r ovanlig f\u00f6r en bil av den h\u00e4r typen, \u00e4r m\u00f6jlig tack vare drivlinan och dess kompakta storlek. Detta beror p\u00e5 att inga mekaniska delar tar upp utrymmet mellan bilens fram- och bakdel.  <\/p>\n<\/p>\n<h2>BMW i8 &#8211; slutsats<\/h2>\n<p>i8 \u00e4r BMW:s f\u00f6rs\u00f6k att skapa en sportig plug-in elhybrid och tillverkades mellan 2014 och 2020. Bilen har en trecylindrig bensinmotor p\u00e5 baksidan som driver bakhjulen och en elmotor som driver framaxeln.  <strong>Tillsammans har de en effekt p\u00e5 360 h\u00e4stkrafter och kan k\u00f6ra upp till 20 miles i enbart elektriskt l\u00e4ge.<\/strong>  Tack vare den avancerade drivlinan och den smarta karossen \u00e4r BMW i8 en utm\u00e4rkt prestanda-bil och en praktisk vardagsf\u00f6rare. Detta bidrog utan tvekan till dess popularitet och gjorde den till den mest s\u00e5lda hybridsportbilen. Innan produktionen upph\u00f6rde i juni 2022 l\u00e4mnade mer \u00e4n 20 000 BMW i8 monteringsbandet i Leipzig.  <\/p>\n\t\t\t\t\t\t<\/div>\n\t\t\t\t<\/div>\n\t\t\t\t\t<\/div>\n\t\t<\/div>\n\t\t\t\t\t<\/div>\n\t\t<\/section>\n\t\t\t\t<\/div>\n\t\t","protected":false},"excerpt":{"rendered":"<p>Hybridbilar, i alla dess former och varianter, har under de senaste \u00e5ren blivit en integrerad del av v\u00e5r bilv\u00e4rld.  <\/p>\n","protected":false},"author":19,"featured_media":29875,"comment_status":"closed","ping_status":"closed","sticky":false,"template":"","format":"standard","meta":{"inline_featured_image":false,"footnotes":""},"categories":[50],"tags":[],"acf":[],"yoast_head":"<!-- This site is optimized with the Yoast SEO plugin v22.5 - https:\/\/yoast.com\/wordpress\/plugins\/seo\/ -->\n<title>BMW i8 p\u00e5 auktion - Piston Addict<\/title>\n<meta name=\"description\" content=\"Allt du beh\u00f6ver veta om BMW i8. Se alla bilauktioner av BMW i8 p\u00e5 PistonAddict.com.\" \/>\n<meta name=\"robots\" content=\"index, follow, max-snippet:-1, max-image-preview:large, max-video-preview:-1\" \/>\n<link rel=\"canonical\" href=\"https:\/\/pistonaddict.com\/sv\/bmw-i8-pa-auktion\/\" \/>\n<meta property=\"og:locale\" content=\"sv_SE\" \/>\n<meta property=\"og:type\" content=\"article\" \/>\n<meta property=\"og:title\" content=\"BMW i8 p\u00e5 auktion - Piston Addict\" \/>\n<meta property=\"og:description\" content=\"Allt du beh\u00f6ver veta om BMW i8. Se alla bilauktioner av BMW i8 p\u00e5 PistonAddict.com.\" \/>\n<meta property=\"og:url\" content=\"https:\/\/pistonaddict.com\/sv\/bmw-i8-pa-auktion\/\" \/>\n<meta property=\"og:site_name\" content=\"Piston Addict\" \/>\n<meta property=\"article:published_time\" content=\"2023-03-08T20:39:26+00:00\" \/>\n<meta property=\"article:modified_time\" content=\"2023-03-08T20:48:04+00:00\" \/>\n<meta property=\"og:image\" content=\"https:\/\/pistonaddict.com\/wp-content\/uploads\/2023\/03\/BMW-i8-3.jpg\" \/>\n\t<meta property=\"og:image:width\" content=\"2048\" \/>\n\t<meta property=\"og:image:height\" content=\"1264\" \/>\n\t<meta property=\"og:image:type\" content=\"image\/jpeg\" \/>\n<meta name=\"author\" content=\"kubiweb\" \/>\n<meta name=\"twitter:card\" content=\"summary_large_image\" \/>\n<meta name=\"twitter:label1\" content=\"Skriven av\" \/>\n\t<meta name=\"twitter:data1\" content=\"kubiweb\" \/>\n\t<meta name=\"twitter:label2\" content=\"Ber\u00e4knad l\u00e4stid\" \/>\n\t<meta name=\"twitter:data2\" content=\"7 minuter\" \/>\n<script type=\"application\/ld+json\" class=\"yoast-schema-graph\">{\"@context\":\"https:\/\/schema.org\",\"@graph\":[{\"@type\":\"Article\",\"@id\":\"https:\/\/pistonaddict.com\/sv\/bmw-i8-pa-auktion\/#article\",\"isPartOf\":{\"@id\":\"https:\/\/pistonaddict.com\/sv\/bmw-i8-pa-auktion\/\"},\"author\":{\"name\":\"kubiweb\",\"@id\":\"https:\/\/pistonaddict.com\/sv\/#\/schema\/person\/b654bd8ec8744297879f6f28628ad974\"},\"headline\":\"BMW i8 p\u00e5 auktion\",\"datePublished\":\"2023-03-08T20:39:26+00:00\",\"dateModified\":\"2023-03-08T20:48:04+00:00\",\"mainEntityOfPage\":{\"@id\":\"https:\/\/pistonaddict.com\/sv\/bmw-i8-pa-auktion\/\"},\"wordCount\":1467,\"publisher\":{\"@id\":\"https:\/\/pistonaddict.com\/sv\/#organization\"},\"image\":{\"@id\":\"https:\/\/pistonaddict.com\/sv\/bmw-i8-pa-auktion\/#primaryimage\"},\"thumbnailUrl\":\"https:\/\/pistonaddict.com\/wp-content\/uploads\/2023\/03\/BMW-i8-3.jpg\",\"articleSection\":[\"Okategoriserad\"],\"inLanguage\":\"sv-SE\"},{\"@type\":\"WebPage\",\"@id\":\"https:\/\/pistonaddict.com\/sv\/bmw-i8-pa-auktion\/\",\"url\":\"https:\/\/pistonaddict.com\/sv\/bmw-i8-pa-auktion\/\",\"name\":\"BMW i8 p\u00e5 auktion - Piston Addict\",\"isPartOf\":{\"@id\":\"https:\/\/pistonaddict.com\/sv\/#website\"},\"primaryImageOfPage\":{\"@id\":\"https:\/\/pistonaddict.com\/sv\/bmw-i8-pa-auktion\/#primaryimage\"},\"image\":{\"@id\":\"https:\/\/pistonaddict.com\/sv\/bmw-i8-pa-auktion\/#primaryimage\"},\"thumbnailUrl\":\"https:\/\/pistonaddict.com\/wp-content\/uploads\/2023\/03\/BMW-i8-3.jpg\",\"datePublished\":\"2023-03-08T20:39:26+00:00\",\"dateModified\":\"2023-03-08T20:48:04+00:00\",\"description\":\"Allt du beh\u00f6ver veta om BMW i8. Se alla bilauktioner av BMW i8 p\u00e5 PistonAddict.com.\",\"breadcrumb\":{\"@id\":\"https:\/\/pistonaddict.com\/sv\/bmw-i8-pa-auktion\/#breadcrumb\"},\"inLanguage\":\"sv-SE\",\"potentialAction\":[{\"@type\":\"ReadAction\",\"target\":[\"https:\/\/pistonaddict.com\/sv\/bmw-i8-pa-auktion\/\"]}]},{\"@type\":\"ImageObject\",\"inLanguage\":\"sv-SE\",\"@id\":\"https:\/\/pistonaddict.com\/sv\/bmw-i8-pa-auktion\/#primaryimage\",\"url\":\"https:\/\/pistonaddict.com\/wp-content\/uploads\/2023\/03\/BMW-i8-3.jpg\",\"contentUrl\":\"https:\/\/pistonaddict.com\/wp-content\/uploads\/2023\/03\/BMW-i8-3.jpg\",\"width\":2048,\"height\":1264},{\"@type\":\"BreadcrumbList\",\"@id\":\"https:\/\/pistonaddict.com\/sv\/bmw-i8-pa-auktion\/#breadcrumb\",\"itemListElement\":[{\"@type\":\"ListItem\",\"position\":1,\"name\":\"Hemsida\",\"item\":\"https:\/\/pistonaddict.com\/sv\/hemsidan\/\"},{\"@type\":\"ListItem\",\"position\":2,\"name\":\"BMW i8 p\u00e5 auktion\"}]},{\"@type\":\"WebSite\",\"@id\":\"https:\/\/pistonaddict.com\/sv\/#website\",\"url\":\"https:\/\/pistonaddict.com\/sv\/\",\"name\":\"Piston Addict\",\"description\":\"Only interesting vehicles\",\"publisher\":{\"@id\":\"https:\/\/pistonaddict.com\/sv\/#organization\"},\"potentialAction\":[{\"@type\":\"SearchAction\",\"target\":{\"@type\":\"EntryPoint\",\"urlTemplate\":\"https:\/\/pistonaddict.com\/sv\/?s={search_term_string}\"},\"query-input\":\"required name=search_term_string\"}],\"inLanguage\":\"sv-SE\"},{\"@type\":\"Organization\",\"@id\":\"https:\/\/pistonaddict.com\/sv\/#organization\",\"name\":\"Piston Addict\",\"url\":\"https:\/\/pistonaddict.com\/sv\/\",\"logo\":{\"@type\":\"ImageObject\",\"inLanguage\":\"sv-SE\",\"@id\":\"https:\/\/pistonaddict.com\/sv\/#\/schema\/logo\/image\/\",\"url\":\"https:\/\/pistonaddict.com\/wp-content\/uploads\/2022\/07\/logo-6.png\",\"contentUrl\":\"https:\/\/pistonaddict.com\/wp-content\/uploads\/2022\/07\/logo-6.png\",\"width\":970,\"height\":200,\"caption\":\"Piston Addict\"},\"image\":{\"@id\":\"https:\/\/pistonaddict.com\/sv\/#\/schema\/logo\/image\/\"}},{\"@type\":\"Person\",\"@id\":\"https:\/\/pistonaddict.com\/sv\/#\/schema\/person\/b654bd8ec8744297879f6f28628ad974\",\"name\":\"kubiweb\",\"url\":\"https:\/\/pistonaddict.com\/sv\/author\/kubiweb\/\"}]}<\/script>\n<!-- \/ Yoast SEO plugin. -->","yoast_head_json":{"title":"BMW i8 p\u00e5 auktion - Piston Addict","description":"Allt du beh\u00f6ver veta om BMW i8. Se alla bilauktioner av BMW i8 p\u00e5 PistonAddict.com.","robots":{"index":"index","follow":"follow","max-snippet":"max-snippet:-1","max-image-preview":"max-image-preview:large","max-video-preview":"max-video-preview:-1"},"canonical":"https:\/\/pistonaddict.com\/sv\/bmw-i8-pa-auktion\/","og_locale":"sv_SE","og_type":"article","og_title":"BMW i8 p\u00e5 auktion - Piston Addict","og_description":"Allt du beh\u00f6ver veta om BMW i8. Se alla bilauktioner av BMW i8 p\u00e5 PistonAddict.com.","og_url":"https:\/\/pistonaddict.com\/sv\/bmw-i8-pa-auktion\/","og_site_name":"Piston Addict","article_published_time":"2023-03-08T20:39:26+00:00","article_modified_time":"2023-03-08T20:48:04+00:00","og_image":[{"width":2048,"height":1264,"url":"https:\/\/pistonaddict.com\/wp-content\/uploads\/2023\/03\/BMW-i8-3.jpg","type":"image\/jpeg"}],"author":"kubiweb","twitter_card":"summary_large_image","twitter_misc":{"Skriven av":"kubiweb","Ber\u00e4knad l\u00e4stid":"7 minuter"},"schema":{"@context":"https:\/\/schema.org","@graph":[{"@type":"Article","@id":"https:\/\/pistonaddict.com\/sv\/bmw-i8-pa-auktion\/#article","isPartOf":{"@id":"https:\/\/pistonaddict.com\/sv\/bmw-i8-pa-auktion\/"},"author":{"name":"kubiweb","@id":"https:\/\/pistonaddict.com\/sv\/#\/schema\/person\/b654bd8ec8744297879f6f28628ad974"},"headline":"BMW i8 p\u00e5 auktion","datePublished":"2023-03-08T20:39:26+00:00","dateModified":"2023-03-08T20:48:04+00:00","mainEntityOfPage":{"@id":"https:\/\/pistonaddict.com\/sv\/bmw-i8-pa-auktion\/"},"wordCount":1467,"publisher":{"@id":"https:\/\/pistonaddict.com\/sv\/#organization"},"image":{"@id":"https:\/\/pistonaddict.com\/sv\/bmw-i8-pa-auktion\/#primaryimage"},"thumbnailUrl":"https:\/\/pistonaddict.com\/wp-content\/uploads\/2023\/03\/BMW-i8-3.jpg","articleSection":["Okategoriserad"],"inLanguage":"sv-SE"},{"@type":"WebPage","@id":"https:\/\/pistonaddict.com\/sv\/bmw-i8-pa-auktion\/","url":"https:\/\/pistonaddict.com\/sv\/bmw-i8-pa-auktion\/","name":"BMW i8 p\u00e5 auktion - Piston Addict","isPartOf":{"@id":"https:\/\/pistonaddict.com\/sv\/#website"},"primaryImageOfPage":{"@id":"https:\/\/pistonaddict.com\/sv\/bmw-i8-pa-auktion\/#primaryimage"},"image":{"@id":"https:\/\/pistonaddict.com\/sv\/bmw-i8-pa-auktion\/#primaryimage"},"thumbnailUrl":"https:\/\/pistonaddict.com\/wp-content\/uploads\/2023\/03\/BMW-i8-3.jpg","datePublished":"2023-03-08T20:39:26+00:00","dateModified":"2023-03-08T20:48:04+00:00","description":"Allt du beh\u00f6ver veta om BMW i8. Se alla bilauktioner av BMW i8 p\u00e5 PistonAddict.com.","breadcrumb":{"@id":"https:\/\/pistonaddict.com\/sv\/bmw-i8-pa-auktion\/#breadcrumb"},"inLanguage":"sv-SE","potentialAction":[{"@type":"ReadAction","target":["https:\/\/pistonaddict.com\/sv\/bmw-i8-pa-auktion\/"]}]},{"@type":"ImageObject","inLanguage":"sv-SE","@id":"https:\/\/pistonaddict.com\/sv\/bmw-i8-pa-auktion\/#primaryimage","url":"https:\/\/pistonaddict.com\/wp-content\/uploads\/2023\/03\/BMW-i8-3.jpg","contentUrl":"https:\/\/pistonaddict.com\/wp-content\/uploads\/2023\/03\/BMW-i8-3.jpg","width":2048,"height":1264},{"@type":"BreadcrumbList","@id":"https:\/\/pistonaddict.com\/sv\/bmw-i8-pa-auktion\/#breadcrumb","itemListElement":[{"@type":"ListItem","position":1,"name":"Hemsida","item":"https:\/\/pistonaddict.com\/sv\/hemsidan\/"},{"@type":"ListItem","position":2,"name":"BMW i8 p\u00e5 auktion"}]},{"@type":"WebSite","@id":"https:\/\/pistonaddict.com\/sv\/#website","url":"https:\/\/pistonaddict.com\/sv\/","name":"Piston Addict","description":"Only interesting vehicles","publisher":{"@id":"https:\/\/pistonaddict.com\/sv\/#organization"},"potentialAction":[{"@type":"SearchAction","target":{"@type":"EntryPoint","urlTemplate":"https:\/\/pistonaddict.com\/sv\/?s={search_term_string}"},"query-input":"required name=search_term_string"}],"inLanguage":"sv-SE"},{"@type":"Organization","@id":"https:\/\/pistonaddict.com\/sv\/#organization","name":"Piston Addict","url":"https:\/\/pistonaddict.com\/sv\/","logo":{"@type":"ImageObject","inLanguage":"sv-SE","@id":"https:\/\/pistonaddict.com\/sv\/#\/schema\/logo\/image\/","url":"https:\/\/pistonaddict.com\/wp-content\/uploads\/2022\/07\/logo-6.png","contentUrl":"https:\/\/pistonaddict.com\/wp-content\/uploads\/2022\/07\/logo-6.png","width":970,"height":200,"caption":"Piston Addict"},"image":{"@id":"https:\/\/pistonaddict.com\/sv\/#\/schema\/logo\/image\/"}},{"@type":"Person","@id":"https:\/\/pistonaddict.com\/sv\/#\/schema\/person\/b654bd8ec8744297879f6f28628ad974","name":"kubiweb","url":"https:\/\/pistonaddict.com\/sv\/author\/kubiweb\/"}]}},"_links":{"self":[{"href":"https:\/\/pistonaddict.com\/sv\/wp-json\/wp\/v2\/posts\/29957"}],"collection":[{"href":"https:\/\/pistonaddict.com\/sv\/wp-json\/wp\/v2\/posts"}],"about":[{"href":"https:\/\/pistonaddict.com\/sv\/wp-json\/wp\/v2\/types\/post"}],"author":[{"embeddable":true,"href":"https:\/\/pistonaddict.com\/sv\/wp-json\/wp\/v2\/users\/19"}],"replies":[{"embeddable":true,"href":"https:\/\/pistonaddict.com\/sv\/wp-json\/wp\/v2\/comments?post=29957"}],"version-history":[{"count":1,"href":"https:\/\/pistonaddict.com\/sv\/wp-json\/wp\/v2\/posts\/29957\/revisions"}],"predecessor-version":[{"id":29963,"href":"https:\/\/pistonaddict.com\/sv\/wp-json\/wp\/v2\/posts\/29957\/revisions\/29963"}],"wp:featuredmedia":[{"embeddable":true,"href":"https:\/\/pistonaddict.com\/sv\/wp-json\/wp\/v2\/media\/29875"}],"wp:attachment":[{"href":"https:\/\/pistonaddict.com\/sv\/wp-json\/wp\/v2\/media?parent=29957"}],"wp:term":[{"taxonomy":"category","embeddable":true,"href":"https:\/\/pistonaddict.com\/sv\/wp-json\/wp\/v2\/categories?post=29957"},{"taxonomy":"post_tag","embeddable":true,"href":"https:\/\/pistonaddict.com\/sv\/wp-json\/wp\/v2\/tags?post=29957"}],"curies":[{"name":"wp","href":"https:\/\/api.w.org\/{rel}","templated":true}]}}