{"id":29951,"date":"2023-03-08T21:39:26","date_gmt":"2023-03-08T20:39:26","guid":{"rendered":"https:\/\/pistonaddict.com\/bmw-i8-na-predaj-v-aukcii\/"},"modified":"2023-03-08T21:47:57","modified_gmt":"2023-03-08T20:47:57","slug":"bmw-i8-na-predaj-v-aukcii","status":"publish","type":"post","link":"https:\/\/pistonaddict.com\/sk\/bmw-i8-na-predaj-v-aukcii\/","title":{"rendered":"BMW i8 na predaj v aukcii"},"content":{"rendered":"\t\t<div data-elementor-type=\"wp-post\" data-elementor-id=\"29951\" class=\"elementor elementor-29951 elementor-29809\">\n\t\t\t\t\t\t<section class=\"elementor-section elementor-top-section elementor-element elementor-element-487669a elementor-section-boxed elementor-section-height-default elementor-section-height-default\" data-id=\"487669a\" data-element_type=\"section\">\n\t\t\t\t\t\t<div class=\"elementor-container elementor-column-gap-default\">\n\t\t\t\t\t<div class=\"elementor-column elementor-col-100 elementor-top-column elementor-element elementor-element-1b6db47\" data-id=\"1b6db47\" data-element_type=\"column\">\n\t\t\t<div class=\"elementor-widget-wrap elementor-element-populated\">\n\t\t\t\t\t\t<div class=\"elementor-element elementor-element-7692c95 elementor-widget elementor-widget-text-editor\" data-id=\"7692c95\" data-element_type=\"widget\" data-widget_type=\"text-editor.default\">\n\t\t\t\t<div class=\"elementor-widget-container\">\n\t\t\t<style>\/*! elementor - v3.21.0 - 18-04-2024 *\/\n.elementor-widget-text-editor.elementor-drop-cap-view-stacked .elementor-drop-cap{background-color:#69727d;color:#fff}.elementor-widget-text-editor.elementor-drop-cap-view-framed .elementor-drop-cap{color:#69727d;border:3px solid;background-color:transparent}.elementor-widget-text-editor:not(.elementor-drop-cap-view-default) .elementor-drop-cap{margin-top:8px}.elementor-widget-text-editor:not(.elementor-drop-cap-view-default) .elementor-drop-cap-letter{width:1em;height:1em}.elementor-widget-text-editor .elementor-drop-cap{float:left;text-align:center;line-height:1;font-size:50px}.elementor-widget-text-editor .elementor-drop-cap-letter{display:inline-block}<\/style>\t\t\t\t<p>Hybridn\u00e9 vozidl\u00e1 vo v\u0161etk\u00fdch svojich podob\u00e1ch a variantoch sa v posledn\u00fdch rokoch stali neoddelite\u013enou s\u00fa\u010das\u0165ou n\u00e1\u0161ho automobilov\u00e9ho sveta.  <strong>Kombinuj\u00fa tradi\u010dn\u00e9 spa\u013eovanie s elektrickou energiou, \u010do pon\u00faka plynul\u00fd pohon a prekvapivo n\u00edzku spotrebu paliva.<\/strong>  Priekopn\u00edkom tejto koncepcie bola spolo\u010dnos\u0165 Toyota, ktor\u00e1 t\u00fato nov\u00fa technol\u00f3giu roz\u0161\u00edrila v\u010faka svojmu modelu Prius a podobn\u00fdm modelom. Tak\u00e9to vozidl\u00e1 s\u00fa s\u00edce \u00fasporn\u00e9 a \u0161etrn\u00e9 k \u017eivotn\u00e9mu prostrediu, ale z poh\u013eadu vodi\u010da nie s\u00fa pr\u00edli\u0161 vzru\u0161uj\u00face. Na\u0161\u0165astie viacer\u00ed v\u00fdrobcovia po\u010d\u00edtali s t\u00fdm, \u017ee ak sa t\u00e1to technol\u00f3gia pou\u017eije inak, bude mo\u017en\u00e9 vyrobi\u0165 nieko\u013eko \u00fa\u017easn\u00fdch automobilov. Jedn\u00fdm z nich bolo BMW, ktor\u00e9 sa rozhodlo vyrobi\u0165 \u0161pi\u010dkov\u00fd \u0161portov\u00fd automobil v hybridnej podobe. Jeho n\u00e1zov je i8 a tu je jeho pr\u00edbeh.<\/p>\n<\/p>\n<h2>BMW i8 &#8211; \u0161portov\u00fd hybrid<\/h2>\n<p>Hoci medzi jednotliv\u00fdmi modelmi existuj\u00fa rozdiely, v\u0161etky hybridn\u00e9 vozidl\u00e1 funguj\u00fa na podobnom princ\u00edpe. Na za\u010diatok je tu tradi\u010dn\u00fd spa\u013eovac\u00ed motor, ktor\u00fd pou\u017e\u00edva benz\u00edn, naftu alebo in\u00fa formu paliva.  <strong>\u010ealej je tu elektromotor, ktor\u00fd z\u00edskava elektrick\u00fa energiu z akumul\u00e1tora. Na rozdiel od plne elektrick\u00fdch vozidiel s\u00fa v\u0161ak tieto bat\u00e9rie ove\u013ea men\u0161ie, preto\u017ee ich dojazd nemus\u00ed by\u0165 ve\u013ek\u00fd.<\/strong>  Tieto dva motory s\u00fa spojen\u00e9 tak, aby mohli pracova\u0165 samostatne alebo spolo\u010dne v z\u00e1vislosti od jazdn\u00fdch podmienok. Napr\u00edklad v pomalom mestskom prostred\u00ed bude pracova\u0165 len elektromotor, aby sa u\u0161etrilo palivo. Ke\u010f je v\u0161ak potrebn\u00fd vy\u0161\u0161\u00ed v\u00fdkon, napr\u00edklad pri zr\u00fdch\u013eovan\u00ed, zapoj\u00ed sa aj spa\u013eovac\u00ed motor. Tie bud\u00fa spolupracova\u0165 na zabezpe\u010den\u00ed maxim\u00e1lneho v\u00fdkonu a najlep\u0161ieho mo\u017en\u00e9ho v\u00fdkonu. Okrem toho sa \u010das\u0165 energie vyrobenej po\u010das t\u00fdchto obdob\u00ed pou\u017eije aj na dob\u00edjanie bat\u00e9ri\u00ed. Hybridn\u00e9 vozidl\u00e1 s\u00fa preto pri spr\u00e1vnom pou\u017e\u00edvan\u00ed ve\u013emi \u00fasporn\u00e9 a \u0161etrn\u00e9 k \u017eivotn\u00e9mu prostrediu.<\/p>\n<p>Niektor\u00ed v\u00fdrobcovia automobilov v\u0161ak uznali, \u017ee t\u00e1to relat\u00edvne nov\u00e1 technol\u00f3gia m\u00e1 potenci\u00e1l v \u0161pi\u010dkov\u00fdch \u0161portov\u00fdch vozidl\u00e1ch, preto\u017ee m\u00f4\u017ee zlep\u0161i\u0165 ich v\u00fdkon. Z ve\u013ekej \u010dasti za to m\u00f4\u017ee elektromotor a jeho charakteristika kr\u00fatiaceho momentu.  <strong>Na rozdiel od spa\u013eovac\u00edch motorov maj\u00fa k dispoz\u00edcii v\u0161etok svoj v\u00fdkon u\u017e od za\u010diatku a nie je potrebn\u00e9 \u010daka\u0165, k\u00fdm sa zv\u00fd\u0161ia ot\u00e1\u010dky.<\/strong>  A pr\u00e1ve t\u00e1to vlastnos\u0165 pom\u00e1ha v spojen\u00ed s prepl\u0148ovan\u00fdm motorom zn\u00ed\u017ei\u0165 alebo odstr\u00e1ni\u0165 jeho oneskorenie. Vozidlo s tak\u00fdmto pohonom bude preto r\u00fdchlej\u0161ie pri rozjazde a bude ma\u0165 lep\u0161iu dynamiku pri raden\u00ed prevodov\u00fdch stup\u0148ov. Jedn\u00fdm z v\u00fdrobcov, ktor\u00fd sa o to hlboko zauj\u00edmal, bolo BMW, ktor\u00e9 v roku 2014 po nieko\u013ek\u00fdch koncep\u010dn\u00fdch modeloch kone\u010dne pri\u0161lo s hybridn\u00fdm modelom i8.<\/p>\n<\/p>\n<h2>BMW i8 &#8211; vzh\u013ead<\/h2>\n<p>Vzh\u013ead i8 je jednou z vec\u00ed, ktor\u00e9 ho \u00faplne odli\u0161uj\u00fa od zvy\u0161ku ponuky BMW. V\u00e4\u010d\u0161ina vozidiel tohto bavorsk\u00e9ho v\u00fdrobcu, dokonca aj vysokov\u00fdkonn\u00e9 modely M, m\u00e1 tradi\u010dn\u00fd tvar.  <strong>Naopak, \u0161portov\u00fd hybrid i8 s radik\u00e1lnym tvarom sa im nepodob\u00e1.<\/strong>  Ke\u010f stoj\u00edte ved\u013ea neho, rozhodn\u00fa\u0165 sa, z ak\u00e9ho uhla vyzer\u00e1 najv\u00fdraznej\u0161ie, nie je jednoduch\u00e1 \u00faloha. V prednej \u010dasti je n\u00edzka, sklonen\u00e1 kapota s ve\u013ek\u00fdm ventila\u010dn\u00fdm otvorom doplnen\u00e1 o agres\u00edvne vyzeraj\u00facu mrie\u017eku chladi\u010da a svetlomety. Pri poh\u013eade zboku dominuj\u00fa mohutn\u00e9 obl\u00faky zadnej \u010dasti vozidla. Najneobvyklej\u0161\u00ed je v\u0161ak dizajn zadnej strany. V hornej \u010dasti m\u00e1 integrovan\u00e9 vetracie otvory, bo\u010dn\u00e9 hrany pripom\u00ednaj\u00face spojler a v spodnej \u010dasti m\u00e1 dif\u00fazor. Jazda za i8 je nepochybne z\u00e1bavn\u00fdm divadlom.<\/p>\n\t\t\t\t\t\t<\/div>\n\t\t\t\t<\/div>\n\t\t\t\t\t<\/div>\n\t\t<\/div>\n\t\t\t\t\t<\/div>\n\t\t<\/section>\n\t\t\t\t<section class=\"elementor-section elementor-top-section elementor-element elementor-element-deecf09 elementor-section-boxed elementor-section-height-default elementor-section-height-default\" data-id=\"deecf09\" data-element_type=\"section\">\n\t\t\t\t\t\t<div class=\"elementor-container elementor-column-gap-default\">\n\t\t\t\t\t<div class=\"elementor-column elementor-col-100 elementor-top-column elementor-element elementor-element-0e3e413\" data-id=\"0e3e413\" data-element_type=\"column\">\n\t\t\t<div class=\"elementor-widget-wrap elementor-element-populated\">\n\t\t\t\t\t\t<div class=\"elementor-element elementor-element-1435b0b elementor-widget elementor-widget-image\" data-id=\"1435b0b\" data-element_type=\"widget\" data-widget_type=\"image.default\">\n\t\t\t\t<div class=\"elementor-widget-container\">\n\t\t\t<style>\/*! elementor - v3.21.0 - 18-04-2024 *\/\n.elementor-widget-image{text-align:center}.elementor-widget-image a{display:inline-block}.elementor-widget-image a img[src$=\".svg\"]{width:48px}.elementor-widget-image img{vertical-align:middle;display:inline-block}<\/style>\t\t\t\t\t\t\t\t\t\t<img fetchpriority=\"high\" decoding=\"async\" width=\"1024\" height=\"688\" src=\"https:\/\/pistonaddict.com\/wp-content\/uploads\/2023\/03\/BMW-i8-2-1024x688.jpg\" class=\"attachment-large size-large wp-image-29832\" alt=\"\" srcset=\"https:\/\/pistonaddict.com\/wp-content\/uploads\/2023\/03\/BMW-i8-2-1024x688.jpg 1024w, https:\/\/pistonaddict.com\/wp-content\/uploads\/2023\/03\/BMW-i8-2-600x403.jpg 600w, https:\/\/pistonaddict.com\/wp-content\/uploads\/2023\/03\/BMW-i8-2-300x202.jpg 300w, https:\/\/pistonaddict.com\/wp-content\/uploads\/2023\/03\/BMW-i8-2-768x516.jpg 768w, https:\/\/pistonaddict.com\/wp-content\/uploads\/2023\/03\/BMW-i8-2.jpg 1500w\" sizes=\"(max-width: 1024px) 100vw, 1024px\" \/>\t\t\t\t\t\t\t\t\t\t\t\t\t<\/div>\n\t\t\t\t<\/div>\n\t\t\t\t\t<\/div>\n\t\t<\/div>\n\t\t\t\t\t<\/div>\n\t\t<\/section>\n\t\t\t\t<section class=\"elementor-section elementor-top-section elementor-element elementor-element-6b01901 elementor-section-boxed elementor-section-height-default elementor-section-height-default\" data-id=\"6b01901\" data-element_type=\"section\">\n\t\t\t\t\t\t<div class=\"elementor-container elementor-column-gap-default\">\n\t\t\t\t\t<div class=\"elementor-column elementor-col-100 elementor-top-column elementor-element elementor-element-3be2f2e\" data-id=\"3be2f2e\" data-element_type=\"column\">\n\t\t\t<div class=\"elementor-widget-wrap elementor-element-populated\">\n\t\t\t\t\t\t<div class=\"elementor-element elementor-element-4171002 elementor-widget elementor-widget-text-editor\" data-id=\"4171002\" data-element_type=\"widget\" data-widget_type=\"text-editor.default\">\n\t\t\t\t<div class=\"elementor-widget-container\">\n\t\t\t\t\t\t\t<p>BMW i8 bolo k dispoz\u00edcii v dvoch karos\u00e1rskych verzi\u00e1ch, bu\u010f ako kup\u00e9, alebo roadster. Hlavn\u00fd rozdiel medzi nimi je okrem absencie strechy v tom, ko\u013eko cestuj\u00facich m\u00f4\u017eu prepravova\u0165. Zatia\u013e \u010do kup\u00e9 je vybaven\u00e9 \u0161tyrmi sedadlami, roadster m\u00e1 pod\u013ea o\u010dak\u00e1vania len dve. Karos\u00e9ria v oboch variantoch je vyroben\u00e1 z uhl\u00edkov\u00fdch vl\u00e1kien, pod ktor\u00fdmi je hlin\u00edkov\u00e1 kon\u0161trukcia.<\/p>\n\t\t\t\t\t\t<\/div>\n\t\t\t\t<\/div>\n\t\t\t\t\t<\/div>\n\t\t<\/div>\n\t\t\t\t\t<\/div>\n\t\t<\/section>\n\t\t\t\t<section class=\"elementor-section elementor-top-section elementor-element elementor-element-9faf877 elementor-section-boxed elementor-section-height-default elementor-section-height-default\" data-id=\"9faf877\" data-element_type=\"section\">\n\t\t\t\t\t\t<div class=\"elementor-container elementor-column-gap-default\">\n\t\t\t\t\t<div class=\"elementor-column elementor-col-100 elementor-top-column elementor-element elementor-element-03e9194\" data-id=\"03e9194\" data-element_type=\"column\">\n\t\t\t<div class=\"elementor-widget-wrap elementor-element-populated\">\n\t\t\t\t\t\t<div class=\"elementor-element elementor-element-7e5eff5 elementor-widget elementor-widget-image\" data-id=\"7e5eff5\" data-element_type=\"widget\" data-widget_type=\"image.default\">\n\t\t\t\t<div class=\"elementor-widget-container\">\n\t\t\t\t\t\t\t\t\t\t\t\t\t<img decoding=\"async\" width=\"1024\" height=\"768\" src=\"https:\/\/pistonaddict.com\/wp-content\/uploads\/2023\/03\/BMW-i8-4-1024x768.jpg\" class=\"attachment-large size-large wp-image-29876\" alt=\"\" srcset=\"https:\/\/pistonaddict.com\/wp-content\/uploads\/2023\/03\/BMW-i8-4-1024x768.jpg 1024w, https:\/\/pistonaddict.com\/wp-content\/uploads\/2023\/03\/BMW-i8-4-520x390.jpg 520w, https:\/\/pistonaddict.com\/wp-content\/uploads\/2023\/03\/BMW-i8-4-600x450.jpg 600w, https:\/\/pistonaddict.com\/wp-content\/uploads\/2023\/03\/BMW-i8-4-300x225.jpg 300w, https:\/\/pistonaddict.com\/wp-content\/uploads\/2023\/03\/BMW-i8-4-768x576.jpg 768w, https:\/\/pistonaddict.com\/wp-content\/uploads\/2023\/03\/BMW-i8-4-1536x1152.jpg 1536w, https:\/\/pistonaddict.com\/wp-content\/uploads\/2023\/03\/BMW-i8-4.jpg 2048w\" sizes=\"(max-width: 1024px) 100vw, 1024px\" \/>\t\t\t\t\t\t\t\t\t\t\t\t\t<\/div>\n\t\t\t\t<\/div>\n\t\t\t\t\t<\/div>\n\t\t<\/div>\n\t\t\t\t\t<\/div>\n\t\t<\/section>\n\t\t\t\t<section class=\"elementor-section elementor-top-section elementor-element elementor-element-8448151 elementor-section-boxed elementor-section-height-default elementor-section-height-default\" data-id=\"8448151\" data-element_type=\"section\">\n\t\t\t\t\t\t<div class=\"elementor-container elementor-column-gap-default\">\n\t\t\t\t\t<div class=\"elementor-column elementor-col-100 elementor-top-column elementor-element elementor-element-1eabf88\" data-id=\"1eabf88\" data-element_type=\"column\">\n\t\t\t<div class=\"elementor-widget-wrap elementor-element-populated\">\n\t\t\t\t\t\t<div class=\"elementor-element elementor-element-3b5eab4 elementor-widget elementor-widget-text-editor\" data-id=\"3b5eab4\" data-element_type=\"widget\" data-widget_type=\"text-editor.default\">\n\t\t\t\t<div class=\"elementor-widget-container\">\n\t\t\t\t\t\t\t<p>Jedn\u00fdm z jedine\u010dn\u00fdch prvkov tohto vozidla s\u00fa jeho dvere, preto\u017ee ich otv\u00e1ranie je dos\u0165 nezvy\u010dajn\u00e9. Zatia\u013e \u010do mnoh\u00e9 vysokov\u00fdkonn\u00e9 vozidl\u00e1 pou\u017e\u00edvaj\u00fa no\u017enicov\u00e9 dvere, ktor\u00e9 sa pohybuj\u00fa vertik\u00e1lne, BMW sa rozhodlo pre trochu in\u00e9 rie\u0161enie, tzv. mot\u00fdlie dvere. Tieto z\u00e1vesy sa otv\u00e1raj\u00fa vertik\u00e1lne a smerom von, \u010do umo\u017e\u0148uje \u013eah\u0161\u00ed vstup.<\/p>\n<\/p>\n<h2>BMW i8 &#8211; \u010do sa pod n\u00edm skr\u00fdva<\/h2>\n<p>Napriek rozdielom vo ve\u013ekosti alebo v\u00fdkone m\u00e1 takmer ka\u017ed\u00e9 BMW vyroben\u00e9 v posledn\u00fdch desa\u0165ro\u010diach rovnak\u00e9 z\u00e1kladn\u00e9 usporiadanie. Motor sa nach\u00e1dza vpredu, nieko\u013eko sedadiel uprostred a pohon zadn\u00fdch kolies vzadu.  <strong>Iste, existuj\u00fa aj modely 4&#215;4, ale to na z\u00e1kladnej koncepcii ve\u013ea nemen\u00ed.<\/strong>  Model i8 m\u00e1 v\u0161ak motor vzadu, hne\u010f za sedadlami, tak\u017ee ide o vozidlo s motorom uprostred. T\u00fato konfigur\u00e1ciu vyu\u017e\u00edva mnoho v\u00fdrobcov vysokov\u00fdkonn\u00fdch \u0161portov\u00fdch vozidiel, preto\u017ee pon\u00faka vynikaj\u00face rozlo\u017eenie hmotnosti. Nie je teda divu, \u017ee si BMW pre i8 vybralo pr\u00e1ve t\u00fato konfigur\u00e1ciu.<\/p>\n\t\t\t\t\t\t<\/div>\n\t\t\t\t<\/div>\n\t\t\t\t\t<\/div>\n\t\t<\/div>\n\t\t\t\t\t<\/div>\n\t\t<\/section>\n\t\t\t\t<section class=\"elementor-section elementor-top-section elementor-element elementor-element-9e7d16a elementor-section-boxed elementor-section-height-default elementor-section-height-default\" data-id=\"9e7d16a\" data-element_type=\"section\">\n\t\t\t\t\t\t<div class=\"elementor-container elementor-column-gap-default\">\n\t\t\t\t\t<div class=\"elementor-column elementor-col-100 elementor-top-column elementor-element elementor-element-810e11c\" data-id=\"810e11c\" data-element_type=\"column\">\n\t\t\t<div class=\"elementor-widget-wrap elementor-element-populated\">\n\t\t\t\t\t\t<div class=\"elementor-element elementor-element-a95cbb3 elementor-widget elementor-widget-image\" data-id=\"a95cbb3\" data-element_type=\"widget\" data-widget_type=\"image.default\">\n\t\t\t\t<div class=\"elementor-widget-container\">\n\t\t\t\t\t\t\t\t\t\t\t\t\t<img decoding=\"async\" width=\"1024\" height=\"768\" src=\"https:\/\/pistonaddict.com\/wp-content\/uploads\/2023\/03\/BMW-i8-5-1024x768.jpg\" class=\"attachment-large size-large wp-image-29898\" alt=\"\" srcset=\"https:\/\/pistonaddict.com\/wp-content\/uploads\/2023\/03\/BMW-i8-5-1024x768.jpg 1024w, https:\/\/pistonaddict.com\/wp-content\/uploads\/2023\/03\/BMW-i8-5-520x390.jpg 520w, https:\/\/pistonaddict.com\/wp-content\/uploads\/2023\/03\/BMW-i8-5-600x450.jpg 600w, https:\/\/pistonaddict.com\/wp-content\/uploads\/2023\/03\/BMW-i8-5-300x225.jpg 300w, https:\/\/pistonaddict.com\/wp-content\/uploads\/2023\/03\/BMW-i8-5-768x576.jpg 768w, https:\/\/pistonaddict.com\/wp-content\/uploads\/2023\/03\/BMW-i8-5-1536x1152.jpg 1536w, https:\/\/pistonaddict.com\/wp-content\/uploads\/2023\/03\/BMW-i8-5.jpg 2048w\" sizes=\"(max-width: 1024px) 100vw, 1024px\" \/>\t\t\t\t\t\t\t\t\t\t\t\t\t<\/div>\n\t\t\t\t<\/div>\n\t\t\t\t\t<\/div>\n\t\t<\/div>\n\t\t\t\t\t<\/div>\n\t\t<\/section>\n\t\t\t\t<section class=\"elementor-section elementor-top-section elementor-element elementor-element-cd3a23b elementor-section-boxed elementor-section-height-default elementor-section-height-default\" data-id=\"cd3a23b\" data-element_type=\"section\">\n\t\t\t\t\t\t<div class=\"elementor-container elementor-column-gap-default\">\n\t\t\t\t\t<div class=\"elementor-column elementor-col-100 elementor-top-column elementor-element elementor-element-37cf6bf\" data-id=\"37cf6bf\" data-element_type=\"column\">\n\t\t\t<div class=\"elementor-widget-wrap elementor-element-populated\">\n\t\t\t\t\t\t<div class=\"elementor-element elementor-element-f8679a0 elementor-widget elementor-widget-text-editor\" data-id=\"f8679a0\" data-element_type=\"widget\" data-widget_type=\"text-editor.default\">\n\t\t\t\t<div class=\"elementor-widget-container\">\n\t\t\t\t\t\t\t<p>Motor, ktor\u00fd sa rozhodli pou\u017ei\u0165 pre tento \u0161portov\u00fd automobil, sa v\u0161ak na prv\u00fd poh\u013ead m\u00f4\u017ee zda\u0165 trochu zvl\u00e1\u0161tny. Zo v\u0161etk\u00fdch dostupn\u00fdch agreg\u00e1tov si BMW vybralo najmen\u0161\u00ed 1,5-litrov\u00fd benz\u00ednov\u00fd motor, ktor\u00fd m\u00e1 iba tri valce. Hoci to neznie ako s\u013eubn\u00fd za\u010diatok, tento motor m\u00e1 v ruk\u00e1ve nieko\u013eko es, ktor\u00e9 by mali zv\u00fd\u0161i\u0165 v\u00fdkon.<strong>  Patr\u00ed sem najmodernej\u0161\u00ed syst\u00e9m prepl\u0148ovania turbod\u00fachadlom, d\u00f4myseln\u00e1 technol\u00f3gia \u010dasovania ventilov a priame vstrekovanie paliva.<\/strong>  V\u010faka v\u0161etk\u00fdm t\u00fdmto technologick\u00fdm z\u00e1zrakom dosahuje benz\u00ednov\u00fd motor i8 \u00fa\u017easn\u00fd v\u00fdkon 228 kon\u00ed. T\u00e1to energia sa potom pren\u00e1\u0161a na zadn\u00e9 koles\u00e1 prostredn\u00edctvom vynikaj\u00facej 6-stup\u0148ovej automatickej prevodovky od spolo\u010dnosti Aisin Seiki.<\/p>\n<p>Vpredu je potom elektromotor s v\u00fdkonom 131 kon\u00ed, ktor\u00fd pod\u013ea o\u010dak\u00e1vania poh\u00e1\u0148a predn\u00e9 koles\u00e1. M\u00e1 dostatok \u0161\u0165avy na to, aby sa vozidlo mohlo pohybova\u0165 len v elektrickom re\u017eime s \u00faplne vypnut\u00fdm benz\u00ednov\u00fdm motorom. Ke\u010f s\u00fa v\u0161ak obe zapnut\u00e9, z i8 sa stane strela s pohonom v\u0161etk\u00fdch \u0161tyroch kolies a v\u00fdkonom takmer 360 kon\u00ed. A najlep\u0161ie je, \u017ee v\u010faka absencii mechanick\u00fdch \u010dast\u00ed sp\u00e1jaj\u00facich predn\u00fa a zadn\u00fa n\u00e1pravu je aj \u013eahk\u00fd. T\u00fdm sa u\u0161etr\u00ed aj miesto v strede vozidla, kde sa namiesto neho nach\u00e1dza l\u00edtium-i\u00f3nov\u00fd akumul\u00e1tor.  <\/p>\n<\/p>\n<h2>BMW i8 &#8211; ako ka\u017edodenn\u00fd vodi\u010d<\/h2>\n<p><strong>BMW i8 je napriek hybridn\u00e9mu pohonu predov\u0161etk\u00fdm \u0161portov\u00fdm vozidlom, \u010do potvrdzuj\u00fa aj \u00fadaje o v\u00fdkone<\/strong>. Pri rozjazde na pln\u00fd plyn sa dostane na stovku za menej ako 5 sek\u00fand a pokra\u010duje a\u017e do elektronicky obmedzen\u00fdch 155 m\u00ed\u013e za hodinu. A v\u010faka \u013eahkej kon\u0161trukcii a n\u00edzkemu \u0165a\u017eisku sa v\u00fdnimo\u010dne dobre ovl\u00e1da v z\u00e1krut\u00e1ch. Tak\u017ee to je ten v\u00fdkonnostn\u00fd k\u00fasok, ktor\u00fd je od\u0161krtnut\u00fd.<\/p>\n\t\t\t\t\t\t<\/div>\n\t\t\t\t<\/div>\n\t\t\t\t\t<\/div>\n\t\t<\/div>\n\t\t\t\t\t<\/div>\n\t\t<\/section>\n\t\t\t\t<section class=\"elementor-section elementor-top-section elementor-element elementor-element-bc08ef1 elementor-section-boxed elementor-section-height-default elementor-section-height-default\" data-id=\"bc08ef1\" data-element_type=\"section\">\n\t\t\t\t\t\t<div class=\"elementor-container elementor-column-gap-default\">\n\t\t\t\t\t<div class=\"elementor-column elementor-col-100 elementor-top-column elementor-element elementor-element-c80b94c\" data-id=\"c80b94c\" data-element_type=\"column\">\n\t\t\t<div class=\"elementor-widget-wrap elementor-element-populated\">\n\t\t\t\t\t\t<div class=\"elementor-element elementor-element-b86e0ca elementor-widget elementor-widget-image\" data-id=\"b86e0ca\" data-element_type=\"widget\" data-widget_type=\"image.default\">\n\t\t\t\t<div class=\"elementor-widget-container\">\n\t\t\t\t\t\t\t\t\t\t\t\t\t<img loading=\"lazy\" decoding=\"async\" width=\"1024\" height=\"677\" src=\"https:\/\/pistonaddict.com\/wp-content\/uploads\/2023\/03\/BMW-i8-1-1024x677.jpg\" class=\"attachment-large size-large wp-image-29810\" alt=\"\" srcset=\"https:\/\/pistonaddict.com\/wp-content\/uploads\/2023\/03\/BMW-i8-1-1024x677.jpg 1024w, https:\/\/pistonaddict.com\/wp-content\/uploads\/2023\/03\/BMW-i8-1-600x397.jpg 600w, https:\/\/pistonaddict.com\/wp-content\/uploads\/2023\/03\/BMW-i8-1-300x198.jpg 300w, https:\/\/pistonaddict.com\/wp-content\/uploads\/2023\/03\/BMW-i8-1-768x508.jpg 768w, https:\/\/pistonaddict.com\/wp-content\/uploads\/2023\/03\/BMW-i8-1-1536x1016.jpg 1536w, https:\/\/pistonaddict.com\/wp-content\/uploads\/2023\/03\/BMW-i8-1.jpg 2047w\" sizes=\"(max-width: 1024px) 100vw, 1024px\" \/>\t\t\t\t\t\t\t\t\t\t\t\t\t<\/div>\n\t\t\t\t<\/div>\n\t\t\t\t\t<\/div>\n\t\t<\/div>\n\t\t\t\t\t<\/div>\n\t\t<\/section>\n\t\t\t\t<section class=\"elementor-section elementor-top-section elementor-element elementor-element-2160704 elementor-section-boxed elementor-section-height-default elementor-section-height-default\" data-id=\"2160704\" data-element_type=\"section\">\n\t\t\t\t\t\t<div class=\"elementor-container elementor-column-gap-default\">\n\t\t\t\t\t<div class=\"elementor-column elementor-col-100 elementor-top-column elementor-element elementor-element-275a0c5\" data-id=\"275a0c5\" data-element_type=\"column\">\n\t\t\t<div class=\"elementor-widget-wrap elementor-element-populated\">\n\t\t\t\t\t\t<div class=\"elementor-element elementor-element-158dc22 elementor-widget elementor-widget-text-editor\" data-id=\"158dc22\" data-element_type=\"widget\" data-widget_type=\"text-editor.default\">\n\t\t\t\t<div class=\"elementor-widget-container\">\n\t\t\t\t\t\t\t<p>Teraz k hybridnej a elektrickej \u010dasti rovnice. Na za\u010diatok, v plne elektrickom re\u017eime dok\u00e1\u017ee i8 prejs\u0165 takmer 20 km. <strong>Iste, nie je to ve\u013ea, ale na v\u00e4\u010d\u0161inu ka\u017edodenn\u00e9ho doch\u00e1dzania do pr\u00e1ce to sta\u010d\u00ed<\/strong>. Okrem toho sa v tomto re\u017eime v\u00fdborne hod\u00ed do mestskej prem\u00e1vky, kde m\u00f4\u017ee by\u0165 ovl\u00e1danie be\u017en\u00fdch v\u00fdkonn\u00fdch vozidiel n\u00e1ro\u010dn\u00e9. Aj s benz\u00ednov\u00fdm motorom dok\u00e1\u017ee prejs\u0165 a\u017e 130 m\u00ed\u013e na gal\u00f3n. Jednou z funkci\u00ed, ktor\u00e9 to umo\u017e\u0148uj\u00fa, je rekupera\u010dn\u00e9 brzdenie, ktor\u00e9 zachyt\u00e1va inak premrhan\u00fa energiu a vyu\u017e\u00edva ju na dob\u00edjanie bat\u00e9ri\u00ed.<\/p>\n<p>Nakoniec je tu interi\u00e9r, ktor\u00fd je vo verzii kup\u00e9 dostato\u010dne priestrann\u00fd, aby sa do\u0148 zmestili \u0161tyri dospel\u00e9 osoby. Tak\u00e1to konfigur\u00e1cia, ktor\u00e1 je pre vozidlo tohto typu nezvy\u010dajn\u00e1, je mo\u017en\u00e1 v\u010faka hnaciemu \u00fastrojenstvu a jeho kompaktnosti. D\u00f4vodom je, \u017ee priestor medzi prednou a zadnou \u010das\u0165ou vozidla nezaberaj\u00fa \u017eiadne mechanick\u00e9 \u010dasti.  <\/p>\n<\/p>\n<h2>BMW i8 &#8211; z\u00e1ver<\/h2>\n<p>Model i8 je pokusom spolo\u010dnosti BMW o vytvorenie \u0161portov\u00e9ho plug-in elektrick\u00e9ho hybridu, ktor\u00fd sa vyr\u00e1bal v rokoch 2014 a\u017e 2020. Toto vozidlo m\u00e1 vzadu trojvalcov\u00fd benz\u00ednov\u00fd motor, ktor\u00fd poh\u00e1\u0148a zadn\u00e9 koles\u00e1, a elektromotor, ktor\u00fd poh\u00e1\u0148a predn\u00fa n\u00e1pravu.  <strong>Spolu maj\u00fa v\u00fdkon 360 kon\u00ed a dok\u00e1\u017eu prejs\u0165 a\u017e 20 kilometrov v re\u017eime len na elektrick\u00fd pohon.<\/strong>  V\u010faka pokro\u010dil\u00e9mu pohonu a premyslenej konfigur\u00e1cii karos\u00e9rie je BMW i8 vynikaj\u00facim v\u00fdkonn\u00fdm vozidlom a praktick\u00fdm ka\u017edodenn\u00fdm vodi\u010dom. To nepochybne prispelo k jeho popularite a urobilo z neho najpred\u00e1vanej\u0161ie hybridn\u00e9 \u0161portov\u00e9 vozidlo. Pred ukon\u010den\u00edm v\u00fdroby v j\u00fani 2022 opustilo mont\u00e1\u017enu linku v Lipsku viac ako 20 000 vozidiel BMW i8.  <\/p>\n\t\t\t\t\t\t<\/div>\n\t\t\t\t<\/div>\n\t\t\t\t\t<\/div>\n\t\t<\/div>\n\t\t\t\t\t<\/div>\n\t\t<\/section>\n\t\t\t\t<\/div>\n\t\t","protected":false},"excerpt":{"rendered":"<p>Hybridn\u00e9 vozidl\u00e1 vo v\u0161etk\u00fdch svojich podob\u00e1ch a variantoch sa v posledn\u00fdch rokoch stali neoddelite\u013enou s\u00fa\u010das\u0165ou n\u00e1\u0161ho automobilov\u00e9ho sveta.  <\/p>\n","protected":false},"author":19,"featured_media":29872,"comment_status":"closed","ping_status":"closed","sticky":false,"template":"","format":"standard","meta":{"inline_featured_image":false,"footnotes":""},"categories":[51],"tags":[],"acf":[],"yoast_head":"<!-- This site is optimized with the Yoast SEO plugin v22.5 - https:\/\/yoast.com\/wordpress\/plugins\/seo\/ -->\n<title>BMW i8 na predaj v aukcii - Piston Addict str\u00e1nky<\/title>\n<meta name=\"description\" content=\"V\u0161etko, \u010do potrebujete vedie\u0165 o BMW i8. Pozrite si v\u0161etky aukcie vozidiel BMW i8 na str\u00e1nke PistonAddict.com.\" \/>\n<meta name=\"robots\" content=\"index, follow, max-snippet:-1, max-image-preview:large, max-video-preview:-1\" \/>\n<link rel=\"canonical\" href=\"https:\/\/pistonaddict.com\/sk\/bmw-i8-na-predaj-v-aukcii\/\" \/>\n<meta property=\"og:locale\" content=\"sk_SK\" \/>\n<meta property=\"og:type\" content=\"article\" \/>\n<meta property=\"og:title\" content=\"BMW i8 na predaj v aukcii - Piston Addict str\u00e1nky\" \/>\n<meta property=\"og:description\" content=\"V\u0161etko, \u010do potrebujete vedie\u0165 o BMW i8. Pozrite si v\u0161etky aukcie vozidiel BMW i8 na str\u00e1nke PistonAddict.com.\" \/>\n<meta property=\"og:url\" content=\"https:\/\/pistonaddict.com\/sk\/bmw-i8-na-predaj-v-aukcii\/\" \/>\n<meta property=\"og:site_name\" content=\"Piston Addict\" \/>\n<meta property=\"article:published_time\" content=\"2023-03-08T20:39:26+00:00\" \/>\n<meta property=\"article:modified_time\" content=\"2023-03-08T20:47:57+00:00\" \/>\n<meta property=\"og:image\" content=\"https:\/\/pistonaddict.com\/wp-content\/uploads\/2023\/03\/BMW-i8-3.jpg\" \/>\n\t<meta property=\"og:image:width\" content=\"2048\" \/>\n\t<meta property=\"og:image:height\" content=\"1264\" \/>\n\t<meta property=\"og:image:type\" content=\"image\/jpeg\" \/>\n<meta name=\"author\" content=\"kubiweb\" \/>\n<meta name=\"twitter:card\" content=\"summary_large_image\" \/>\n<meta name=\"twitter:label1\" content=\"Autor\" \/>\n\t<meta name=\"twitter:data1\" content=\"kubiweb\" \/>\n\t<meta name=\"twitter:label2\" content=\"Predpokladan\u00fd \u010das \u010d\u00edtania\" \/>\n\t<meta name=\"twitter:data2\" content=\"8 min\u00fat\" \/>\n<script type=\"application\/ld+json\" class=\"yoast-schema-graph\">{\"@context\":\"https:\/\/schema.org\",\"@graph\":[{\"@type\":\"Article\",\"@id\":\"https:\/\/pistonaddict.com\/sk\/bmw-i8-na-predaj-v-aukcii\/#article\",\"isPartOf\":{\"@id\":\"https:\/\/pistonaddict.com\/sk\/bmw-i8-na-predaj-v-aukcii\/\"},\"author\":{\"name\":\"kubiweb\",\"@id\":\"https:\/\/pistonaddict.com\/sk\/#\/schema\/person\/b654bd8ec8744297879f6f28628ad974\"},\"headline\":\"BMW i8 na predaj v aukcii\",\"datePublished\":\"2023-03-08T20:39:26+00:00\",\"dateModified\":\"2023-03-08T20:47:57+00:00\",\"mainEntityOfPage\":{\"@id\":\"https:\/\/pistonaddict.com\/sk\/bmw-i8-na-predaj-v-aukcii\/\"},\"wordCount\":1538,\"publisher\":{\"@id\":\"https:\/\/pistonaddict.com\/sk\/#organization\"},\"image\":{\"@id\":\"https:\/\/pistonaddict.com\/sk\/bmw-i8-na-predaj-v-aukcii\/#primaryimage\"},\"thumbnailUrl\":\"https:\/\/pistonaddict.com\/wp-content\/uploads\/2023\/03\/BMW-i8-3.jpg\",\"articleSection\":[\"Uncategorized @sk\"],\"inLanguage\":\"sk-SK\"},{\"@type\":\"WebPage\",\"@id\":\"https:\/\/pistonaddict.com\/sk\/bmw-i8-na-predaj-v-aukcii\/\",\"url\":\"https:\/\/pistonaddict.com\/sk\/bmw-i8-na-predaj-v-aukcii\/\",\"name\":\"BMW i8 na predaj v aukcii - Piston Addict str\u00e1nky\",\"isPartOf\":{\"@id\":\"https:\/\/pistonaddict.com\/sk\/#website\"},\"primaryImageOfPage\":{\"@id\":\"https:\/\/pistonaddict.com\/sk\/bmw-i8-na-predaj-v-aukcii\/#primaryimage\"},\"image\":{\"@id\":\"https:\/\/pistonaddict.com\/sk\/bmw-i8-na-predaj-v-aukcii\/#primaryimage\"},\"thumbnailUrl\":\"https:\/\/pistonaddict.com\/wp-content\/uploads\/2023\/03\/BMW-i8-3.jpg\",\"datePublished\":\"2023-03-08T20:39:26+00:00\",\"dateModified\":\"2023-03-08T20:47:57+00:00\",\"description\":\"V\u0161etko, \u010do potrebujete vedie\u0165 o BMW i8. Pozrite si v\u0161etky aukcie vozidiel BMW i8 na str\u00e1nke PistonAddict.com.\",\"breadcrumb\":{\"@id\":\"https:\/\/pistonaddict.com\/sk\/bmw-i8-na-predaj-v-aukcii\/#breadcrumb\"},\"inLanguage\":\"sk-SK\",\"potentialAction\":[{\"@type\":\"ReadAction\",\"target\":[\"https:\/\/pistonaddict.com\/sk\/bmw-i8-na-predaj-v-aukcii\/\"]}]},{\"@type\":\"ImageObject\",\"inLanguage\":\"sk-SK\",\"@id\":\"https:\/\/pistonaddict.com\/sk\/bmw-i8-na-predaj-v-aukcii\/#primaryimage\",\"url\":\"https:\/\/pistonaddict.com\/wp-content\/uploads\/2023\/03\/BMW-i8-3.jpg\",\"contentUrl\":\"https:\/\/pistonaddict.com\/wp-content\/uploads\/2023\/03\/BMW-i8-3.jpg\",\"width\":2048,\"height\":1264},{\"@type\":\"BreadcrumbList\",\"@id\":\"https:\/\/pistonaddict.com\/sk\/bmw-i8-na-predaj-v-aukcii\/#breadcrumb\",\"itemListElement\":[{\"@type\":\"ListItem\",\"position\":1,\"name\":\"domovskej str\u00e1nke\",\"item\":\"https:\/\/pistonaddict.com\/sk\/uvodna-stranka\/\"},{\"@type\":\"ListItem\",\"position\":2,\"name\":\"BMW i8 na predaj v aukcii\"}]},{\"@type\":\"WebSite\",\"@id\":\"https:\/\/pistonaddict.com\/sk\/#website\",\"url\":\"https:\/\/pistonaddict.com\/sk\/\",\"name\":\"Piston Addict\",\"description\":\"Only interesting vehicles\",\"publisher\":{\"@id\":\"https:\/\/pistonaddict.com\/sk\/#organization\"},\"potentialAction\":[{\"@type\":\"SearchAction\",\"target\":{\"@type\":\"EntryPoint\",\"urlTemplate\":\"https:\/\/pistonaddict.com\/sk\/?s={search_term_string}\"},\"query-input\":\"required name=search_term_string\"}],\"inLanguage\":\"sk-SK\"},{\"@type\":\"Organization\",\"@id\":\"https:\/\/pistonaddict.com\/sk\/#organization\",\"name\":\"Piston Addict\",\"url\":\"https:\/\/pistonaddict.com\/sk\/\",\"logo\":{\"@type\":\"ImageObject\",\"inLanguage\":\"sk-SK\",\"@id\":\"https:\/\/pistonaddict.com\/sk\/#\/schema\/logo\/image\/\",\"url\":\"https:\/\/pistonaddict.com\/wp-content\/uploads\/2022\/07\/logo-6.png\",\"contentUrl\":\"https:\/\/pistonaddict.com\/wp-content\/uploads\/2022\/07\/logo-6.png\",\"width\":970,\"height\":200,\"caption\":\"Piston Addict\"},\"image\":{\"@id\":\"https:\/\/pistonaddict.com\/sk\/#\/schema\/logo\/image\/\"}},{\"@type\":\"Person\",\"@id\":\"https:\/\/pistonaddict.com\/sk\/#\/schema\/person\/b654bd8ec8744297879f6f28628ad974\",\"name\":\"kubiweb\",\"url\":\"https:\/\/pistonaddict.com\/sk\/author\/kubiweb\/\"}]}<\/script>\n<!-- \/ Yoast SEO plugin. -->","yoast_head_json":{"title":"BMW i8 na predaj v aukcii - Piston Addict str\u00e1nky","description":"V\u0161etko, \u010do potrebujete vedie\u0165 o BMW i8. Pozrite si v\u0161etky aukcie vozidiel BMW i8 na str\u00e1nke PistonAddict.com.","robots":{"index":"index","follow":"follow","max-snippet":"max-snippet:-1","max-image-preview":"max-image-preview:large","max-video-preview":"max-video-preview:-1"},"canonical":"https:\/\/pistonaddict.com\/sk\/bmw-i8-na-predaj-v-aukcii\/","og_locale":"sk_SK","og_type":"article","og_title":"BMW i8 na predaj v aukcii - Piston Addict str\u00e1nky","og_description":"V\u0161etko, \u010do potrebujete vedie\u0165 o BMW i8. Pozrite si v\u0161etky aukcie vozidiel BMW i8 na str\u00e1nke PistonAddict.com.","og_url":"https:\/\/pistonaddict.com\/sk\/bmw-i8-na-predaj-v-aukcii\/","og_site_name":"Piston Addict","article_published_time":"2023-03-08T20:39:26+00:00","article_modified_time":"2023-03-08T20:47:57+00:00","og_image":[{"width":2048,"height":1264,"url":"https:\/\/pistonaddict.com\/wp-content\/uploads\/2023\/03\/BMW-i8-3.jpg","type":"image\/jpeg"}],"author":"kubiweb","twitter_card":"summary_large_image","twitter_misc":{"Autor":"kubiweb","Predpokladan\u00fd \u010das \u010d\u00edtania":"8 min\u00fat"},"schema":{"@context":"https:\/\/schema.org","@graph":[{"@type":"Article","@id":"https:\/\/pistonaddict.com\/sk\/bmw-i8-na-predaj-v-aukcii\/#article","isPartOf":{"@id":"https:\/\/pistonaddict.com\/sk\/bmw-i8-na-predaj-v-aukcii\/"},"author":{"name":"kubiweb","@id":"https:\/\/pistonaddict.com\/sk\/#\/schema\/person\/b654bd8ec8744297879f6f28628ad974"},"headline":"BMW i8 na predaj v aukcii","datePublished":"2023-03-08T20:39:26+00:00","dateModified":"2023-03-08T20:47:57+00:00","mainEntityOfPage":{"@id":"https:\/\/pistonaddict.com\/sk\/bmw-i8-na-predaj-v-aukcii\/"},"wordCount":1538,"publisher":{"@id":"https:\/\/pistonaddict.com\/sk\/#organization"},"image":{"@id":"https:\/\/pistonaddict.com\/sk\/bmw-i8-na-predaj-v-aukcii\/#primaryimage"},"thumbnailUrl":"https:\/\/pistonaddict.com\/wp-content\/uploads\/2023\/03\/BMW-i8-3.jpg","articleSection":["Uncategorized @sk"],"inLanguage":"sk-SK"},{"@type":"WebPage","@id":"https:\/\/pistonaddict.com\/sk\/bmw-i8-na-predaj-v-aukcii\/","url":"https:\/\/pistonaddict.com\/sk\/bmw-i8-na-predaj-v-aukcii\/","name":"BMW i8 na predaj v aukcii - Piston Addict str\u00e1nky","isPartOf":{"@id":"https:\/\/pistonaddict.com\/sk\/#website"},"primaryImageOfPage":{"@id":"https:\/\/pistonaddict.com\/sk\/bmw-i8-na-predaj-v-aukcii\/#primaryimage"},"image":{"@id":"https:\/\/pistonaddict.com\/sk\/bmw-i8-na-predaj-v-aukcii\/#primaryimage"},"thumbnailUrl":"https:\/\/pistonaddict.com\/wp-content\/uploads\/2023\/03\/BMW-i8-3.jpg","datePublished":"2023-03-08T20:39:26+00:00","dateModified":"2023-03-08T20:47:57+00:00","description":"V\u0161etko, \u010do potrebujete vedie\u0165 o BMW i8. Pozrite si v\u0161etky aukcie vozidiel BMW i8 na str\u00e1nke PistonAddict.com.","breadcrumb":{"@id":"https:\/\/pistonaddict.com\/sk\/bmw-i8-na-predaj-v-aukcii\/#breadcrumb"},"inLanguage":"sk-SK","potentialAction":[{"@type":"ReadAction","target":["https:\/\/pistonaddict.com\/sk\/bmw-i8-na-predaj-v-aukcii\/"]}]},{"@type":"ImageObject","inLanguage":"sk-SK","@id":"https:\/\/pistonaddict.com\/sk\/bmw-i8-na-predaj-v-aukcii\/#primaryimage","url":"https:\/\/pistonaddict.com\/wp-content\/uploads\/2023\/03\/BMW-i8-3.jpg","contentUrl":"https:\/\/pistonaddict.com\/wp-content\/uploads\/2023\/03\/BMW-i8-3.jpg","width":2048,"height":1264},{"@type":"BreadcrumbList","@id":"https:\/\/pistonaddict.com\/sk\/bmw-i8-na-predaj-v-aukcii\/#breadcrumb","itemListElement":[{"@type":"ListItem","position":1,"name":"domovskej str\u00e1nke","item":"https:\/\/pistonaddict.com\/sk\/uvodna-stranka\/"},{"@type":"ListItem","position":2,"name":"BMW i8 na predaj v aukcii"}]},{"@type":"WebSite","@id":"https:\/\/pistonaddict.com\/sk\/#website","url":"https:\/\/pistonaddict.com\/sk\/","name":"Piston Addict","description":"Only interesting vehicles","publisher":{"@id":"https:\/\/pistonaddict.com\/sk\/#organization"},"potentialAction":[{"@type":"SearchAction","target":{"@type":"EntryPoint","urlTemplate":"https:\/\/pistonaddict.com\/sk\/?s={search_term_string}"},"query-input":"required name=search_term_string"}],"inLanguage":"sk-SK"},{"@type":"Organization","@id":"https:\/\/pistonaddict.com\/sk\/#organization","name":"Piston Addict","url":"https:\/\/pistonaddict.com\/sk\/","logo":{"@type":"ImageObject","inLanguage":"sk-SK","@id":"https:\/\/pistonaddict.com\/sk\/#\/schema\/logo\/image\/","url":"https:\/\/pistonaddict.com\/wp-content\/uploads\/2022\/07\/logo-6.png","contentUrl":"https:\/\/pistonaddict.com\/wp-content\/uploads\/2022\/07\/logo-6.png","width":970,"height":200,"caption":"Piston Addict"},"image":{"@id":"https:\/\/pistonaddict.com\/sk\/#\/schema\/logo\/image\/"}},{"@type":"Person","@id":"https:\/\/pistonaddict.com\/sk\/#\/schema\/person\/b654bd8ec8744297879f6f28628ad974","name":"kubiweb","url":"https:\/\/pistonaddict.com\/sk\/author\/kubiweb\/"}]}},"_links":{"self":[{"href":"https:\/\/pistonaddict.com\/sk\/wp-json\/wp\/v2\/posts\/29951"}],"collection":[{"href":"https:\/\/pistonaddict.com\/sk\/wp-json\/wp\/v2\/posts"}],"about":[{"href":"https:\/\/pistonaddict.com\/sk\/wp-json\/wp\/v2\/types\/post"}],"author":[{"embeddable":true,"href":"https:\/\/pistonaddict.com\/sk\/wp-json\/wp\/v2\/users\/19"}],"replies":[{"embeddable":true,"href":"https:\/\/pistonaddict.com\/sk\/wp-json\/wp\/v2\/comments?post=29951"}],"version-history":[{"count":1,"href":"https:\/\/pistonaddict.com\/sk\/wp-json\/wp\/v2\/posts\/29951\/revisions"}],"predecessor-version":[{"id":29955,"href":"https:\/\/pistonaddict.com\/sk\/wp-json\/wp\/v2\/posts\/29951\/revisions\/29955"}],"wp:featuredmedia":[{"embeddable":true,"href":"https:\/\/pistonaddict.com\/sk\/wp-json\/wp\/v2\/media\/29872"}],"wp:attachment":[{"href":"https:\/\/pistonaddict.com\/sk\/wp-json\/wp\/v2\/media?parent=29951"}],"wp:term":[{"taxonomy":"category","embeddable":true,"href":"https:\/\/pistonaddict.com\/sk\/wp-json\/wp\/v2\/categories?post=29951"},{"taxonomy":"post_tag","embeddable":true,"href":"https:\/\/pistonaddict.com\/sk\/wp-json\/wp\/v2\/tags?post=29951"}],"curies":[{"name":"wp","href":"https:\/\/api.w.org\/{rel}","templated":true}]}}