{"id":29962,"date":"2023-03-08T21:39:26","date_gmt":"2023-03-08T20:39:26","guid":{"rendered":"https:\/\/pistonaddict.com\/bmw-i8-para-venda-em-leilao\/"},"modified":"2023-03-08T21:48:09","modified_gmt":"2023-03-08T20:48:09","slug":"bmw-i8-para-venda-em-leilao","status":"publish","type":"post","link":"https:\/\/pistonaddict.com\/pt-pt\/bmw-i8-para-venda-em-leilao\/","title":{"rendered":"BMW i8 para venda em leil\u00e3o"},"content":{"rendered":"\t\t<div data-elementor-type=\"wp-post\" data-elementor-id=\"29962\" class=\"elementor elementor-29962 elementor-29809\">\n\t\t\t\t\t\t<section class=\"elementor-section elementor-top-section elementor-element elementor-element-487669a elementor-section-boxed elementor-section-height-default elementor-section-height-default\" data-id=\"487669a\" data-element_type=\"section\">\n\t\t\t\t\t\t<div class=\"elementor-container elementor-column-gap-default\">\n\t\t\t\t\t<div class=\"elementor-column elementor-col-100 elementor-top-column elementor-element elementor-element-1b6db47\" data-id=\"1b6db47\" data-element_type=\"column\">\n\t\t\t<div class=\"elementor-widget-wrap elementor-element-populated\">\n\t\t\t\t\t\t<div class=\"elementor-element elementor-element-7692c95 elementor-widget elementor-widget-text-editor\" data-id=\"7692c95\" data-element_type=\"widget\" data-widget_type=\"text-editor.default\">\n\t\t\t\t<div class=\"elementor-widget-container\">\n\t\t\t<style>\/*! elementor - v3.21.0 - 18-04-2024 *\/\n.elementor-widget-text-editor.elementor-drop-cap-view-stacked .elementor-drop-cap{background-color:#69727d;color:#fff}.elementor-widget-text-editor.elementor-drop-cap-view-framed .elementor-drop-cap{color:#69727d;border:3px solid;background-color:transparent}.elementor-widget-text-editor:not(.elementor-drop-cap-view-default) .elementor-drop-cap{margin-top:8px}.elementor-widget-text-editor:not(.elementor-drop-cap-view-default) .elementor-drop-cap-letter{width:1em;height:1em}.elementor-widget-text-editor .elementor-drop-cap{float:left;text-align:center;line-height:1;font-size:50px}.elementor-widget-text-editor .elementor-drop-cap-letter{display:inline-block}<\/style>\t\t\t\t<p>Os carros h\u00edbridos, em todas as suas formas e varia\u00e7\u00f5es, tornaram-se parte integrante do nosso mundo autom\u00f3vel nos \u00faltimos anos.  <strong>Estes combinam a combust\u00e3o interna tradicional com a electricidade, que oferece uma condu\u00e7\u00e3o suave e um consumo de combust\u00edvel surpreendentemente baixo.<\/strong>  Este conceito foi pioneiro e depois aperfei\u00e7oado pela Toyota, cujo Prius e modelos semelhantes tornaram esta nova tecnologia amplamente dispon\u00edvel. Mas por mais econ\u00f3micos e amigos do ambiente que sejam, tais ve\u00edculos n\u00e3o s\u00e3o t\u00e3o excitantes do ponto de vista do condutor. Felizmente, v\u00e1rios fabricantes consideraram que se esta tecnologia fosse utilizada de forma diferente, poderiam ser fabricados alguns carros espantosos. E uma delas foi a BMW, que decidiu fazer um carro desportivo de alta gama sob uma forma h\u00edbrida. O seu nome \u00e9 i8, e aqui est\u00e1 a sua hist\u00f3ria.<\/p>\n<\/p>\n<h2>BMW i8 &#8211; o h\u00edbrido desportivo<\/h2>\n<p>Embora existam diferen\u00e7as entre v\u00e1rios modelos, todos os carros h\u00edbridos trabalham com base num princ\u00edpio semelhante. Para uma partida, existe um motor tradicional de combust\u00e3o interna, que utiliza gasolina, diesel, ou alguma outra forma de combust\u00edvel.  <strong>Depois, h\u00e1 um motor el\u00e9ctrico, que recebe a sua electricidade de um conjunto de baterias. Mas ao contr\u00e1rio dos EV completos, estas baterias s\u00e3o muito mais pequenas, uma vez que o seu alcance n\u00e3o precisa de ser extenso.<\/strong>  Estes dois motores s\u00e3o ligados de forma a poderem trabalhar separadamente ou em conjunto, dependendo das condi\u00e7\u00f5es de condu\u00e7\u00e3o. Por exemplo, em ambientes urbanos lentos, apenas o motor el\u00e9ctrico estar\u00e1 a trabalhar para poupar combust\u00edvel. Mas quando \u00e9 necess\u00e1ria mais pot\u00eancia, tal como quando se acelera, o motor de combust\u00e3o interna tamb\u00e9m entra em ac\u00e7\u00e3o. Estes trabalhar\u00e3o em conjunto para proporcionar o m\u00e1ximo rendimento e o melhor desempenho poss\u00edvel. Al\u00e9m disso, parte da energia gerada durante estes per\u00edodos ser\u00e1 tamb\u00e9m utilizada para recarregar as baterias. Como resultado, os ve\u00edculos h\u00edbridos, quando usados correctamente, s\u00e3o muito eficientes em termos de combust\u00edvel e amigos do ambiente.<\/p>\n<p>Alguns fabricantes de autom\u00f3veis, no entanto, reconheceram que esta tecnologia relativamente nova tem potencial nos carros desportivos de gama alta, uma vez que pode melhorar o seu desempenho. Isto deve-se, na sua maior parte, ao motor el\u00e9ctrico e \u00e0 sua caracter\u00edstica de entrega de tor\u00e7\u00e3o.  <strong>Ao contr\u00e1rio dos motores de combust\u00e3o interna, eles t\u00eam toda a sua pot\u00eancia dispon\u00edvel desde o in\u00edcio, sem necessidade de esperar que as rota\u00e7\u00f5es se acumulem.<\/strong>  E esta caracter\u00edstica \u00e9 o que, quando emparelhado com um motor turboalimentado, ajuda a reduzir ou eliminar o seu atraso. Consequentemente, um carro com tal transmiss\u00e3o ser\u00e1 mais r\u00e1pido fora da linha e ter\u00e1 um melhor impulso durante as mudan\u00e7as de velocidade. Um dos fabricantes profundamente interessado nisto foi a BMW, que, em 2014, depois de v\u00e1rios modelos conceptuais, acabou por criar o seu h\u00edbrido i8.<\/p>\n<\/p>\n<h2>BMW i8 &#8211; a apar\u00eancia<\/h2>\n<p>A apar\u00eancia da i8 \u00e9 uma das coisas que a separa completamente do resto da gama BMW. A maioria dos autom\u00f3veis fabricados por este fabricante b\u00e1varo, mesmo os modelos M de alto desempenho, s\u00e3o tradicionais na sua forma.  <strong>Em contraste, o h\u00edbrido desportivo i8, com a sua forma radical, n\u00e3o \u00e9 nada parecido com eles.<\/strong>  Quando se est\u00e1 ao seu lado, decidir de que \u00e2ngulo parece mais marcante \u00e9 tudo menos uma tarefa simples. Na frente, um cap\u00f4 baixo e inclinado com uma grande sa\u00edda de ar \u00e9 acompanhado por uma grelha de aspecto agressivo e far\u00f3is. Do lado, a silhueta aerodin\u00e2mica \u00e9 dominada por arcos traseiros maci\u00e7os. Mas o desenho das costas \u00e9 o mais invulgar. Tem aberturas de ar integradas no seu topo, extremidades laterais tipo spoiler, e um difusor na parte inferior. Sem d\u00favida, conduzir atr\u00e1s da i8 \u00e9 um espect\u00e1culo divertido.<\/p>\n\t\t\t\t\t\t<\/div>\n\t\t\t\t<\/div>\n\t\t\t\t\t<\/div>\n\t\t<\/div>\n\t\t\t\t\t<\/div>\n\t\t<\/section>\n\t\t\t\t<section class=\"elementor-section elementor-top-section elementor-element elementor-element-deecf09 elementor-section-boxed elementor-section-height-default elementor-section-height-default\" data-id=\"deecf09\" data-element_type=\"section\">\n\t\t\t\t\t\t<div class=\"elementor-container elementor-column-gap-default\">\n\t\t\t\t\t<div class=\"elementor-column elementor-col-100 elementor-top-column elementor-element elementor-element-0e3e413\" data-id=\"0e3e413\" data-element_type=\"column\">\n\t\t\t<div class=\"elementor-widget-wrap elementor-element-populated\">\n\t\t\t\t\t\t<div class=\"elementor-element elementor-element-1435b0b elementor-widget elementor-widget-image\" data-id=\"1435b0b\" data-element_type=\"widget\" data-widget_type=\"image.default\">\n\t\t\t\t<div class=\"elementor-widget-container\">\n\t\t\t<style>\/*! elementor - v3.21.0 - 18-04-2024 *\/\n.elementor-widget-image{text-align:center}.elementor-widget-image a{display:inline-block}.elementor-widget-image a img[src$=\".svg\"]{width:48px}.elementor-widget-image img{vertical-align:middle;display:inline-block}<\/style>\t\t\t\t\t\t\t\t\t\t<img fetchpriority=\"high\" decoding=\"async\" width=\"1024\" height=\"688\" src=\"https:\/\/pistonaddict.com\/wp-content\/uploads\/2023\/03\/BMW-i8-2-1024x688.jpg\" class=\"attachment-large size-large wp-image-29832\" alt=\"\" srcset=\"https:\/\/pistonaddict.com\/wp-content\/uploads\/2023\/03\/BMW-i8-2-1024x688.jpg 1024w, https:\/\/pistonaddict.com\/wp-content\/uploads\/2023\/03\/BMW-i8-2-600x403.jpg 600w, https:\/\/pistonaddict.com\/wp-content\/uploads\/2023\/03\/BMW-i8-2-300x202.jpg 300w, https:\/\/pistonaddict.com\/wp-content\/uploads\/2023\/03\/BMW-i8-2-768x516.jpg 768w, https:\/\/pistonaddict.com\/wp-content\/uploads\/2023\/03\/BMW-i8-2.jpg 1500w\" sizes=\"(max-width: 1024px) 100vw, 1024px\" \/>\t\t\t\t\t\t\t\t\t\t\t\t\t<\/div>\n\t\t\t\t<\/div>\n\t\t\t\t\t<\/div>\n\t\t<\/div>\n\t\t\t\t\t<\/div>\n\t\t<\/section>\n\t\t\t\t<section class=\"elementor-section elementor-top-section elementor-element elementor-element-6b01901 elementor-section-boxed elementor-section-height-default elementor-section-height-default\" data-id=\"6b01901\" data-element_type=\"section\">\n\t\t\t\t\t\t<div class=\"elementor-container elementor-column-gap-default\">\n\t\t\t\t\t<div class=\"elementor-column elementor-col-100 elementor-top-column elementor-element elementor-element-3be2f2e\" data-id=\"3be2f2e\" data-element_type=\"column\">\n\t\t\t<div class=\"elementor-widget-wrap elementor-element-populated\">\n\t\t\t\t\t\t<div class=\"elementor-element elementor-element-4171002 elementor-widget elementor-widget-text-editor\" data-id=\"4171002\" data-element_type=\"widget\" data-widget_type=\"text-editor.default\">\n\t\t\t\t<div class=\"elementor-widget-container\">\n\t\t\t\t\t\t\t<p>O BMW i8 estava dispon\u00edvel em duas formas de carro\u00e7aria, ou como um coup\u00e9 ou um roadster. A principal diferen\u00e7a entre os dois, para al\u00e9m da aus\u00eancia de um telhado, \u00e9 o n\u00famero de passageiros que podem transportar. Enquanto o coup\u00e9 est\u00e1 equipado com quatro lugares, o roadster, previsivelmente, tem apenas dois. O corpo em ambas as variantes \u00e9 feito de fibra de carbono com uma estrutura de alum\u00ednio por baixo.<\/p>\n\t\t\t\t\t\t<\/div>\n\t\t\t\t<\/div>\n\t\t\t\t\t<\/div>\n\t\t<\/div>\n\t\t\t\t\t<\/div>\n\t\t<\/section>\n\t\t\t\t<section class=\"elementor-section elementor-top-section elementor-element elementor-element-9faf877 elementor-section-boxed elementor-section-height-default elementor-section-height-default\" data-id=\"9faf877\" data-element_type=\"section\">\n\t\t\t\t\t\t<div class=\"elementor-container elementor-column-gap-default\">\n\t\t\t\t\t<div class=\"elementor-column elementor-col-100 elementor-top-column elementor-element elementor-element-03e9194\" data-id=\"03e9194\" data-element_type=\"column\">\n\t\t\t<div class=\"elementor-widget-wrap elementor-element-populated\">\n\t\t\t\t\t\t<div class=\"elementor-element elementor-element-7e5eff5 elementor-widget elementor-widget-image\" data-id=\"7e5eff5\" data-element_type=\"widget\" data-widget_type=\"image.default\">\n\t\t\t\t<div class=\"elementor-widget-container\">\n\t\t\t\t\t\t\t\t\t\t\t\t\t<img decoding=\"async\" width=\"1024\" height=\"768\" src=\"https:\/\/pistonaddict.com\/wp-content\/uploads\/2023\/03\/BMW-i8-4-1024x768.jpg\" class=\"attachment-large size-large wp-image-29876\" alt=\"\" srcset=\"https:\/\/pistonaddict.com\/wp-content\/uploads\/2023\/03\/BMW-i8-4-1024x768.jpg 1024w, https:\/\/pistonaddict.com\/wp-content\/uploads\/2023\/03\/BMW-i8-4-520x390.jpg 520w, https:\/\/pistonaddict.com\/wp-content\/uploads\/2023\/03\/BMW-i8-4-600x450.jpg 600w, https:\/\/pistonaddict.com\/wp-content\/uploads\/2023\/03\/BMW-i8-4-300x225.jpg 300w, https:\/\/pistonaddict.com\/wp-content\/uploads\/2023\/03\/BMW-i8-4-768x576.jpg 768w, https:\/\/pistonaddict.com\/wp-content\/uploads\/2023\/03\/BMW-i8-4-1536x1152.jpg 1536w, https:\/\/pistonaddict.com\/wp-content\/uploads\/2023\/03\/BMW-i8-4.jpg 2048w\" sizes=\"(max-width: 1024px) 100vw, 1024px\" \/>\t\t\t\t\t\t\t\t\t\t\t\t\t<\/div>\n\t\t\t\t<\/div>\n\t\t\t\t\t<\/div>\n\t\t<\/div>\n\t\t\t\t\t<\/div>\n\t\t<\/section>\n\t\t\t\t<section class=\"elementor-section elementor-top-section elementor-element elementor-element-8448151 elementor-section-boxed elementor-section-height-default elementor-section-height-default\" data-id=\"8448151\" data-element_type=\"section\">\n\t\t\t\t\t\t<div class=\"elementor-container elementor-column-gap-default\">\n\t\t\t\t\t<div class=\"elementor-column elementor-col-100 elementor-top-column elementor-element elementor-element-1eabf88\" data-id=\"1eabf88\" data-element_type=\"column\">\n\t\t\t<div class=\"elementor-widget-wrap elementor-element-populated\">\n\t\t\t\t\t\t<div class=\"elementor-element elementor-element-3b5eab4 elementor-widget elementor-widget-text-editor\" data-id=\"3b5eab4\" data-element_type=\"widget\" data-widget_type=\"text-editor.default\">\n\t\t\t\t<div class=\"elementor-widget-container\">\n\t\t\t\t\t\t\t<p>Uma das caracter\u00edsticas \u00fanicas deste carro \u00e9 a sua porta, uma vez que a forma como abre \u00e9 bastante invulgar. Enquanto muitos carros de alto desempenho usam portas de tesoura que se movem na vertical, a BMW optou por uma solu\u00e7\u00e3o ligeiramente diferente, chamada portas borboleta. Estas t\u00eam dobradi\u00e7as que lhes permitem abrir verticalmente e para fora, o que permite uma entrada mais f\u00e1cil.<\/p>\n<\/p>\n<h2>BMW i8 &#8211; o que est\u00e1 por baixo<\/h2>\n<p>Apesar das diferen\u00e7as de tamanho ou pot\u00eancia, quase todos os BMW fabricados nas \u00faltimas d\u00e9cadas t\u00eam a mesma disposi\u00e7\u00e3o b\u00e1sica sob as suas peles. Isto envolve o motor \u00e0 frente, v\u00e1rios bancos no meio, e uma trac\u00e7\u00e3o traseira atr\u00e1s.  <strong>Claro, existem modelos 4&#215;4, mas isso n\u00e3o altera muito a concep\u00e7\u00e3o de base.<\/strong>  Mas o i8 tem o seu motor atr\u00e1s, mesmo atr\u00e1s dos bancos, tornando-o num carro com motor interm\u00e9dio. Esta \u00e9 uma configura\u00e7\u00e3o que muitos fabricantes utilizam para os seus carros desportivos de alto desempenho, uma vez que oferece uma excelente distribui\u00e7\u00e3o de peso. Portanto, n\u00e3o \u00e9 de admirar que a BMW tivesse escolhido esta configura\u00e7\u00e3o para a i8.<\/p>\n\t\t\t\t\t\t<\/div>\n\t\t\t\t<\/div>\n\t\t\t\t\t<\/div>\n\t\t<\/div>\n\t\t\t\t\t<\/div>\n\t\t<\/section>\n\t\t\t\t<section class=\"elementor-section elementor-top-section elementor-element elementor-element-9e7d16a elementor-section-boxed elementor-section-height-default elementor-section-height-default\" data-id=\"9e7d16a\" data-element_type=\"section\">\n\t\t\t\t\t\t<div class=\"elementor-container elementor-column-gap-default\">\n\t\t\t\t\t<div class=\"elementor-column elementor-col-100 elementor-top-column elementor-element elementor-element-810e11c\" data-id=\"810e11c\" data-element_type=\"column\">\n\t\t\t<div class=\"elementor-widget-wrap elementor-element-populated\">\n\t\t\t\t\t\t<div class=\"elementor-element elementor-element-a95cbb3 elementor-widget elementor-widget-image\" data-id=\"a95cbb3\" data-element_type=\"widget\" data-widget_type=\"image.default\">\n\t\t\t\t<div class=\"elementor-widget-container\">\n\t\t\t\t\t\t\t\t\t\t\t\t\t<img decoding=\"async\" width=\"1024\" height=\"768\" src=\"https:\/\/pistonaddict.com\/wp-content\/uploads\/2023\/03\/BMW-i8-5-1024x768.jpg\" class=\"attachment-large size-large wp-image-29898\" alt=\"\" srcset=\"https:\/\/pistonaddict.com\/wp-content\/uploads\/2023\/03\/BMW-i8-5-1024x768.jpg 1024w, https:\/\/pistonaddict.com\/wp-content\/uploads\/2023\/03\/BMW-i8-5-520x390.jpg 520w, https:\/\/pistonaddict.com\/wp-content\/uploads\/2023\/03\/BMW-i8-5-600x450.jpg 600w, https:\/\/pistonaddict.com\/wp-content\/uploads\/2023\/03\/BMW-i8-5-300x225.jpg 300w, https:\/\/pistonaddict.com\/wp-content\/uploads\/2023\/03\/BMW-i8-5-768x576.jpg 768w, https:\/\/pistonaddict.com\/wp-content\/uploads\/2023\/03\/BMW-i8-5-1536x1152.jpg 1536w, https:\/\/pistonaddict.com\/wp-content\/uploads\/2023\/03\/BMW-i8-5.jpg 2048w\" sizes=\"(max-width: 1024px) 100vw, 1024px\" \/>\t\t\t\t\t\t\t\t\t\t\t\t\t<\/div>\n\t\t\t\t<\/div>\n\t\t\t\t\t<\/div>\n\t\t<\/div>\n\t\t\t\t\t<\/div>\n\t\t<\/section>\n\t\t\t\t<section class=\"elementor-section elementor-top-section elementor-element elementor-element-cd3a23b elementor-section-boxed elementor-section-height-default elementor-section-height-default\" data-id=\"cd3a23b\" data-element_type=\"section\">\n\t\t\t\t\t\t<div class=\"elementor-container elementor-column-gap-default\">\n\t\t\t\t\t<div class=\"elementor-column elementor-col-100 elementor-top-column elementor-element elementor-element-37cf6bf\" data-id=\"37cf6bf\" data-element_type=\"column\">\n\t\t\t<div class=\"elementor-widget-wrap elementor-element-populated\">\n\t\t\t\t\t\t<div class=\"elementor-element elementor-element-f8679a0 elementor-widget elementor-widget-text-editor\" data-id=\"f8679a0\" data-element_type=\"widget\" data-widget_type=\"text-editor.default\">\n\t\t\t\t<div class=\"elementor-widget-container\">\n\t\t\t\t\t\t\t<p>O motor, no entanto, decidiram utilizar para este carro desportivo pode parecer um pouco estranho no in\u00edcio. De todas as unidades dispon\u00edveis, a BMW escolheu o motor a gasolina mais pequeno de 1,5 litros, que tem apenas tr\u00eas cilindros. Embora isto n\u00e3o pare\u00e7a um arranque promissor, este motor tem alguns ases na manga, o que dever\u00e1 aumentar o desempenho.<strong>  Isto inclui um sistema de turboalimenta\u00e7\u00e3o de \u00faltima gera\u00e7\u00e3o, tecnologia engenhosa de regula\u00e7\u00e3o de v\u00e1lvulas, e injec\u00e7\u00e3o directa de combust\u00edvel, s\u00f3 para citar alguns.<\/strong>  Gra\u00e7as a todas estas maravilhas tecnol\u00f3gicas, o motor a gasolina da i8 empurra para fora uma espantosa pot\u00eancia de 228 cavalos. Esta \u00e9 ent\u00e3o entregue \u00e0s rodas traseiras atrav\u00e9s de uma soberba transmiss\u00e3o autom\u00e1tica de 6 velocidades feita pela Aisin Seiki.<\/p>\n<p>Depois, h\u00e1 um motor el\u00e9ctrico de 131 cavalos de pot\u00eancia na parte da frente, que previsivelmente acciona as rodas dianteiras. Tem sumo suficiente para que o carro se mova em modo exclusivamente el\u00e9ctrico, com o motor a gasolina completamente desligado. Mas quando ambos est\u00e3o ligados, a i8 torna-se uma bala de quatro rodas com quase 360 cavalos de pot\u00eancia na torneira. E o melhor \u00e9 que, sem partes mec\u00e2nicas que liguem os eixos dianteiro e traseiro, tamb\u00e9m \u00e9 leve. Isto tamb\u00e9m poupa espa\u00e7o no meio do ve\u00edculo, que em vez disso acomoda o conjunto de baterias de i\u00f5es de l\u00edtio.  <\/p>\n<\/p>\n<h2>BMW i8 &#8211; como condutor di\u00e1rio<\/h2>\n<p><strong>O BMW i8, apesar da sua transmiss\u00e3o h\u00edbrida, \u00e9 principalmente um carro desportivo, e os n\u00fameros de desempenho que o suportar\u00e3o<\/strong>. Ao puxar a linha a pleno vapor, atingir\u00e1 60 em menos de 5 segundos e continuar\u00e1 a subir at\u00e9 aos limites electr\u00f3nicos de 155 milhas por hora. E gra\u00e7as \u00e0 sua constru\u00e7\u00e3o leve e baixo centro de gravidade, maneja excepcionalmente pelos cantos. Portanto, esse \u00e9 o desempenho que est\u00e1 riscado.<\/p>\n\t\t\t\t\t\t<\/div>\n\t\t\t\t<\/div>\n\t\t\t\t\t<\/div>\n\t\t<\/div>\n\t\t\t\t\t<\/div>\n\t\t<\/section>\n\t\t\t\t<section class=\"elementor-section elementor-top-section elementor-element elementor-element-bc08ef1 elementor-section-boxed elementor-section-height-default elementor-section-height-default\" data-id=\"bc08ef1\" data-element_type=\"section\">\n\t\t\t\t\t\t<div class=\"elementor-container elementor-column-gap-default\">\n\t\t\t\t\t<div class=\"elementor-column elementor-col-100 elementor-top-column elementor-element elementor-element-c80b94c\" data-id=\"c80b94c\" data-element_type=\"column\">\n\t\t\t<div class=\"elementor-widget-wrap elementor-element-populated\">\n\t\t\t\t\t\t<div class=\"elementor-element elementor-element-b86e0ca elementor-widget elementor-widget-image\" data-id=\"b86e0ca\" data-element_type=\"widget\" data-widget_type=\"image.default\">\n\t\t\t\t<div class=\"elementor-widget-container\">\n\t\t\t\t\t\t\t\t\t\t\t\t\t<img loading=\"lazy\" decoding=\"async\" width=\"1024\" height=\"677\" src=\"https:\/\/pistonaddict.com\/wp-content\/uploads\/2023\/03\/BMW-i8-1-1024x677.jpg\" class=\"attachment-large size-large wp-image-29810\" alt=\"\" srcset=\"https:\/\/pistonaddict.com\/wp-content\/uploads\/2023\/03\/BMW-i8-1-1024x677.jpg 1024w, https:\/\/pistonaddict.com\/wp-content\/uploads\/2023\/03\/BMW-i8-1-600x397.jpg 600w, https:\/\/pistonaddict.com\/wp-content\/uploads\/2023\/03\/BMW-i8-1-300x198.jpg 300w, https:\/\/pistonaddict.com\/wp-content\/uploads\/2023\/03\/BMW-i8-1-768x508.jpg 768w, https:\/\/pistonaddict.com\/wp-content\/uploads\/2023\/03\/BMW-i8-1-1536x1016.jpg 1536w, https:\/\/pistonaddict.com\/wp-content\/uploads\/2023\/03\/BMW-i8-1.jpg 2047w\" sizes=\"(max-width: 1024px) 100vw, 1024px\" \/>\t\t\t\t\t\t\t\t\t\t\t\t\t<\/div>\n\t\t\t\t<\/div>\n\t\t\t\t\t<\/div>\n\t\t<\/div>\n\t\t\t\t\t<\/div>\n\t\t<\/section>\n\t\t\t\t<section class=\"elementor-section elementor-top-section elementor-element elementor-element-2160704 elementor-section-boxed elementor-section-height-default elementor-section-height-default\" data-id=\"2160704\" data-element_type=\"section\">\n\t\t\t\t\t\t<div class=\"elementor-container elementor-column-gap-default\">\n\t\t\t\t\t<div class=\"elementor-column elementor-col-100 elementor-top-column elementor-element elementor-element-275a0c5\" data-id=\"275a0c5\" data-element_type=\"column\">\n\t\t\t<div class=\"elementor-widget-wrap elementor-element-populated\">\n\t\t\t\t\t\t<div class=\"elementor-element elementor-element-158dc22 elementor-widget elementor-widget-text-editor\" data-id=\"158dc22\" data-element_type=\"widget\" data-widget_type=\"text-editor.default\">\n\t\t\t\t<div class=\"elementor-widget-container\">\n\t\t\t\t\t\t\t<p>Agora, para a parte h\u00edbrida e el\u00e9ctrica da equa\u00e7\u00e3o. Para come\u00e7ar, quando em modo totalmente el\u00e9ctrico, a i8 pode cobrir quase 20 milhas. <strong>Claro, isso n\u00e3o \u00e9 muito, mas \u00e9 suficiente para a maioria das desloca\u00e7\u00f5es di\u00e1rias<\/strong>. Al\u00e9m disso, a sua utiliza\u00e7\u00e3o neste modo \u00e9 excelente para o tr\u00e1fego urbano de stop-go, onde o manuseamento de carros de desempenho convencional pode ser um desafio. E mesmo com o motor a gasolina em funcionamento, ainda assim, voltar\u00e1 a percorrer at\u00e9 130 milhas at\u00e9 ao gal\u00e3o. Uma das caracter\u00edsticas que tornam isto poss\u00edvel \u00e9 a travagem regenerativa, que capta a energia desperdi\u00e7ada de outra forma e a utiliza para recarregar as baterias.<\/p>\n<p>Finalmente, h\u00e1 o interior, que, na vers\u00e3o coup\u00e9, \u00e9 suficientemente espa\u00e7oso para acomodar assentos para quatro adultos. Tal configura\u00e7\u00e3o, incomum para um autom\u00f3vel deste tipo, \u00e9 poss\u00edvel gra\u00e7as ao sistema de transmiss\u00e3o e \u00e0 sua compacidade. Mais uma vez, isto acontece porque nenhuma parte mec\u00e2nica ocupa o espa\u00e7o entre a frente e a traseira do carro.  <\/p>\n<\/p>\n<h2>BMW i8 &#8211; conclus\u00e3o<\/h2>\n<p>A i8 \u00e9 a tentativa da BMW de criar um h\u00edbrido el\u00e9ctrico plug-in desportivo, e foi feita entre 2014 e 2020. Este carro tem um motor a gasolina de tr\u00eas cilindros na traseira, que conduz as rodas traseiras, e um motor el\u00e9ctrico que conduz o eixo dianteiro.  <strong>Combinados, estes t\u00eam uma pot\u00eancia de 360 cavalos e podem cobrir at\u00e9 20 milhas no modo exclusivamente el\u00e9ctrico.<\/strong>  Gra\u00e7as \u00e0 sua transmiss\u00e3o avan\u00e7ada e configura\u00e7\u00e3o inteligente da carro\u00e7aria, o BMW i8 \u00e9 um carro de excelente desempenho e um condutor pr\u00e1tico di\u00e1rio. Isto ajudou sem d\u00favida \u00e0 sua popularidade e fez dele o ve\u00edculo desportivo h\u00edbrido mais vendido. Antes da cessa\u00e7\u00e3o da produ\u00e7\u00e3o em Junho de 2022, mais de 20.000 BMW i8 deixaram a linha de montagem em Leipzig.  <\/p>\n\t\t\t\t\t\t<\/div>\n\t\t\t\t<\/div>\n\t\t\t\t\t<\/div>\n\t\t<\/div>\n\t\t\t\t\t<\/div>\n\t\t<\/section>\n\t\t\t\t<\/div>\n\t\t","protected":false},"excerpt":{"rendered":"<p>Os carros h\u00edbridos, em todas as suas formas e varia\u00e7\u00f5es, tornaram-se parte integrante do nosso mundo autom\u00f3vel nos \u00faltimos anos.  <\/p>\n","protected":false},"author":19,"featured_media":29870,"comment_status":"closed","ping_status":"closed","sticky":false,"template":"","format":"standard","meta":{"inline_featured_image":false,"footnotes":""},"categories":[46],"tags":[],"acf":[],"yoast_head":"<!-- This site is optimized with the Yoast SEO plugin v22.5 - https:\/\/yoast.com\/wordpress\/plugins\/seo\/ -->\n<title>BMW i8 para venda em leil\u00e3o Piston Addict - t\u00edtulo<\/title>\n<meta name=\"description\" content=\"Tudo o que precisa de saber sobre o BMW i8. Ver todos os leil\u00f5es de carros da BMW i8 em PistonAddict.com.\" \/>\n<meta name=\"robots\" content=\"index, follow, max-snippet:-1, max-image-preview:large, max-video-preview:-1\" \/>\n<link rel=\"canonical\" href=\"https:\/\/pistonaddict.com\/pt-pt\/bmw-i8-para-venda-em-leilao\/\" \/>\n<meta property=\"og:locale\" content=\"pt_PT\" \/>\n<meta property=\"og:type\" content=\"article\" \/>\n<meta property=\"og:title\" content=\"BMW i8 para venda em leil\u00e3o Piston Addict - t\u00edtulo\" \/>\n<meta property=\"og:description\" content=\"Tudo o que precisa de saber sobre o BMW i8. Ver todos os leil\u00f5es de carros da BMW i8 em PistonAddict.com.\" \/>\n<meta property=\"og:url\" content=\"https:\/\/pistonaddict.com\/pt-pt\/bmw-i8-para-venda-em-leilao\/\" \/>\n<meta property=\"og:site_name\" content=\"Piston Addict\" \/>\n<meta property=\"article:published_time\" content=\"2023-03-08T20:39:26+00:00\" \/>\n<meta property=\"article:modified_time\" content=\"2023-03-08T20:48:09+00:00\" \/>\n<meta property=\"og:image\" content=\"https:\/\/pistonaddict.com\/wp-content\/uploads\/2023\/03\/BMW-i8-3.jpg\" \/>\n\t<meta property=\"og:image:width\" content=\"2048\" \/>\n\t<meta property=\"og:image:height\" content=\"1264\" \/>\n\t<meta property=\"og:image:type\" content=\"image\/jpeg\" \/>\n<meta name=\"author\" content=\"kubiweb\" \/>\n<meta name=\"twitter:card\" content=\"summary_large_image\" \/>\n<meta name=\"twitter:label1\" content=\"Escrito por\" \/>\n\t<meta name=\"twitter:data1\" content=\"kubiweb\" \/>\n\t<meta name=\"twitter:label2\" content=\"Tempo estimado de leitura\" \/>\n\t<meta name=\"twitter:data2\" content=\"8 minutos\" \/>\n<script type=\"application\/ld+json\" class=\"yoast-schema-graph\">{\"@context\":\"https:\/\/schema.org\",\"@graph\":[{\"@type\":\"Article\",\"@id\":\"https:\/\/pistonaddict.com\/pt-pt\/bmw-i8-para-venda-em-leilao\/#article\",\"isPartOf\":{\"@id\":\"https:\/\/pistonaddict.com\/pt-pt\/bmw-i8-para-venda-em-leilao\/\"},\"author\":{\"name\":\"kubiweb\",\"@id\":\"https:\/\/pistonaddict.com\/pt-pt\/#\/schema\/person\/b654bd8ec8744297879f6f28628ad974\"},\"headline\":\"BMW i8 para venda em leil\u00e3o\",\"datePublished\":\"2023-03-08T20:39:26+00:00\",\"dateModified\":\"2023-03-08T20:48:09+00:00\",\"mainEntityOfPage\":{\"@id\":\"https:\/\/pistonaddict.com\/pt-pt\/bmw-i8-para-venda-em-leilao\/\"},\"wordCount\":1598,\"publisher\":{\"@id\":\"https:\/\/pistonaddict.com\/pt-pt\/#organization\"},\"image\":{\"@id\":\"https:\/\/pistonaddict.com\/pt-pt\/bmw-i8-para-venda-em-leilao\/#primaryimage\"},\"thumbnailUrl\":\"https:\/\/pistonaddict.com\/wp-content\/uploads\/2023\/03\/BMW-i8-3.jpg\",\"articleSection\":[\"Sem categoria\"],\"inLanguage\":\"pt-PT\"},{\"@type\":\"WebPage\",\"@id\":\"https:\/\/pistonaddict.com\/pt-pt\/bmw-i8-para-venda-em-leilao\/\",\"url\":\"https:\/\/pistonaddict.com\/pt-pt\/bmw-i8-para-venda-em-leilao\/\",\"name\":\"BMW i8 para venda em leil\u00e3o Piston Addict - t\u00edtulo\",\"isPartOf\":{\"@id\":\"https:\/\/pistonaddict.com\/pt-pt\/#website\"},\"primaryImageOfPage\":{\"@id\":\"https:\/\/pistonaddict.com\/pt-pt\/bmw-i8-para-venda-em-leilao\/#primaryimage\"},\"image\":{\"@id\":\"https:\/\/pistonaddict.com\/pt-pt\/bmw-i8-para-venda-em-leilao\/#primaryimage\"},\"thumbnailUrl\":\"https:\/\/pistonaddict.com\/wp-content\/uploads\/2023\/03\/BMW-i8-3.jpg\",\"datePublished\":\"2023-03-08T20:39:26+00:00\",\"dateModified\":\"2023-03-08T20:48:09+00:00\",\"description\":\"Tudo o que precisa de saber sobre o BMW i8. Ver todos os leil\u00f5es de carros da BMW i8 em PistonAddict.com.\",\"breadcrumb\":{\"@id\":\"https:\/\/pistonaddict.com\/pt-pt\/bmw-i8-para-venda-em-leilao\/#breadcrumb\"},\"inLanguage\":\"pt-PT\",\"potentialAction\":[{\"@type\":\"ReadAction\",\"target\":[\"https:\/\/pistonaddict.com\/pt-pt\/bmw-i8-para-venda-em-leilao\/\"]}]},{\"@type\":\"ImageObject\",\"inLanguage\":\"pt-PT\",\"@id\":\"https:\/\/pistonaddict.com\/pt-pt\/bmw-i8-para-venda-em-leilao\/#primaryimage\",\"url\":\"https:\/\/pistonaddict.com\/wp-content\/uploads\/2023\/03\/BMW-i8-3.jpg\",\"contentUrl\":\"https:\/\/pistonaddict.com\/wp-content\/uploads\/2023\/03\/BMW-i8-3.jpg\",\"width\":2048,\"height\":1264},{\"@type\":\"BreadcrumbList\",\"@id\":\"https:\/\/pistonaddict.com\/pt-pt\/bmw-i8-para-venda-em-leilao\/#breadcrumb\",\"itemListElement\":[{\"@type\":\"ListItem\",\"position\":1,\"name\":\"Rece\u00e7\u00e3o\",\"item\":\"https:\/\/pistonaddict.com\/pt-pt\/pagina-inicial\/\"},{\"@type\":\"ListItem\",\"position\":2,\"name\":\"BMW i8 para venda em leil\u00e3o\"}]},{\"@type\":\"WebSite\",\"@id\":\"https:\/\/pistonaddict.com\/pt-pt\/#website\",\"url\":\"https:\/\/pistonaddict.com\/pt-pt\/\",\"name\":\"Piston Addict\",\"description\":\"Only interesting vehicles\",\"publisher\":{\"@id\":\"https:\/\/pistonaddict.com\/pt-pt\/#organization\"},\"potentialAction\":[{\"@type\":\"SearchAction\",\"target\":{\"@type\":\"EntryPoint\",\"urlTemplate\":\"https:\/\/pistonaddict.com\/pt-pt\/?s={search_term_string}\"},\"query-input\":\"required name=search_term_string\"}],\"inLanguage\":\"pt-PT\"},{\"@type\":\"Organization\",\"@id\":\"https:\/\/pistonaddict.com\/pt-pt\/#organization\",\"name\":\"Piston Addict\",\"url\":\"https:\/\/pistonaddict.com\/pt-pt\/\",\"logo\":{\"@type\":\"ImageObject\",\"inLanguage\":\"pt-PT\",\"@id\":\"https:\/\/pistonaddict.com\/pt-pt\/#\/schema\/logo\/image\/\",\"url\":\"https:\/\/pistonaddict.com\/wp-content\/uploads\/2022\/07\/logo-6.png\",\"contentUrl\":\"https:\/\/pistonaddict.com\/wp-content\/uploads\/2022\/07\/logo-6.png\",\"width\":970,\"height\":200,\"caption\":\"Piston Addict\"},\"image\":{\"@id\":\"https:\/\/pistonaddict.com\/pt-pt\/#\/schema\/logo\/image\/\"}},{\"@type\":\"Person\",\"@id\":\"https:\/\/pistonaddict.com\/pt-pt\/#\/schema\/person\/b654bd8ec8744297879f6f28628ad974\",\"name\":\"kubiweb\",\"url\":\"https:\/\/pistonaddict.com\/pt-pt\/author\/kubiweb\/\"}]}<\/script>\n<!-- \/ Yoast SEO plugin. -->","yoast_head_json":{"title":"BMW i8 para venda em leil\u00e3o Piston Addict - t\u00edtulo","description":"Tudo o que precisa de saber sobre o BMW i8. Ver todos os leil\u00f5es de carros da BMW i8 em PistonAddict.com.","robots":{"index":"index","follow":"follow","max-snippet":"max-snippet:-1","max-image-preview":"max-image-preview:large","max-video-preview":"max-video-preview:-1"},"canonical":"https:\/\/pistonaddict.com\/pt-pt\/bmw-i8-para-venda-em-leilao\/","og_locale":"pt_PT","og_type":"article","og_title":"BMW i8 para venda em leil\u00e3o Piston Addict - t\u00edtulo","og_description":"Tudo o que precisa de saber sobre o BMW i8. Ver todos os leil\u00f5es de carros da BMW i8 em PistonAddict.com.","og_url":"https:\/\/pistonaddict.com\/pt-pt\/bmw-i8-para-venda-em-leilao\/","og_site_name":"Piston Addict","article_published_time":"2023-03-08T20:39:26+00:00","article_modified_time":"2023-03-08T20:48:09+00:00","og_image":[{"width":2048,"height":1264,"url":"https:\/\/pistonaddict.com\/wp-content\/uploads\/2023\/03\/BMW-i8-3.jpg","type":"image\/jpeg"}],"author":"kubiweb","twitter_card":"summary_large_image","twitter_misc":{"Escrito por":"kubiweb","Tempo estimado de leitura":"8 minutos"},"schema":{"@context":"https:\/\/schema.org","@graph":[{"@type":"Article","@id":"https:\/\/pistonaddict.com\/pt-pt\/bmw-i8-para-venda-em-leilao\/#article","isPartOf":{"@id":"https:\/\/pistonaddict.com\/pt-pt\/bmw-i8-para-venda-em-leilao\/"},"author":{"name":"kubiweb","@id":"https:\/\/pistonaddict.com\/pt-pt\/#\/schema\/person\/b654bd8ec8744297879f6f28628ad974"},"headline":"BMW i8 para venda em leil\u00e3o","datePublished":"2023-03-08T20:39:26+00:00","dateModified":"2023-03-08T20:48:09+00:00","mainEntityOfPage":{"@id":"https:\/\/pistonaddict.com\/pt-pt\/bmw-i8-para-venda-em-leilao\/"},"wordCount":1598,"publisher":{"@id":"https:\/\/pistonaddict.com\/pt-pt\/#organization"},"image":{"@id":"https:\/\/pistonaddict.com\/pt-pt\/bmw-i8-para-venda-em-leilao\/#primaryimage"},"thumbnailUrl":"https:\/\/pistonaddict.com\/wp-content\/uploads\/2023\/03\/BMW-i8-3.jpg","articleSection":["Sem categoria"],"inLanguage":"pt-PT"},{"@type":"WebPage","@id":"https:\/\/pistonaddict.com\/pt-pt\/bmw-i8-para-venda-em-leilao\/","url":"https:\/\/pistonaddict.com\/pt-pt\/bmw-i8-para-venda-em-leilao\/","name":"BMW i8 para venda em leil\u00e3o Piston Addict - t\u00edtulo","isPartOf":{"@id":"https:\/\/pistonaddict.com\/pt-pt\/#website"},"primaryImageOfPage":{"@id":"https:\/\/pistonaddict.com\/pt-pt\/bmw-i8-para-venda-em-leilao\/#primaryimage"},"image":{"@id":"https:\/\/pistonaddict.com\/pt-pt\/bmw-i8-para-venda-em-leilao\/#primaryimage"},"thumbnailUrl":"https:\/\/pistonaddict.com\/wp-content\/uploads\/2023\/03\/BMW-i8-3.jpg","datePublished":"2023-03-08T20:39:26+00:00","dateModified":"2023-03-08T20:48:09+00:00","description":"Tudo o que precisa de saber sobre o BMW i8. Ver todos os leil\u00f5es de carros da BMW i8 em PistonAddict.com.","breadcrumb":{"@id":"https:\/\/pistonaddict.com\/pt-pt\/bmw-i8-para-venda-em-leilao\/#breadcrumb"},"inLanguage":"pt-PT","potentialAction":[{"@type":"ReadAction","target":["https:\/\/pistonaddict.com\/pt-pt\/bmw-i8-para-venda-em-leilao\/"]}]},{"@type":"ImageObject","inLanguage":"pt-PT","@id":"https:\/\/pistonaddict.com\/pt-pt\/bmw-i8-para-venda-em-leilao\/#primaryimage","url":"https:\/\/pistonaddict.com\/wp-content\/uploads\/2023\/03\/BMW-i8-3.jpg","contentUrl":"https:\/\/pistonaddict.com\/wp-content\/uploads\/2023\/03\/BMW-i8-3.jpg","width":2048,"height":1264},{"@type":"BreadcrumbList","@id":"https:\/\/pistonaddict.com\/pt-pt\/bmw-i8-para-venda-em-leilao\/#breadcrumb","itemListElement":[{"@type":"ListItem","position":1,"name":"Rece\u00e7\u00e3o","item":"https:\/\/pistonaddict.com\/pt-pt\/pagina-inicial\/"},{"@type":"ListItem","position":2,"name":"BMW i8 para venda em leil\u00e3o"}]},{"@type":"WebSite","@id":"https:\/\/pistonaddict.com\/pt-pt\/#website","url":"https:\/\/pistonaddict.com\/pt-pt\/","name":"Piston Addict","description":"Only interesting vehicles","publisher":{"@id":"https:\/\/pistonaddict.com\/pt-pt\/#organization"},"potentialAction":[{"@type":"SearchAction","target":{"@type":"EntryPoint","urlTemplate":"https:\/\/pistonaddict.com\/pt-pt\/?s={search_term_string}"},"query-input":"required name=search_term_string"}],"inLanguage":"pt-PT"},{"@type":"Organization","@id":"https:\/\/pistonaddict.com\/pt-pt\/#organization","name":"Piston Addict","url":"https:\/\/pistonaddict.com\/pt-pt\/","logo":{"@type":"ImageObject","inLanguage":"pt-PT","@id":"https:\/\/pistonaddict.com\/pt-pt\/#\/schema\/logo\/image\/","url":"https:\/\/pistonaddict.com\/wp-content\/uploads\/2022\/07\/logo-6.png","contentUrl":"https:\/\/pistonaddict.com\/wp-content\/uploads\/2022\/07\/logo-6.png","width":970,"height":200,"caption":"Piston Addict"},"image":{"@id":"https:\/\/pistonaddict.com\/pt-pt\/#\/schema\/logo\/image\/"}},{"@type":"Person","@id":"https:\/\/pistonaddict.com\/pt-pt\/#\/schema\/person\/b654bd8ec8744297879f6f28628ad974","name":"kubiweb","url":"https:\/\/pistonaddict.com\/pt-pt\/author\/kubiweb\/"}]}},"_links":{"self":[{"href":"https:\/\/pistonaddict.com\/pt-pt\/wp-json\/wp\/v2\/posts\/29962"}],"collection":[{"href":"https:\/\/pistonaddict.com\/pt-pt\/wp-json\/wp\/v2\/posts"}],"about":[{"href":"https:\/\/pistonaddict.com\/pt-pt\/wp-json\/wp\/v2\/types\/post"}],"author":[{"embeddable":true,"href":"https:\/\/pistonaddict.com\/pt-pt\/wp-json\/wp\/v2\/users\/19"}],"replies":[{"embeddable":true,"href":"https:\/\/pistonaddict.com\/pt-pt\/wp-json\/wp\/v2\/comments?post=29962"}],"version-history":[{"count":1,"href":"https:\/\/pistonaddict.com\/pt-pt\/wp-json\/wp\/v2\/posts\/29962\/revisions"}],"predecessor-version":[{"id":29965,"href":"https:\/\/pistonaddict.com\/pt-pt\/wp-json\/wp\/v2\/posts\/29962\/revisions\/29965"}],"wp:featuredmedia":[{"embeddable":true,"href":"https:\/\/pistonaddict.com\/pt-pt\/wp-json\/wp\/v2\/media\/29870"}],"wp:attachment":[{"href":"https:\/\/pistonaddict.com\/pt-pt\/wp-json\/wp\/v2\/media?parent=29962"}],"wp:term":[{"taxonomy":"category","embeddable":true,"href":"https:\/\/pistonaddict.com\/pt-pt\/wp-json\/wp\/v2\/categories?post=29962"},{"taxonomy":"post_tag","embeddable":true,"href":"https:\/\/pistonaddict.com\/pt-pt\/wp-json\/wp\/v2\/tags?post=29962"}],"curies":[{"name":"wp","href":"https:\/\/api.w.org\/{rel}","templated":true}]}}