{"id":29947,"date":"2023-03-08T21:39:26","date_gmt":"2023-03-08T20:39:26","guid":{"rendered":"https:\/\/pistonaddict.com\/bmw-i8-pardosanai-izsole\/"},"modified":"2023-03-08T21:47:53","modified_gmt":"2023-03-08T20:47:53","slug":"bmw-i8-pardosanai-izsole","status":"publish","type":"post","link":"https:\/\/pistonaddict.com\/lv\/bmw-i8-pardosanai-izsole\/","title":{"rendered":"BMW i8 p\u0101rdo\u0161anai izsol\u0113"},"content":{"rendered":"\t\t<div data-elementor-type=\"wp-post\" data-elementor-id=\"29947\" class=\"elementor elementor-29947 elementor-29809\">\n\t\t\t\t\t\t<section class=\"elementor-section elementor-top-section elementor-element elementor-element-487669a elementor-section-boxed elementor-section-height-default elementor-section-height-default\" data-id=\"487669a\" data-element_type=\"section\">\n\t\t\t\t\t\t<div class=\"elementor-container elementor-column-gap-default\">\n\t\t\t\t\t<div class=\"elementor-column elementor-col-100 elementor-top-column elementor-element elementor-element-1b6db47\" data-id=\"1b6db47\" data-element_type=\"column\">\n\t\t\t<div class=\"elementor-widget-wrap elementor-element-populated\">\n\t\t\t\t\t\t<div class=\"elementor-element elementor-element-7692c95 elementor-widget elementor-widget-text-editor\" data-id=\"7692c95\" data-element_type=\"widget\" data-widget_type=\"text-editor.default\">\n\t\t\t\t<div class=\"elementor-widget-container\">\n\t\t\t<style>\/*! elementor - v3.21.0 - 18-04-2024 *\/\n.elementor-widget-text-editor.elementor-drop-cap-view-stacked .elementor-drop-cap{background-color:#69727d;color:#fff}.elementor-widget-text-editor.elementor-drop-cap-view-framed .elementor-drop-cap{color:#69727d;border:3px solid;background-color:transparent}.elementor-widget-text-editor:not(.elementor-drop-cap-view-default) .elementor-drop-cap{margin-top:8px}.elementor-widget-text-editor:not(.elementor-drop-cap-view-default) .elementor-drop-cap-letter{width:1em;height:1em}.elementor-widget-text-editor .elementor-drop-cap{float:left;text-align:center;line-height:1;font-size:50px}.elementor-widget-text-editor .elementor-drop-cap-letter{display:inline-block}<\/style>\t\t\t\t<p>P\u0113d\u0113jos gados hibr\u012bdautomobi\u013ci visos to veidos un vari\u0101cij\u0101s ir k\u013cuvu\u0161i par neat\u0146emamu m\u016bsu automobi\u013cu pasaules sast\u0101vda\u013cu.  <strong>Tajos apvienota tradicion\u0101l\u0101 iek\u0161dedzes sist\u0113ma un elektr\u012bba, kas nodro\u0161ina vienm\u0113r\u012bgu brauk\u0161anu un p\u0101rsteidzo\u0161i zemu degvielas pat\u0113ri\u0146u.<\/strong>  \u0160o koncepciju pirm\u0101 s\u0101ka un v\u0113l\u0101k pilnveidoja Toyota, kuras Prius un taml\u012bdz\u012bgi mode\u013ci padar\u012bja \u0161o jauno tehnolo\u0123iju pla\u0161i pieejamu. Ta\u010du, lai cik ekonomiski un videi draudz\u012bgi tie b\u016btu, no autovad\u012bt\u0101ja viedok\u013ca \u0161\u0101di transportl\u012bdzek\u013ci nav tik aizraujo\u0161i. Par laimi, vair\u0101ki ra\u017eot\u0101ji uzskat\u012bja, ka, izmantojot \u0161o tehnolo\u0123iju cit\u0101d\u0101k, var\u0113tu rad\u012bt satrieco\u0161us automobi\u013cus. Viens no tiem bija BMW, kas nol\u0113ma izgatavot augstas klases sporta automobili hibr\u012bda form\u0101. T\u0101 nosaukums ir i8, un \u0161eit ir st\u0101sts par to.<\/p>\n<\/p>\n<h2>BMW i8 &#8211; sporta hibr\u012bds<\/h2>\n<p>Lai gan starp da\u017e\u0101diem mode\u013ciem ir at\u0161\u0137ir\u012bbas, visi hibr\u012bdautomobi\u013ci darbojas p\u0113c l\u012bdz\u012bga principa. Vispirms ir tradicion\u0101lais iek\u0161dedzes dzin\u0113js, kas izmanto benz\u012bnu, d\u012bze\u013cdegvielu vai cita veida degvielu.  <strong>Tad ir elektromotors, kas elektroener\u0123iju ieg\u016bst no akumulatora. Ta\u010du at\u0161\u0137ir\u012bb\u0101 no pilnpiedzi\u0146as elektromobi\u013ciem \u0161ie akumulatori ir daudz maz\u0101ki, jo to darb\u012bbas diapazonam nav j\u0101b\u016bt lielam.<\/strong>  \u0160ie divi motori ir savienoti t\u0101, ka atkar\u012bb\u0101 no brauk\u0161anas apst\u0101k\u013ciem tie var darboties atsevi\u0161\u0137i vai kop\u0101. Piem\u0113ram, l\u0113n\u0101s pils\u0113tas vid\u0113s, lai taup\u012btu degvielu, darbosies tikai elektromotors. Ta\u010du, ja ir nepiecie\u0161ama liel\u0101ka jauda, piem\u0113ram, pa\u0101trinoties, iesl\u0113dzas ar\u012b iek\u0161dedzes dzin\u0113js. T\u0101s darbojas kop\u0101, lai nodro\u0161in\u0101tu maksim\u0101lu jaudu un vislab\u0101ko iesp\u0113jamo veiktsp\u0113ju. Turkl\u0101t da\u013ca \u0161ajos periodos sara\u017eot\u0101s ener\u0123ijas tiks izmantota ar\u012b akumulatoru uzl\u0101dei. T\u0101d\u0113j\u0101di hibr\u012bdautomobi\u013ci, ja tos pareizi izmanto, ir \u013coti ekonomiski un videi draudz\u012bgi.<\/p>\n<p>Tom\u0113r da\u017ei autora\u017eot\u0101ji atzina, ka \u0161ai sal\u012bdzino\u0161i jaunajai tehnolo\u0123ijai ir potenci\u0101ls augstas klases sporta automobi\u013cos, jo t\u0101 var uzlabot to veiktsp\u0113ju. Liel\u0101koties tas ir saist\u012bts ar elektromotoru un t\u0101 griezes momenta padeves \u012bpa\u0161\u012bb\u0101m.  <strong>At\u0161\u0137ir\u012bb\u0101 no iek\u0161dedzes dzin\u0113jiem tiem visa jauda ir pieejama jau no starta, nav j\u0101gaida, l\u012bdz apgriezieni pieaug.<\/strong>  Tie\u0161i \u0161\u012b funkcija pal\u012bdz samazin\u0101t vai nov\u0113rst motora aizkav\u0113\u0161anos, ja tas ir savienots ar motoru ar turbokompresoru. L\u012bdz ar to automa\u0161\u012bna ar \u0161\u0101du piedzi\u0146u b\u016bs \u0101tr\u0101ka no starta l\u012bnijas un tai b\u016bs lab\u0101ks impulss p\u0101rnesumu p\u0101rsl\u0113g\u0161anas laik\u0101. Viens no ra\u017eot\u0101jiem, kas bija \u013coti ieinteres\u0113ts \u0161aj\u0101 jaut\u0101jum\u0101, bija BMW, kas 2014. gad\u0101 p\u0113c vair\u0101kiem konceptu\u0101liem mode\u013ciem beidzot n\u0101ca klaj\u0101 ar savu i8 hibr\u012bddzin\u0113ju.<\/p>\n<\/p>\n<h2>BMW i8 &#8211; izskats<\/h2>\n<p>i8 izskats ir viena no liet\u0101m, kas to piln\u012bb\u0101 at\u0161\u0137ir no p\u0101r\u0113j\u0101s BMW mode\u013cu kl\u0101sta. Liel\u0101kajai da\u013cai \u0161\u012b Bav\u0101rijas ra\u017eot\u0101ja automobi\u013cu, pat augstas veiktsp\u0113jas M mode\u013ciem, ir tradicion\u0101la forma.  <strong>Turpret\u012b sportiskais i8 hibr\u012bddzin\u0113js ar savu radik\u0101lo formu nav l\u012bdz\u012bgs tiem.<\/strong>  St\u0101vot blakus, izlemt, no kura le\u0146\u0137a tas izskat\u0101s visspilgt\u0101k, ir pavisam vienk\u0101r\u0161s uzdevums. Priek\u0161pus\u0113 ir zema, sl\u012bpa motora p\u0101rsega ar lielu ventil\u0101cijas atveri, ko papildina agres\u012bva izskata re\u017e\u0123is un priek\u0161\u0113jie lukturi. Raugoties no s\u0101niem, racionaliz\u0113taj\u0101 siluet\u0101 domin\u0113 mas\u012bvas aizmugur\u0113j\u0101s arkas. Bet muguras dizains ir visneparast\u0101kais. T\u0101 aug\u0161da\u013c\u0101 ir ieb\u016bv\u0113tas ventil\u0101cijas atveres, spoilerim l\u012bdz\u012bgas s\u0101nu malas, bet apak\u0161da\u013c\u0101 &#8211; difuzors. Neap\u0161aub\u0101mi, brauk\u0161ana ar i8 ir jautra izr\u0101de.<\/p>\n\t\t\t\t\t\t<\/div>\n\t\t\t\t<\/div>\n\t\t\t\t\t<\/div>\n\t\t<\/div>\n\t\t\t\t\t<\/div>\n\t\t<\/section>\n\t\t\t\t<section class=\"elementor-section elementor-top-section elementor-element elementor-element-deecf09 elementor-section-boxed elementor-section-height-default elementor-section-height-default\" data-id=\"deecf09\" data-element_type=\"section\">\n\t\t\t\t\t\t<div class=\"elementor-container elementor-column-gap-default\">\n\t\t\t\t\t<div class=\"elementor-column elementor-col-100 elementor-top-column elementor-element elementor-element-0e3e413\" data-id=\"0e3e413\" data-element_type=\"column\">\n\t\t\t<div class=\"elementor-widget-wrap elementor-element-populated\">\n\t\t\t\t\t\t<div class=\"elementor-element elementor-element-1435b0b elementor-widget elementor-widget-image\" data-id=\"1435b0b\" data-element_type=\"widget\" data-widget_type=\"image.default\">\n\t\t\t\t<div class=\"elementor-widget-container\">\n\t\t\t<style>\/*! elementor - v3.21.0 - 18-04-2024 *\/\n.elementor-widget-image{text-align:center}.elementor-widget-image a{display:inline-block}.elementor-widget-image a img[src$=\".svg\"]{width:48px}.elementor-widget-image img{vertical-align:middle;display:inline-block}<\/style>\t\t\t\t\t\t\t\t\t\t<img fetchpriority=\"high\" decoding=\"async\" width=\"1024\" height=\"688\" src=\"https:\/\/pistonaddict.com\/wp-content\/uploads\/2023\/03\/BMW-i8-2-1024x688.jpg\" class=\"attachment-large size-large wp-image-29832\" alt=\"\" srcset=\"https:\/\/pistonaddict.com\/wp-content\/uploads\/2023\/03\/BMW-i8-2-1024x688.jpg 1024w, https:\/\/pistonaddict.com\/wp-content\/uploads\/2023\/03\/BMW-i8-2-600x403.jpg 600w, https:\/\/pistonaddict.com\/wp-content\/uploads\/2023\/03\/BMW-i8-2-300x202.jpg 300w, https:\/\/pistonaddict.com\/wp-content\/uploads\/2023\/03\/BMW-i8-2-768x516.jpg 768w, https:\/\/pistonaddict.com\/wp-content\/uploads\/2023\/03\/BMW-i8-2.jpg 1500w\" sizes=\"(max-width: 1024px) 100vw, 1024px\" \/>\t\t\t\t\t\t\t\t\t\t\t\t\t<\/div>\n\t\t\t\t<\/div>\n\t\t\t\t\t<\/div>\n\t\t<\/div>\n\t\t\t\t\t<\/div>\n\t\t<\/section>\n\t\t\t\t<section class=\"elementor-section elementor-top-section elementor-element elementor-element-6b01901 elementor-section-boxed elementor-section-height-default elementor-section-height-default\" data-id=\"6b01901\" data-element_type=\"section\">\n\t\t\t\t\t\t<div class=\"elementor-container elementor-column-gap-default\">\n\t\t\t\t\t<div class=\"elementor-column elementor-col-100 elementor-top-column elementor-element elementor-element-3be2f2e\" data-id=\"3be2f2e\" data-element_type=\"column\">\n\t\t\t<div class=\"elementor-widget-wrap elementor-element-populated\">\n\t\t\t\t\t\t<div class=\"elementor-element elementor-element-4171002 elementor-widget elementor-widget-text-editor\" data-id=\"4171002\" data-element_type=\"widget\" data-widget_type=\"text-editor.default\">\n\t\t\t\t<div class=\"elementor-widget-container\">\n\t\t\t\t\t\t\t<p>BMW i8 bija pieejams div\u0101s virsb\u016bves versij\u0101s &#8211; k\u0101 kupeja vai rodsters. Galven\u0101 at\u0161\u0137ir\u012bba starp abiem transportl\u012bdzek\u013ciem, iz\u0146emot to, ka tiem nav jumta, ir tas, cik daudz pasa\u017eieru tie var p\u0101rvad\u0101t. Kam\u0113r kupej\u0101 ir \u010detras s\u0113dvietas, rodster\u012b, k\u0101 jau paredzams, ir tikai divas. Abu variantu virsb\u016bve ir izgatavota no oglek\u013ca \u0161\u0137iedras, zem t\u0101s ir alum\u012bnija strukt\u016bra.<\/p>\n\t\t\t\t\t\t<\/div>\n\t\t\t\t<\/div>\n\t\t\t\t\t<\/div>\n\t\t<\/div>\n\t\t\t\t\t<\/div>\n\t\t<\/section>\n\t\t\t\t<section class=\"elementor-section elementor-top-section elementor-element elementor-element-9faf877 elementor-section-boxed elementor-section-height-default elementor-section-height-default\" data-id=\"9faf877\" data-element_type=\"section\">\n\t\t\t\t\t\t<div class=\"elementor-container elementor-column-gap-default\">\n\t\t\t\t\t<div class=\"elementor-column elementor-col-100 elementor-top-column elementor-element elementor-element-03e9194\" data-id=\"03e9194\" data-element_type=\"column\">\n\t\t\t<div class=\"elementor-widget-wrap elementor-element-populated\">\n\t\t\t\t\t\t<div class=\"elementor-element elementor-element-7e5eff5 elementor-widget elementor-widget-image\" data-id=\"7e5eff5\" data-element_type=\"widget\" data-widget_type=\"image.default\">\n\t\t\t\t<div class=\"elementor-widget-container\">\n\t\t\t\t\t\t\t\t\t\t\t\t\t<img decoding=\"async\" width=\"1024\" height=\"768\" src=\"https:\/\/pistonaddict.com\/wp-content\/uploads\/2023\/03\/BMW-i8-4-1024x768.jpg\" class=\"attachment-large size-large wp-image-29876\" alt=\"\" srcset=\"https:\/\/pistonaddict.com\/wp-content\/uploads\/2023\/03\/BMW-i8-4-1024x768.jpg 1024w, https:\/\/pistonaddict.com\/wp-content\/uploads\/2023\/03\/BMW-i8-4-520x390.jpg 520w, https:\/\/pistonaddict.com\/wp-content\/uploads\/2023\/03\/BMW-i8-4-600x450.jpg 600w, https:\/\/pistonaddict.com\/wp-content\/uploads\/2023\/03\/BMW-i8-4-300x225.jpg 300w, https:\/\/pistonaddict.com\/wp-content\/uploads\/2023\/03\/BMW-i8-4-768x576.jpg 768w, https:\/\/pistonaddict.com\/wp-content\/uploads\/2023\/03\/BMW-i8-4-1536x1152.jpg 1536w, https:\/\/pistonaddict.com\/wp-content\/uploads\/2023\/03\/BMW-i8-4.jpg 2048w\" sizes=\"(max-width: 1024px) 100vw, 1024px\" \/>\t\t\t\t\t\t\t\t\t\t\t\t\t<\/div>\n\t\t\t\t<\/div>\n\t\t\t\t\t<\/div>\n\t\t<\/div>\n\t\t\t\t\t<\/div>\n\t\t<\/section>\n\t\t\t\t<section class=\"elementor-section elementor-top-section elementor-element elementor-element-8448151 elementor-section-boxed elementor-section-height-default elementor-section-height-default\" data-id=\"8448151\" data-element_type=\"section\">\n\t\t\t\t\t\t<div class=\"elementor-container elementor-column-gap-default\">\n\t\t\t\t\t<div class=\"elementor-column elementor-col-100 elementor-top-column elementor-element elementor-element-1eabf88\" data-id=\"1eabf88\" data-element_type=\"column\">\n\t\t\t<div class=\"elementor-widget-wrap elementor-element-populated\">\n\t\t\t\t\t\t<div class=\"elementor-element elementor-element-3b5eab4 elementor-widget elementor-widget-text-editor\" data-id=\"3b5eab4\" data-element_type=\"widget\" data-widget_type=\"text-editor.default\">\n\t\t\t\t<div class=\"elementor-widget-container\">\n\t\t\t\t\t\t\t<p>Viena no \u0161\u012b automobi\u013ca unik\u0101laj\u0101m \u012bpa\u0161\u012bb\u0101m ir t\u0101 durvis, jo to atv\u0113r\u0161anas veids ir visai neparasts. Lai gan daudzos augstas veiktsp\u0113jas automobi\u013cos tiek izmantotas vertik\u0101li kust\u012bgas \u0161\u0137\u0113rveida durvis, BMW ir izv\u0113l\u0113jies nedaudz at\u0161\u0137ir\u012bgu risin\u0101jumu &#8211; t\u0101 d\u0113v\u0113t\u0101s tauri\u0146veida durvis. T\u0101m ir e\u0146\u0123es, kas \u013cauj t\u0101m atv\u0113rties vertik\u0101li un uz \u0101ru, t\u0101d\u0113j\u0101di atvieglojot iek\u013c\u016b\u0161anu.<\/p>\n<\/p>\n<h2>BMW i8 &#8211; kas sl\u0113pjas zem t\u0101<\/h2>\n<p>Neraugoties uz lieluma vai jaudas at\u0161\u0137ir\u012bb\u0101m, gandr\u012bz visiem p\u0113d\u0113jo gadu desmitu laik\u0101 izgatavotajiem BMW ir viens un tas pats pamata izk\u0101rtojums. Tas ietver dzin\u0113ju priek\u0161\u0101, vair\u0101kus s\u0113dek\u013cus vid\u016b un aizmugur\u0113jo rite\u0146u piedzi\u0146u aizmugur\u0113.  <strong>Protams, ir 4&#215;4 mode\u013ci, ta\u010du tas b\u016btiski nemaina pamatkoncepciju.<\/strong>  Ta\u010du i8 dzin\u0113js ir novietots aizmugur\u0113, tie\u0161i aiz s\u0113dek\u013ciem, t\u0101d\u0113j\u0101di tas ir vidusda\u013c\u0101 novietots automobilis. \u0160\u0101du konfigur\u0101ciju izmanto daudzi ra\u017eot\u0101ji, ra\u017eojot augstas veiktsp\u0113jas sporta automobi\u013cus, jo t\u0101 nodro\u0161ina lielisku svara sadal\u012bjumu. T\u0101p\u0113c nav br\u012bnums, ka BMW ir izv\u0113l\u0113jies \u0161o konfigur\u0101ciju i8 modelim.<\/p>\n\t\t\t\t\t\t<\/div>\n\t\t\t\t<\/div>\n\t\t\t\t\t<\/div>\n\t\t<\/div>\n\t\t\t\t\t<\/div>\n\t\t<\/section>\n\t\t\t\t<section class=\"elementor-section elementor-top-section elementor-element elementor-element-9e7d16a elementor-section-boxed elementor-section-height-default elementor-section-height-default\" data-id=\"9e7d16a\" data-element_type=\"section\">\n\t\t\t\t\t\t<div class=\"elementor-container elementor-column-gap-default\">\n\t\t\t\t\t<div class=\"elementor-column elementor-col-100 elementor-top-column elementor-element elementor-element-810e11c\" data-id=\"810e11c\" data-element_type=\"column\">\n\t\t\t<div class=\"elementor-widget-wrap elementor-element-populated\">\n\t\t\t\t\t\t<div class=\"elementor-element elementor-element-a95cbb3 elementor-widget elementor-widget-image\" data-id=\"a95cbb3\" data-element_type=\"widget\" data-widget_type=\"image.default\">\n\t\t\t\t<div class=\"elementor-widget-container\">\n\t\t\t\t\t\t\t\t\t\t\t\t\t<img decoding=\"async\" width=\"1024\" height=\"768\" src=\"https:\/\/pistonaddict.com\/wp-content\/uploads\/2023\/03\/BMW-i8-5-1024x768.jpg\" class=\"attachment-large size-large wp-image-29898\" alt=\"\" srcset=\"https:\/\/pistonaddict.com\/wp-content\/uploads\/2023\/03\/BMW-i8-5-1024x768.jpg 1024w, https:\/\/pistonaddict.com\/wp-content\/uploads\/2023\/03\/BMW-i8-5-520x390.jpg 520w, https:\/\/pistonaddict.com\/wp-content\/uploads\/2023\/03\/BMW-i8-5-600x450.jpg 600w, https:\/\/pistonaddict.com\/wp-content\/uploads\/2023\/03\/BMW-i8-5-300x225.jpg 300w, https:\/\/pistonaddict.com\/wp-content\/uploads\/2023\/03\/BMW-i8-5-768x576.jpg 768w, https:\/\/pistonaddict.com\/wp-content\/uploads\/2023\/03\/BMW-i8-5-1536x1152.jpg 1536w, https:\/\/pistonaddict.com\/wp-content\/uploads\/2023\/03\/BMW-i8-5.jpg 2048w\" sizes=\"(max-width: 1024px) 100vw, 1024px\" \/>\t\t\t\t\t\t\t\t\t\t\t\t\t<\/div>\n\t\t\t\t<\/div>\n\t\t\t\t\t<\/div>\n\t\t<\/div>\n\t\t\t\t\t<\/div>\n\t\t<\/section>\n\t\t\t\t<section class=\"elementor-section elementor-top-section elementor-element elementor-element-cd3a23b elementor-section-boxed elementor-section-height-default elementor-section-height-default\" data-id=\"cd3a23b\" data-element_type=\"section\">\n\t\t\t\t\t\t<div class=\"elementor-container elementor-column-gap-default\">\n\t\t\t\t\t<div class=\"elementor-column elementor-col-100 elementor-top-column elementor-element elementor-element-37cf6bf\" data-id=\"37cf6bf\" data-element_type=\"column\">\n\t\t\t<div class=\"elementor-widget-wrap elementor-element-populated\">\n\t\t\t\t\t\t<div class=\"elementor-element elementor-element-f8679a0 elementor-widget elementor-widget-text-editor\" data-id=\"f8679a0\" data-element_type=\"widget\" data-widget_type=\"text-editor.default\">\n\t\t\t\t<div class=\"elementor-widget-container\">\n\t\t\t\t\t\t\t<p>Tom\u0113r dzin\u0113js, ko vi\u0146i ir nol\u0113mu\u0161i izmantot \u0161im sporta automobilim, s\u0101kum\u0101 var \u0161\u0137ist nedaudz d\u012bvains. No visiem pieejamajiem agreg\u0101tiem BMW izv\u0113l\u0113j\u0101s maz\u0101ko 1,5 litru benz\u012bna dzin\u0113ju, kam ir tikai tr\u012bs cilindri. Lai gan tas neizklaus\u0101s daudzsolo\u0161s s\u0101kums, \u0161im dzin\u0113jam ir vair\u0101ki asi, kas var\u0113tu uzlabot veiktsp\u0113ju.<strong>  Tas ietver m\u016bsdien\u012bgu turbokompresora sist\u0113mu, atjaut\u012bgu v\u0101rstu laika noteik\u0161anas tehnolo\u0123iju un tie\u0161o degvielas iesmidzin\u0101\u0161anu, un tas ir tikai da\u017ei no tiem.<\/strong>  Pateicoties visiem \u0161iem tehnolo\u0123iskajiem br\u012bnumiem, i8 benz\u012bna dzin\u0113js sasniedz p\u0101rsteidzo\u0161u 228 zirgsp\u0113ku jaudu. P\u0113c tam tas tiek p\u0101rvietots uz aizmugur\u0113jiem rite\u0146iem, izmantojot izcilu Aisin Seiki 6 pak\u0101pju autom\u0101tisko transmisiju.<\/p>\n<p>Turkl\u0101t priek\u0161pus\u0113 ir 131 ZS elektromotors, kas, k\u0101 jau paredzams, darbina priek\u0161\u0113jos rite\u0146us. Tam ir pietiekami daudz sulas, lai automa\u0161\u012bna var\u0113tu p\u0101rvietoties tikai elektrisk\u0101 re\u017e\u012bm\u0101, kad benz\u012bna dzin\u0113js ir piln\u012bb\u0101 izsl\u0113gts. Ta\u010du, kad t\u0101s abas ir iesl\u0113gtas, i8 k\u013c\u016bst par \u010detru rite\u0146u piedzi\u0146as auto ar gandr\u012bz 360 zirgsp\u0113kiem. Un lab\u0101kais ir tas, ka priek\u0161\u0113jo un aizmugur\u0113jo tiltu nesavieno nek\u0101das meh\u0101niskas deta\u013cas, t\u0101p\u0113c tas ir ar\u012b viegls. T\u0101d\u0113j\u0101di tiek ietaup\u012bta ar\u012b vieta transportl\u012bdzek\u013ca vid\u016b, kur tiek izvietots litija jonu akumulators.  <\/p>\n<\/p>\n<h2>BMW i8 &#8211; k\u0101 ikdienas autovad\u012bt\u0101js<\/h2>\n<p><strong>Neskatoties uz hibr\u012bda piedzi\u0146u, BMW i8 galvenok\u0101rt ir sporta automobilis, un to apliecina ar\u012b veiktsp\u0113jas r\u0101d\u012bt\u0101ji<\/strong>. Ar pilnu g\u0101zi izbraucot no l\u012bknes, tas l\u012bdz 60 min\u016b\u0161u \u0101trumam pa\u0101trin\u0101s maz\u0101k nek\u0101 5 sekund\u0113s un turpin\u0101s braukt l\u012bdz elektroniski ierobe\u017eotajiem 155 j\u016bdz\u0113m stund\u0101. Pateicoties vieglajai konstrukcijai un zemajam smaguma centram, tas ir \u012bpa\u0161i labi vad\u0101ms l\u012bkumos. T\u0101tad, tas ir tas, kas attiecas uz veiktsp\u0113ju.<\/p>\n\t\t\t\t\t\t<\/div>\n\t\t\t\t<\/div>\n\t\t\t\t\t<\/div>\n\t\t<\/div>\n\t\t\t\t\t<\/div>\n\t\t<\/section>\n\t\t\t\t<section class=\"elementor-section elementor-top-section elementor-element elementor-element-bc08ef1 elementor-section-boxed elementor-section-height-default elementor-section-height-default\" data-id=\"bc08ef1\" data-element_type=\"section\">\n\t\t\t\t\t\t<div class=\"elementor-container elementor-column-gap-default\">\n\t\t\t\t\t<div class=\"elementor-column elementor-col-100 elementor-top-column elementor-element elementor-element-c80b94c\" data-id=\"c80b94c\" data-element_type=\"column\">\n\t\t\t<div class=\"elementor-widget-wrap elementor-element-populated\">\n\t\t\t\t\t\t<div class=\"elementor-element elementor-element-b86e0ca elementor-widget elementor-widget-image\" data-id=\"b86e0ca\" data-element_type=\"widget\" data-widget_type=\"image.default\">\n\t\t\t\t<div class=\"elementor-widget-container\">\n\t\t\t\t\t\t\t\t\t\t\t\t\t<img loading=\"lazy\" decoding=\"async\" width=\"1024\" height=\"677\" src=\"https:\/\/pistonaddict.com\/wp-content\/uploads\/2023\/03\/BMW-i8-1-1024x677.jpg\" class=\"attachment-large size-large wp-image-29810\" alt=\"\" srcset=\"https:\/\/pistonaddict.com\/wp-content\/uploads\/2023\/03\/BMW-i8-1-1024x677.jpg 1024w, https:\/\/pistonaddict.com\/wp-content\/uploads\/2023\/03\/BMW-i8-1-600x397.jpg 600w, https:\/\/pistonaddict.com\/wp-content\/uploads\/2023\/03\/BMW-i8-1-300x198.jpg 300w, https:\/\/pistonaddict.com\/wp-content\/uploads\/2023\/03\/BMW-i8-1-768x508.jpg 768w, https:\/\/pistonaddict.com\/wp-content\/uploads\/2023\/03\/BMW-i8-1-1536x1016.jpg 1536w, https:\/\/pistonaddict.com\/wp-content\/uploads\/2023\/03\/BMW-i8-1.jpg 2047w\" sizes=\"(max-width: 1024px) 100vw, 1024px\" \/>\t\t\t\t\t\t\t\t\t\t\t\t\t<\/div>\n\t\t\t\t<\/div>\n\t\t\t\t\t<\/div>\n\t\t<\/div>\n\t\t\t\t\t<\/div>\n\t\t<\/section>\n\t\t\t\t<section class=\"elementor-section elementor-top-section elementor-element elementor-element-2160704 elementor-section-boxed elementor-section-height-default elementor-section-height-default\" data-id=\"2160704\" data-element_type=\"section\">\n\t\t\t\t\t\t<div class=\"elementor-container elementor-column-gap-default\">\n\t\t\t\t\t<div class=\"elementor-column elementor-col-100 elementor-top-column elementor-element elementor-element-275a0c5\" data-id=\"275a0c5\" data-element_type=\"column\">\n\t\t\t<div class=\"elementor-widget-wrap elementor-element-populated\">\n\t\t\t\t\t\t<div class=\"elementor-element elementor-element-158dc22 elementor-widget elementor-widget-text-editor\" data-id=\"158dc22\" data-element_type=\"widget\" data-widget_type=\"text-editor.default\">\n\t\t\t\t<div class=\"elementor-widget-container\">\n\t\t\t\t\t\t\t<p>Tagad par hibr\u012bda un elektrisk\u0101 dzin\u0113ja da\u013cu. Vispirms i8 var nobraukt gandr\u012bz 20 j\u016bdzes, braucot piln\u012bb\u0101 elektrisk\u0101 re\u017e\u012bm\u0101. <strong>Protams, tas nav daudz, ta\u010du ar to pietiek vairumam ikdienas braucienu uz darbu<\/strong>. Turkl\u0101t, izmantojot \u0161o re\u017e\u012bmu, tas ir lieliski piem\u0113rots pils\u0113tas satiksm\u0113, kur vad\u0101m\u012bba ar parastajiem jaud\u012bgajiem automobi\u013ciem var b\u016bt sare\u017e\u0123\u012bta. Pat ar iedarbin\u0101tu benz\u012bna dzin\u0113ju tas joproj\u0101m nobrauc l\u012bdz 130 j\u016bdz\u0113m l\u012bdz galonam. Viena no funkcij\u0101m, kas to nodro\u0161ina, ir re\u0123enerat\u012bv\u0101 bremz\u0113\u0161ana, kas sav\u0101c cit\u0101di iz\u0161\u0137\u0113rd\u0113to ener\u0123iju un izmanto to akumulatoru uzl\u0101dei.<\/p>\n<p>Visbeidzot, ir salons, kas kupejas versij\u0101 ir pietiekami ietilp\u012bgs, lai taj\u0101 var\u0113tu s\u0113d\u0113t \u010detri pieaugu\u0161ie. \u0160\u0101da konfigur\u0101cija, kas \u0161\u0101da tipa automa\u0161\u012bn\u0101m nav rakstur\u012bga, ir iesp\u0113jama, pateicoties piedzi\u0146as sist\u0113mai un t\u0101s kompaktumam. Tas atkal ir t\u0101p\u0113c, ka telpas starp automobi\u013ca priek\u0161pusi un aizmuguri neaiz\u0146em meh\u0101nisk\u0101s deta\u013cas.  <\/p>\n<\/p>\n<h2>BMW i8 &#8211; secin\u0101jumi<\/h2>\n<p>i8 ir BMW m\u0113\u0123in\u0101jums rad\u012bt sportisku plug-in elektrisko hibr\u012bddzin\u0113ju, un tas tika ra\u017eots laik\u0101 no 2014. l\u012bdz 2020. gadam. \u0160im automobilim aizmugur\u0113 ir tr\u012bs cilindru benz\u012bna dzin\u0113js, kas darbina aizmugur\u0113jos rite\u0146us, un elektromotors, kas darbina priek\u0161\u0113jo tiltu.  <strong>To kop\u0113j\u0101 jauda ir 360 zirgsp\u0113ku, un, darbojoties tikai elektrisk\u0101 re\u017e\u012bm\u0101, var nobraukt l\u012bdz 20 j\u016bdz\u0113m.<\/strong>  Pateicoties modernajai piedzi\u0146ai un p\u0101rdom\u0101tajai virsb\u016bves konfigur\u0101cijai, BMW i8 ir lielisks veiktsp\u0113jas automobilis un praktisks ikdienas autovad\u012bt\u0101js. Tas neap\u0161aub\u0101mi veicin\u0101ja t\u0101 popularit\u0101ti un padar\u012bja to par vislab\u0101k p\u0101rdoto hibr\u012bda sporta automobili. Pirms ra\u017eo\u0161anas p\u0101rtrauk\u0161anas 2022. gada j\u016bnij\u0101 no mont\u0101\u017eas l\u012bnijas Leipcig\u0101 izbrauca vair\u0101k nek\u0101 20 000 BMW i8.  <\/p>\n\t\t\t\t\t\t<\/div>\n\t\t\t\t<\/div>\n\t\t\t\t\t<\/div>\n\t\t<\/div>\n\t\t\t\t\t<\/div>\n\t\t<\/section>\n\t\t\t\t<\/div>\n\t\t","protected":false},"excerpt":{"rendered":"<p>P\u0113d\u0113jos gados hibr\u012bdautomobi\u013ci visos to veidos un vari\u0101cij\u0101s ir k\u013cuvu\u0161i par neat\u0146emamu m\u016bsu automobi\u013cu pasaules sast\u0101vda\u013cu.  <\/p>\n","protected":false},"author":19,"featured_media":29867,"comment_status":"closed","ping_status":"closed","sticky":false,"template":"","format":"standard","meta":{"inline_featured_image":false,"footnotes":""},"categories":[41],"tags":[],"acf":[],"yoast_head":"<!-- This site is optimized with the Yoast SEO plugin v22.5 - https:\/\/yoast.com\/wordpress\/plugins\/seo\/ -->\n<title>BMW i8 p\u0101rdo\u0161anai izsol\u0113 - Piston Addict<\/title>\n<meta name=\"description\" content=\"Viss, kas jums j\u0101zina par BMW i8. Skat\u012bt visas BMW i8 izsoles PistonAddict.com.\" \/>\n<meta name=\"robots\" content=\"index, follow, max-snippet:-1, max-image-preview:large, max-video-preview:-1\" \/>\n<link rel=\"canonical\" href=\"https:\/\/pistonaddict.com\/lv\/bmw-i8-pardosanai-izsole\/\" \/>\n<meta property=\"og:locale\" content=\"lv_LV\" \/>\n<meta property=\"og:type\" content=\"article\" \/>\n<meta property=\"og:title\" content=\"BMW i8 p\u0101rdo\u0161anai izsol\u0113 - Piston Addict\" \/>\n<meta property=\"og:description\" content=\"Viss, kas jums j\u0101zina par BMW i8. Skat\u012bt visas BMW i8 izsoles PistonAddict.com.\" \/>\n<meta property=\"og:url\" content=\"https:\/\/pistonaddict.com\/lv\/bmw-i8-pardosanai-izsole\/\" \/>\n<meta property=\"og:site_name\" content=\"Piston Addict\" \/>\n<meta property=\"article:published_time\" content=\"2023-03-08T20:39:26+00:00\" \/>\n<meta property=\"article:modified_time\" content=\"2023-03-08T20:47:53+00:00\" \/>\n<meta property=\"og:image\" content=\"https:\/\/pistonaddict.com\/wp-content\/uploads\/2023\/03\/BMW-i8-3.jpg\" \/>\n\t<meta property=\"og:image:width\" content=\"2048\" \/>\n\t<meta property=\"og:image:height\" content=\"1264\" \/>\n\t<meta property=\"og:image:type\" content=\"image\/jpeg\" \/>\n<meta name=\"author\" content=\"kubiweb\" \/>\n<meta name=\"twitter:card\" content=\"summary_large_image\" \/>\n<meta name=\"twitter:label1\" content=\"Written by\" \/>\n\t<meta name=\"twitter:data1\" content=\"kubiweb\" \/>\n\t<meta name=\"twitter:label2\" content=\"Est. reading time\" \/>\n\t<meta name=\"twitter:data2\" content=\"8 minutes\" \/>\n<script type=\"application\/ld+json\" class=\"yoast-schema-graph\">{\"@context\":\"https:\/\/schema.org\",\"@graph\":[{\"@type\":\"Article\",\"@id\":\"https:\/\/pistonaddict.com\/lv\/bmw-i8-pardosanai-izsole\/#article\",\"isPartOf\":{\"@id\":\"https:\/\/pistonaddict.com\/lv\/bmw-i8-pardosanai-izsole\/\"},\"author\":{\"name\":\"kubiweb\",\"@id\":\"https:\/\/pistonaddict.com\/lv\/#\/schema\/person\/b654bd8ec8744297879f6f28628ad974\"},\"headline\":\"BMW i8 p\u0101rdo\u0161anai izsol\u0113\",\"datePublished\":\"2023-03-08T20:39:26+00:00\",\"dateModified\":\"2023-03-08T20:47:53+00:00\",\"mainEntityOfPage\":{\"@id\":\"https:\/\/pistonaddict.com\/lv\/bmw-i8-pardosanai-izsole\/\"},\"wordCount\":1635,\"publisher\":{\"@id\":\"https:\/\/pistonaddict.com\/lv\/#organization\"},\"image\":{\"@id\":\"https:\/\/pistonaddict.com\/lv\/bmw-i8-pardosanai-izsole\/#primaryimage\"},\"thumbnailUrl\":\"https:\/\/pistonaddict.com\/wp-content\/uploads\/2023\/03\/BMW-i8-3.jpg\",\"articleSection\":[\"Uncategorized @lv\"],\"inLanguage\":\"lv-LV\"},{\"@type\":\"WebPage\",\"@id\":\"https:\/\/pistonaddict.com\/lv\/bmw-i8-pardosanai-izsole\/\",\"url\":\"https:\/\/pistonaddict.com\/lv\/bmw-i8-pardosanai-izsole\/\",\"name\":\"BMW i8 p\u0101rdo\u0161anai izsol\u0113 - Piston Addict\",\"isPartOf\":{\"@id\":\"https:\/\/pistonaddict.com\/lv\/#website\"},\"primaryImageOfPage\":{\"@id\":\"https:\/\/pistonaddict.com\/lv\/bmw-i8-pardosanai-izsole\/#primaryimage\"},\"image\":{\"@id\":\"https:\/\/pistonaddict.com\/lv\/bmw-i8-pardosanai-izsole\/#primaryimage\"},\"thumbnailUrl\":\"https:\/\/pistonaddict.com\/wp-content\/uploads\/2023\/03\/BMW-i8-3.jpg\",\"datePublished\":\"2023-03-08T20:39:26+00:00\",\"dateModified\":\"2023-03-08T20:47:53+00:00\",\"description\":\"Viss, kas jums j\u0101zina par BMW i8. Skat\u012bt visas BMW i8 izsoles PistonAddict.com.\",\"breadcrumb\":{\"@id\":\"https:\/\/pistonaddict.com\/lv\/bmw-i8-pardosanai-izsole\/#breadcrumb\"},\"inLanguage\":\"lv-LV\",\"potentialAction\":[{\"@type\":\"ReadAction\",\"target\":[\"https:\/\/pistonaddict.com\/lv\/bmw-i8-pardosanai-izsole\/\"]}]},{\"@type\":\"ImageObject\",\"inLanguage\":\"lv-LV\",\"@id\":\"https:\/\/pistonaddict.com\/lv\/bmw-i8-pardosanai-izsole\/#primaryimage\",\"url\":\"https:\/\/pistonaddict.com\/wp-content\/uploads\/2023\/03\/BMW-i8-3.jpg\",\"contentUrl\":\"https:\/\/pistonaddict.com\/wp-content\/uploads\/2023\/03\/BMW-i8-3.jpg\",\"width\":2048,\"height\":1264},{\"@type\":\"BreadcrumbList\",\"@id\":\"https:\/\/pistonaddict.com\/lv\/bmw-i8-pardosanai-izsole\/#breadcrumb\",\"itemListElement\":[{\"@type\":\"ListItem\",\"position\":1,\"name\":\"M\u0101jas lapa\",\"item\":\"https:\/\/pistonaddict.com\/lv\/majas-lapa-2\/\"},{\"@type\":\"ListItem\",\"position\":2,\"name\":\"BMW i8 p\u0101rdo\u0161anai izsol\u0113\"}]},{\"@type\":\"WebSite\",\"@id\":\"https:\/\/pistonaddict.com\/lv\/#website\",\"url\":\"https:\/\/pistonaddict.com\/lv\/\",\"name\":\"Piston Addict\",\"description\":\"Only interesting vehicles\",\"publisher\":{\"@id\":\"https:\/\/pistonaddict.com\/lv\/#organization\"},\"potentialAction\":[{\"@type\":\"SearchAction\",\"target\":{\"@type\":\"EntryPoint\",\"urlTemplate\":\"https:\/\/pistonaddict.com\/lv\/?s={search_term_string}\"},\"query-input\":\"required name=search_term_string\"}],\"inLanguage\":\"lv-LV\"},{\"@type\":\"Organization\",\"@id\":\"https:\/\/pistonaddict.com\/lv\/#organization\",\"name\":\"Piston Addict\",\"url\":\"https:\/\/pistonaddict.com\/lv\/\",\"logo\":{\"@type\":\"ImageObject\",\"inLanguage\":\"lv-LV\",\"@id\":\"https:\/\/pistonaddict.com\/lv\/#\/schema\/logo\/image\/\",\"url\":\"https:\/\/pistonaddict.com\/wp-content\/uploads\/2022\/07\/logo-6.png\",\"contentUrl\":\"https:\/\/pistonaddict.com\/wp-content\/uploads\/2022\/07\/logo-6.png\",\"width\":970,\"height\":200,\"caption\":\"Piston Addict\"},\"image\":{\"@id\":\"https:\/\/pistonaddict.com\/lv\/#\/schema\/logo\/image\/\"}},{\"@type\":\"Person\",\"@id\":\"https:\/\/pistonaddict.com\/lv\/#\/schema\/person\/b654bd8ec8744297879f6f28628ad974\",\"name\":\"kubiweb\",\"url\":\"https:\/\/pistonaddict.com\/lv\/author\/kubiweb\/\"}]}<\/script>\n<!-- \/ Yoast SEO plugin. -->","yoast_head_json":{"title":"BMW i8 p\u0101rdo\u0161anai izsol\u0113 - Piston Addict","description":"Viss, kas jums j\u0101zina par BMW i8. Skat\u012bt visas BMW i8 izsoles PistonAddict.com.","robots":{"index":"index","follow":"follow","max-snippet":"max-snippet:-1","max-image-preview":"max-image-preview:large","max-video-preview":"max-video-preview:-1"},"canonical":"https:\/\/pistonaddict.com\/lv\/bmw-i8-pardosanai-izsole\/","og_locale":"lv_LV","og_type":"article","og_title":"BMW i8 p\u0101rdo\u0161anai izsol\u0113 - Piston Addict","og_description":"Viss, kas jums j\u0101zina par BMW i8. Skat\u012bt visas BMW i8 izsoles PistonAddict.com.","og_url":"https:\/\/pistonaddict.com\/lv\/bmw-i8-pardosanai-izsole\/","og_site_name":"Piston Addict","article_published_time":"2023-03-08T20:39:26+00:00","article_modified_time":"2023-03-08T20:47:53+00:00","og_image":[{"width":2048,"height":1264,"url":"https:\/\/pistonaddict.com\/wp-content\/uploads\/2023\/03\/BMW-i8-3.jpg","type":"image\/jpeg"}],"author":"kubiweb","twitter_card":"summary_large_image","twitter_misc":{"Written by":"kubiweb","Est. reading time":"8 minutes"},"schema":{"@context":"https:\/\/schema.org","@graph":[{"@type":"Article","@id":"https:\/\/pistonaddict.com\/lv\/bmw-i8-pardosanai-izsole\/#article","isPartOf":{"@id":"https:\/\/pistonaddict.com\/lv\/bmw-i8-pardosanai-izsole\/"},"author":{"name":"kubiweb","@id":"https:\/\/pistonaddict.com\/lv\/#\/schema\/person\/b654bd8ec8744297879f6f28628ad974"},"headline":"BMW i8 p\u0101rdo\u0161anai izsol\u0113","datePublished":"2023-03-08T20:39:26+00:00","dateModified":"2023-03-08T20:47:53+00:00","mainEntityOfPage":{"@id":"https:\/\/pistonaddict.com\/lv\/bmw-i8-pardosanai-izsole\/"},"wordCount":1635,"publisher":{"@id":"https:\/\/pistonaddict.com\/lv\/#organization"},"image":{"@id":"https:\/\/pistonaddict.com\/lv\/bmw-i8-pardosanai-izsole\/#primaryimage"},"thumbnailUrl":"https:\/\/pistonaddict.com\/wp-content\/uploads\/2023\/03\/BMW-i8-3.jpg","articleSection":["Uncategorized @lv"],"inLanguage":"lv-LV"},{"@type":"WebPage","@id":"https:\/\/pistonaddict.com\/lv\/bmw-i8-pardosanai-izsole\/","url":"https:\/\/pistonaddict.com\/lv\/bmw-i8-pardosanai-izsole\/","name":"BMW i8 p\u0101rdo\u0161anai izsol\u0113 - Piston Addict","isPartOf":{"@id":"https:\/\/pistonaddict.com\/lv\/#website"},"primaryImageOfPage":{"@id":"https:\/\/pistonaddict.com\/lv\/bmw-i8-pardosanai-izsole\/#primaryimage"},"image":{"@id":"https:\/\/pistonaddict.com\/lv\/bmw-i8-pardosanai-izsole\/#primaryimage"},"thumbnailUrl":"https:\/\/pistonaddict.com\/wp-content\/uploads\/2023\/03\/BMW-i8-3.jpg","datePublished":"2023-03-08T20:39:26+00:00","dateModified":"2023-03-08T20:47:53+00:00","description":"Viss, kas jums j\u0101zina par BMW i8. Skat\u012bt visas BMW i8 izsoles PistonAddict.com.","breadcrumb":{"@id":"https:\/\/pistonaddict.com\/lv\/bmw-i8-pardosanai-izsole\/#breadcrumb"},"inLanguage":"lv-LV","potentialAction":[{"@type":"ReadAction","target":["https:\/\/pistonaddict.com\/lv\/bmw-i8-pardosanai-izsole\/"]}]},{"@type":"ImageObject","inLanguage":"lv-LV","@id":"https:\/\/pistonaddict.com\/lv\/bmw-i8-pardosanai-izsole\/#primaryimage","url":"https:\/\/pistonaddict.com\/wp-content\/uploads\/2023\/03\/BMW-i8-3.jpg","contentUrl":"https:\/\/pistonaddict.com\/wp-content\/uploads\/2023\/03\/BMW-i8-3.jpg","width":2048,"height":1264},{"@type":"BreadcrumbList","@id":"https:\/\/pistonaddict.com\/lv\/bmw-i8-pardosanai-izsole\/#breadcrumb","itemListElement":[{"@type":"ListItem","position":1,"name":"M\u0101jas lapa","item":"https:\/\/pistonaddict.com\/lv\/majas-lapa-2\/"},{"@type":"ListItem","position":2,"name":"BMW i8 p\u0101rdo\u0161anai izsol\u0113"}]},{"@type":"WebSite","@id":"https:\/\/pistonaddict.com\/lv\/#website","url":"https:\/\/pistonaddict.com\/lv\/","name":"Piston Addict","description":"Only interesting vehicles","publisher":{"@id":"https:\/\/pistonaddict.com\/lv\/#organization"},"potentialAction":[{"@type":"SearchAction","target":{"@type":"EntryPoint","urlTemplate":"https:\/\/pistonaddict.com\/lv\/?s={search_term_string}"},"query-input":"required name=search_term_string"}],"inLanguage":"lv-LV"},{"@type":"Organization","@id":"https:\/\/pistonaddict.com\/lv\/#organization","name":"Piston Addict","url":"https:\/\/pistonaddict.com\/lv\/","logo":{"@type":"ImageObject","inLanguage":"lv-LV","@id":"https:\/\/pistonaddict.com\/lv\/#\/schema\/logo\/image\/","url":"https:\/\/pistonaddict.com\/wp-content\/uploads\/2022\/07\/logo-6.png","contentUrl":"https:\/\/pistonaddict.com\/wp-content\/uploads\/2022\/07\/logo-6.png","width":970,"height":200,"caption":"Piston Addict"},"image":{"@id":"https:\/\/pistonaddict.com\/lv\/#\/schema\/logo\/image\/"}},{"@type":"Person","@id":"https:\/\/pistonaddict.com\/lv\/#\/schema\/person\/b654bd8ec8744297879f6f28628ad974","name":"kubiweb","url":"https:\/\/pistonaddict.com\/lv\/author\/kubiweb\/"}]}},"_links":{"self":[{"href":"https:\/\/pistonaddict.com\/lv\/wp-json\/wp\/v2\/posts\/29947"}],"collection":[{"href":"https:\/\/pistonaddict.com\/lv\/wp-json\/wp\/v2\/posts"}],"about":[{"href":"https:\/\/pistonaddict.com\/lv\/wp-json\/wp\/v2\/types\/post"}],"author":[{"embeddable":true,"href":"https:\/\/pistonaddict.com\/lv\/wp-json\/wp\/v2\/users\/19"}],"replies":[{"embeddable":true,"href":"https:\/\/pistonaddict.com\/lv\/wp-json\/wp\/v2\/comments?post=29947"}],"version-history":[{"count":1,"href":"https:\/\/pistonaddict.com\/lv\/wp-json\/wp\/v2\/posts\/29947\/revisions"}],"predecessor-version":[{"id":29949,"href":"https:\/\/pistonaddict.com\/lv\/wp-json\/wp\/v2\/posts\/29947\/revisions\/29949"}],"wp:featuredmedia":[{"embeddable":true,"href":"https:\/\/pistonaddict.com\/lv\/wp-json\/wp\/v2\/media\/29867"}],"wp:attachment":[{"href":"https:\/\/pistonaddict.com\/lv\/wp-json\/wp\/v2\/media?parent=29947"}],"wp:term":[{"taxonomy":"category","embeddable":true,"href":"https:\/\/pistonaddict.com\/lv\/wp-json\/wp\/v2\/categories?post=29947"},{"taxonomy":"post_tag","embeddable":true,"href":"https:\/\/pistonaddict.com\/lv\/wp-json\/wp\/v2\/tags?post=29947"}],"curies":[{"name":"wp","href":"https:\/\/api.w.org\/{rel}","templated":true}]}}