{"id":29950,"date":"2023-03-08T21:39:26","date_gmt":"2023-03-08T20:39:26","guid":{"rendered":"https:\/\/pistonaddict.com\/aukcione-parduodamas-bmw-i8\/"},"modified":"2023-03-08T21:47:56","modified_gmt":"2023-03-08T20:47:56","slug":"aukcione-parduodamas-bmw-i8","status":"publish","type":"post","link":"https:\/\/pistonaddict.com\/lt\/aukcione-parduodamas-bmw-i8\/","title":{"rendered":"Aukcione parduodamas BMW i8"},"content":{"rendered":"\t\t<div data-elementor-type=\"wp-post\" data-elementor-id=\"29950\" class=\"elementor elementor-29950 elementor-29809\">\n\t\t\t\t\t\t<section class=\"elementor-section elementor-top-section elementor-element elementor-element-487669a elementor-section-boxed elementor-section-height-default elementor-section-height-default\" data-id=\"487669a\" data-element_type=\"section\">\n\t\t\t\t\t\t<div class=\"elementor-container elementor-column-gap-default\">\n\t\t\t\t\t<div class=\"elementor-column elementor-col-100 elementor-top-column elementor-element elementor-element-1b6db47\" data-id=\"1b6db47\" data-element_type=\"column\">\n\t\t\t<div class=\"elementor-widget-wrap elementor-element-populated\">\n\t\t\t\t\t\t<div class=\"elementor-element elementor-element-7692c95 elementor-widget elementor-widget-text-editor\" data-id=\"7692c95\" data-element_type=\"widget\" data-widget_type=\"text-editor.default\">\n\t\t\t\t<div class=\"elementor-widget-container\">\n\t\t\t<style>\/*! elementor - v3.21.0 - 18-04-2024 *\/\n.elementor-widget-text-editor.elementor-drop-cap-view-stacked .elementor-drop-cap{background-color:#69727d;color:#fff}.elementor-widget-text-editor.elementor-drop-cap-view-framed .elementor-drop-cap{color:#69727d;border:3px solid;background-color:transparent}.elementor-widget-text-editor:not(.elementor-drop-cap-view-default) .elementor-drop-cap{margin-top:8px}.elementor-widget-text-editor:not(.elementor-drop-cap-view-default) .elementor-drop-cap-letter{width:1em;height:1em}.elementor-widget-text-editor .elementor-drop-cap{float:left;text-align:center;line-height:1;font-size:50px}.elementor-widget-text-editor .elementor-drop-cap-letter{display:inline-block}<\/style>\t\t\t\t<p>Pastaraisiais metais hibridiniai automobiliai (vis\u0173 form\u0173 ir variant\u0173) tapo neatsiejama m\u016bs\u0173 automobili\u0173 pasaulio dalimi.  <strong>Juose tradicinis vidaus degimas derinamas su elektra, tod\u0117l va\u017eiuojama skland\u017eiai ir sunaudojama steb\u0117tinai ma\u017eai degal\u0173.<\/strong>  \u0160i\u0105 koncepcij\u0105 prad\u0117jo ir v\u0117liau i\u0161tobulino &#8220;Toyota&#8221;, kurios &#8220;Prius&#8221; ir pana\u0161\u016bs modeliai pla\u010diai paplito. Ta\u010diau, kad ir kokios taupios ir ekologi\u0161kos b\u016bt\u0173, tokios transporto priemon\u0117s vairuotojo po\u017ei\u016briu n\u0117ra labai \u012fdomios. Laimei, keli gamintojai man\u0117, kad naudojant \u0161i\u0105 technologij\u0105 kitaip b\u016bt\u0173 galima sukurti nuostabi\u0173 automobili\u0173. Viena i\u0161 j\u0173 &#8211; BMW, nusprendusi sukurti hibridin\u012f auk\u0161tos klas\u0117s sportin\u012f automobil\u012f. Jo pavadinimas &#8211; i8, o \u0161tai jo istorija.<\/p>\n<\/p>\n<h2>BMW i8 &#8211; sportinis hibridas<\/h2>\n<p>Nors \u012fvair\u016bs modeliai skiriasi, visi hibridiniai automobiliai veikia pana\u0161iu principu. Pirmiausia yra tradicinis vidaus degimo variklis, kuriame naudojamas benzinas, dyzelinas arba kitos r\u016b\u0161ies degalai.  <strong>Toliau yra elektros variklis, kuris elektros energij\u0105 gauna i\u0161 akumuliatoriaus. Ta\u010diau, kitaip nei visi\u0161kai elektra varomuose automobiliuose, \u0161ie akumuliatoriai yra daug ma\u017eesni, nes j\u0173 veikimo nuotolis neturi b\u016bti didelis.<\/strong>  \u0160ie du varikliai sujungti taip, kad, priklausomai nuo va\u017eiavimo s\u0105lyg\u0173, gal\u0117t\u0173 veikti atskirai arba kartu. Pavyzd\u017eiui, l\u0117tai va\u017eiuojant mieste, taupant degalus dirbs tik elektrinis variklis. Ta\u010diau kai reikia daugiau galios, pavyzd\u017eiui, greit\u0117jant, \u012fsijungia ir vidaus degimo variklis. Jie veiks kartu, kad b\u016bt\u0173 u\u017etikrintas maksimalus na\u0161umas ir geriausias \u012fmanomas veikimas. Be to, dalis \u0161iais laikotarpiais pagamintos energijos bus naudojama akumuliatoriams \u012fkrauti. Tod\u0117l tinkamai naudojamos hibridin\u0117s transporto priemon\u0117s labai taupiai naudoja degalus ir tausoja aplink\u0105.<\/p>\n<p>Ta\u010diau kai kurie automobili\u0173 gamintojai pripa\u017eino, kad \u0161i palyginti nauja technologija turi potencialo auk\u0161tos klas\u0117s sportiniuose automobiliuose, nes gali pagerinti j\u0173 eksploatacines savybes. Daugiausia d\u0117l to kaltas elektrinis variklis ir jo sukimo momento perdavimo charakteristikos.  <strong>Skirtingai nei vidaus degimo varikliai, \u0161ie varikliai vis\u0105 savo gali\u0105 turi nuo pat prad\u017ei\u0173, nereikia laukti, kol padid\u0117s s\u016bki\u0173 da\u017enis.<\/strong>  B\u016btent \u0161i savyb\u0117, sujungta su varikliu su turbokompresoriumi, padeda suma\u017einti arba panaikinti jo atsilikim\u0105. Tod\u0117l automobilis su tokia transmisija grei\u010diau i\u0161va\u017eiuoja i\u0161 rikiuot\u0117s ir turi didesn\u012f pagreit\u012f perjungiant pavaras. Vienas i\u0161 tuo labai susidom\u0117jusi\u0173 gamintoj\u0173 buvo BMW, kuris 2014 m., po keli\u0173 koncepcini\u0173 modeli\u0173, pagaliau pasi\u016bl\u0117 hibridin\u012f i8.<\/p>\n<\/p>\n<h2>BMW i8 &#8211; i\u0161vaizda<\/h2>\n<p>&#8220;i8&#8221; i\u0161vaizda yra vienas i\u0161 dalyk\u0173, visi\u0161kai skirian\u010di\u0173 j\u012f nuo kit\u0173 BMW modeli\u0173. Dauguma \u0161io Bavarijos gamintojo automobili\u0173, net ir didelio na\u0161umo M modeliai, yra tradicini\u0173 form\u0173.  <strong>Prie\u0161ingai, sporti\u0161kas hibridinis i8, pasi\u017eymintis radikaliomis formomis, \u012f juos visai nepana\u0161us.<\/strong>  Stovint \u0161alia jo, nuspr\u0119sti, kuriuo kampu jis atrodo \u012fsp\u016bdingiausiai, n\u0117ra paprasta u\u017eduotis. Priekyje &#8211; \u017eemas, nuo\u017eulnus variklio dangtis su didele oro i\u0161metimo anga, agresyviai atrodan\u010dios grotel\u0117s ir priekiniai \u017eibintai. I\u0161 \u0161ono aptak\u0173 siluet\u0105 puo\u0161ia masyvios galin\u0117s arkos. Ta\u010diau labiausiai ne\u012fprastas yra nugar\u0117l\u0117s dizainas. Vir\u0161uje integruotos oro angos, spoiler\u012f primenantys \u0161oniniai kra\u0161tai, o apa\u010dioje &#8211; difuzorius. Be abejo, va\u017eiavimas su i8 yra smagus reginys.<\/p>\n\t\t\t\t\t\t<\/div>\n\t\t\t\t<\/div>\n\t\t\t\t\t<\/div>\n\t\t<\/div>\n\t\t\t\t\t<\/div>\n\t\t<\/section>\n\t\t\t\t<section class=\"elementor-section elementor-top-section elementor-element elementor-element-deecf09 elementor-section-boxed elementor-section-height-default elementor-section-height-default\" data-id=\"deecf09\" data-element_type=\"section\">\n\t\t\t\t\t\t<div class=\"elementor-container elementor-column-gap-default\">\n\t\t\t\t\t<div class=\"elementor-column elementor-col-100 elementor-top-column elementor-element elementor-element-0e3e413\" data-id=\"0e3e413\" data-element_type=\"column\">\n\t\t\t<div class=\"elementor-widget-wrap elementor-element-populated\">\n\t\t\t\t\t\t<div class=\"elementor-element elementor-element-1435b0b elementor-widget elementor-widget-image\" data-id=\"1435b0b\" data-element_type=\"widget\" data-widget_type=\"image.default\">\n\t\t\t\t<div class=\"elementor-widget-container\">\n\t\t\t<style>\/*! elementor - v3.21.0 - 18-04-2024 *\/\n.elementor-widget-image{text-align:center}.elementor-widget-image a{display:inline-block}.elementor-widget-image a img[src$=\".svg\"]{width:48px}.elementor-widget-image img{vertical-align:middle;display:inline-block}<\/style>\t\t\t\t\t\t\t\t\t\t<img fetchpriority=\"high\" decoding=\"async\" width=\"1024\" height=\"688\" src=\"https:\/\/pistonaddict.com\/wp-content\/uploads\/2023\/03\/BMW-i8-2-1024x688.jpg\" class=\"attachment-large size-large wp-image-29832\" alt=\"\" srcset=\"https:\/\/pistonaddict.com\/wp-content\/uploads\/2023\/03\/BMW-i8-2-1024x688.jpg 1024w, https:\/\/pistonaddict.com\/wp-content\/uploads\/2023\/03\/BMW-i8-2-600x403.jpg 600w, https:\/\/pistonaddict.com\/wp-content\/uploads\/2023\/03\/BMW-i8-2-300x202.jpg 300w, https:\/\/pistonaddict.com\/wp-content\/uploads\/2023\/03\/BMW-i8-2-768x516.jpg 768w, https:\/\/pistonaddict.com\/wp-content\/uploads\/2023\/03\/BMW-i8-2.jpg 1500w\" sizes=\"(max-width: 1024px) 100vw, 1024px\" \/>\t\t\t\t\t\t\t\t\t\t\t\t\t<\/div>\n\t\t\t\t<\/div>\n\t\t\t\t\t<\/div>\n\t\t<\/div>\n\t\t\t\t\t<\/div>\n\t\t<\/section>\n\t\t\t\t<section class=\"elementor-section elementor-top-section elementor-element elementor-element-6b01901 elementor-section-boxed elementor-section-height-default elementor-section-height-default\" data-id=\"6b01901\" data-element_type=\"section\">\n\t\t\t\t\t\t<div class=\"elementor-container elementor-column-gap-default\">\n\t\t\t\t\t<div class=\"elementor-column elementor-col-100 elementor-top-column elementor-element elementor-element-3be2f2e\" data-id=\"3be2f2e\" data-element_type=\"column\">\n\t\t\t<div class=\"elementor-widget-wrap elementor-element-populated\">\n\t\t\t\t\t\t<div class=\"elementor-element elementor-element-4171002 elementor-widget elementor-widget-text-editor\" data-id=\"4171002\" data-element_type=\"widget\" data-widget_type=\"text-editor.default\">\n\t\t\t\t<div class=\"elementor-widget-container\">\n\t\t\t\t\t\t\t<p>BMW i8 buvo galima \u012fsigyti dviej\u0173 k\u0117bulo form\u0173 &#8211; kup\u0117 arba rodsterio. Pagrindinis skirtumas tarp j\u0173, be stogo nebuvimo, yra tas, kiek keleivi\u0173 jie gali ve\u017eti. Kup\u0117 turi keturias s\u0117dynes, o roadsteris, kaip galima nusp\u0117ti, tik dvi. Abiej\u0173 variant\u0173 k\u0117bulas pagamintas i\u0161 anglies pluo\u0161to, o po juo &#8211; aliuminio konstrukcija.<\/p>\n\t\t\t\t\t\t<\/div>\n\t\t\t\t<\/div>\n\t\t\t\t\t<\/div>\n\t\t<\/div>\n\t\t\t\t\t<\/div>\n\t\t<\/section>\n\t\t\t\t<section class=\"elementor-section elementor-top-section elementor-element elementor-element-9faf877 elementor-section-boxed elementor-section-height-default elementor-section-height-default\" data-id=\"9faf877\" data-element_type=\"section\">\n\t\t\t\t\t\t<div class=\"elementor-container elementor-column-gap-default\">\n\t\t\t\t\t<div class=\"elementor-column elementor-col-100 elementor-top-column elementor-element elementor-element-03e9194\" data-id=\"03e9194\" data-element_type=\"column\">\n\t\t\t<div class=\"elementor-widget-wrap elementor-element-populated\">\n\t\t\t\t\t\t<div class=\"elementor-element elementor-element-7e5eff5 elementor-widget elementor-widget-image\" data-id=\"7e5eff5\" data-element_type=\"widget\" data-widget_type=\"image.default\">\n\t\t\t\t<div class=\"elementor-widget-container\">\n\t\t\t\t\t\t\t\t\t\t\t\t\t<img decoding=\"async\" width=\"1024\" height=\"768\" src=\"https:\/\/pistonaddict.com\/wp-content\/uploads\/2023\/03\/BMW-i8-4-1024x768.jpg\" class=\"attachment-large size-large wp-image-29876\" alt=\"\" srcset=\"https:\/\/pistonaddict.com\/wp-content\/uploads\/2023\/03\/BMW-i8-4-1024x768.jpg 1024w, https:\/\/pistonaddict.com\/wp-content\/uploads\/2023\/03\/BMW-i8-4-520x390.jpg 520w, https:\/\/pistonaddict.com\/wp-content\/uploads\/2023\/03\/BMW-i8-4-600x450.jpg 600w, https:\/\/pistonaddict.com\/wp-content\/uploads\/2023\/03\/BMW-i8-4-300x225.jpg 300w, https:\/\/pistonaddict.com\/wp-content\/uploads\/2023\/03\/BMW-i8-4-768x576.jpg 768w, https:\/\/pistonaddict.com\/wp-content\/uploads\/2023\/03\/BMW-i8-4-1536x1152.jpg 1536w, https:\/\/pistonaddict.com\/wp-content\/uploads\/2023\/03\/BMW-i8-4.jpg 2048w\" sizes=\"(max-width: 1024px) 100vw, 1024px\" \/>\t\t\t\t\t\t\t\t\t\t\t\t\t<\/div>\n\t\t\t\t<\/div>\n\t\t\t\t\t<\/div>\n\t\t<\/div>\n\t\t\t\t\t<\/div>\n\t\t<\/section>\n\t\t\t\t<section class=\"elementor-section elementor-top-section elementor-element elementor-element-8448151 elementor-section-boxed elementor-section-height-default elementor-section-height-default\" data-id=\"8448151\" data-element_type=\"section\">\n\t\t\t\t\t\t<div class=\"elementor-container elementor-column-gap-default\">\n\t\t\t\t\t<div class=\"elementor-column elementor-col-100 elementor-top-column elementor-element elementor-element-1eabf88\" data-id=\"1eabf88\" data-element_type=\"column\">\n\t\t\t<div class=\"elementor-widget-wrap elementor-element-populated\">\n\t\t\t\t\t\t<div class=\"elementor-element elementor-element-3b5eab4 elementor-widget elementor-widget-text-editor\" data-id=\"3b5eab4\" data-element_type=\"widget\" data-widget_type=\"text-editor.default\">\n\t\t\t\t<div class=\"elementor-widget-container\">\n\t\t\t\t\t\t\t<p>Viena i\u0161 i\u0161skirtini\u0173 \u0161io automobilio savybi\u0173 &#8211; durys, nes jos atsidaro gana ne\u012fprastai. Daugelyje auk\u0161tos klas\u0117s automobili\u0173 naudojamos vertikaliai judan\u010dios \u017eirklin\u0117s durys, ta\u010diau BMW pasirinko \u0161iek tiek kitok\u012f sprendim\u0105 &#8211; drugelio formos duris. Jie turi vyrius, kurie leid\u017eia atsidaryti vertikaliai ir \u012f i\u0161or\u0119, tod\u0117l lengviau patekti \u012f vid\u0173.<\/p>\n<\/p>\n<h2>BMW i8 &#8211; kas slypi po juo<\/h2>\n<p>Nepaisant dyd\u017eio ar galios skirtum\u0173, beveik visi per pastaruosius kelis de\u0161imtme\u010dius pagaminti BMW automobiliai turi t\u0105 pat\u012f pagrindin\u012f i\u0161d\u0117stym\u0105. Variklis yra priekyje, kelios s\u0117dyn\u0117s &#8211; viduryje, o galiniai varomieji ratai &#8211; gale.  <strong>\u017dinoma, yra 4&#215;4 modeli\u0173, ta\u010diau tai nekei\u010dia pagrindin\u0117s koncepcijos.<\/strong>  Ta\u010diau i8 variklis yra gale, i\u0161kart u\u017e s\u0117dyni\u0173, tod\u0117l tai yra automobilis su viduryje esan\u010diu varikliu. Toki\u0105 konfig\u016bracij\u0105 daugelis gamintoj\u0173 naudoja savo auk\u0161tos klas\u0117s sportiniuose automobiliuose, nes taip puikiai paskirstomas svoris. Tod\u0117l nenuostabu, kad BMW pasirinko \u0161i\u0105 konfig\u016bracij\u0105 i8 modeliui.<\/p>\n\t\t\t\t\t\t<\/div>\n\t\t\t\t<\/div>\n\t\t\t\t\t<\/div>\n\t\t<\/div>\n\t\t\t\t\t<\/div>\n\t\t<\/section>\n\t\t\t\t<section class=\"elementor-section elementor-top-section elementor-element elementor-element-9e7d16a elementor-section-boxed elementor-section-height-default elementor-section-height-default\" data-id=\"9e7d16a\" data-element_type=\"section\">\n\t\t\t\t\t\t<div class=\"elementor-container elementor-column-gap-default\">\n\t\t\t\t\t<div class=\"elementor-column elementor-col-100 elementor-top-column elementor-element elementor-element-810e11c\" data-id=\"810e11c\" data-element_type=\"column\">\n\t\t\t<div class=\"elementor-widget-wrap elementor-element-populated\">\n\t\t\t\t\t\t<div class=\"elementor-element elementor-element-a95cbb3 elementor-widget elementor-widget-image\" data-id=\"a95cbb3\" data-element_type=\"widget\" data-widget_type=\"image.default\">\n\t\t\t\t<div class=\"elementor-widget-container\">\n\t\t\t\t\t\t\t\t\t\t\t\t\t<img decoding=\"async\" width=\"1024\" height=\"768\" src=\"https:\/\/pistonaddict.com\/wp-content\/uploads\/2023\/03\/BMW-i8-5-1024x768.jpg\" class=\"attachment-large size-large wp-image-29898\" alt=\"\" srcset=\"https:\/\/pistonaddict.com\/wp-content\/uploads\/2023\/03\/BMW-i8-5-1024x768.jpg 1024w, https:\/\/pistonaddict.com\/wp-content\/uploads\/2023\/03\/BMW-i8-5-520x390.jpg 520w, https:\/\/pistonaddict.com\/wp-content\/uploads\/2023\/03\/BMW-i8-5-600x450.jpg 600w, https:\/\/pistonaddict.com\/wp-content\/uploads\/2023\/03\/BMW-i8-5-300x225.jpg 300w, https:\/\/pistonaddict.com\/wp-content\/uploads\/2023\/03\/BMW-i8-5-768x576.jpg 768w, https:\/\/pistonaddict.com\/wp-content\/uploads\/2023\/03\/BMW-i8-5-1536x1152.jpg 1536w, https:\/\/pistonaddict.com\/wp-content\/uploads\/2023\/03\/BMW-i8-5.jpg 2048w\" sizes=\"(max-width: 1024px) 100vw, 1024px\" \/>\t\t\t\t\t\t\t\t\t\t\t\t\t<\/div>\n\t\t\t\t<\/div>\n\t\t\t\t\t<\/div>\n\t\t<\/div>\n\t\t\t\t\t<\/div>\n\t\t<\/section>\n\t\t\t\t<section class=\"elementor-section elementor-top-section elementor-element elementor-element-cd3a23b elementor-section-boxed elementor-section-height-default elementor-section-height-default\" data-id=\"cd3a23b\" data-element_type=\"section\">\n\t\t\t\t\t\t<div class=\"elementor-container elementor-column-gap-default\">\n\t\t\t\t\t<div class=\"elementor-column elementor-col-100 elementor-top-column elementor-element elementor-element-37cf6bf\" data-id=\"37cf6bf\" data-element_type=\"column\">\n\t\t\t<div class=\"elementor-widget-wrap elementor-element-populated\">\n\t\t\t\t\t\t<div class=\"elementor-element elementor-element-f8679a0 elementor-widget elementor-widget-text-editor\" data-id=\"f8679a0\" data-element_type=\"widget\" data-widget_type=\"text-editor.default\">\n\t\t\t\t<div class=\"elementor-widget-container\">\n\t\t\t\t\t\t\t<p>Ta\u010diau variklis, kur\u012f nuspr\u0119sta naudoti \u0161iam sportiniam automobiliui, i\u0161 prad\u017ei\u0173 gali pasirodyti \u0161iek tiek keistas. I\u0161 vis\u0173 galim\u0173 agregat\u0173 BMW pasirinko ma\u017eiausi\u0105 1,5 litro benzinin\u012f varikl\u012f, turint\u012f tik tris cilindrus. Nors tai neatrodo daug \u017eadanti prad\u017eia, \u0161is variklis turi kelet\u0105 privalum\u0173, kurie tur\u0117t\u0173 padidinti na\u0161um\u0105.<strong>  Tai apima moderniausi\u0105 turbokompresoriaus sistem\u0105, i\u0161rading\u0105 vo\u017etuv\u0173 laiko nustatymo technologij\u0105 ir tiesiogin\u012f degal\u0173 \u012fpur\u0161kim\u0105, ir tai tik keletas i\u0161 j\u0173.<\/strong>  D\u0117l vis\u0173 \u0161i\u0173 technologini\u0173 stebukl\u0173 i8 benzininis variklis i\u0161vysto stulbinan\u010di\u0105 228 arklio gali\u0173 gali\u0105. Viskas perduodama galiniams ratams per puiki\u0105 &#8220;Aisin Seiki&#8221; 6 laipsni\u0173 automatin\u0119 pavar\u0173 d\u0117\u017e\u0119.<\/p>\n<p>Priekyje yra 131 AG elektros variklis, kuris, kaip galima nusp\u0117ti, suka priekinius ratus. Jame pakanka elektros energijos, kad automobilis gal\u0117t\u0173 va\u017eiuoti tik elektriniu re\u017eimu, kai benzininis variklis visi\u0161kai i\u0161jungtas. Ta\u010diau kai jos abi \u012fjungiamos, i8 tampa keturi\u0173 varan\u010di\u0173j\u0173 rat\u0173 varom\u0105ja j\u0117ga ir beveik 360 arklio gali\u0173. Geriausia tai, kad n\u0117ra mechanini\u0173 dali\u0173, jungian\u010di\u0173 priekin\u0119 ir galin\u0119 a\u0161is, tod\u0117l jis taip pat yra lengvas. Taip pat sutaupoma vietos transporto priemon\u0117s viduryje, kur telpa li\u010dio jon\u0173 akumuliatorius.  <\/p>\n<\/p>\n<h2>BMW i8 &#8211; kasdienis vairuotojas<\/h2>\n<p><strong>Nepaisant hibridin\u0117s pavaros, BMW i8 vis\u0173 pirma yra sportinis automobilis, o tai patvirtina ir na\u0161umo rodikliai<\/strong>. Va\u017eiuodamas nuo va\u017eiuojamosios dalies visu grei\u010diu, jis iki 60 \u012fsib\u0117g\u0117ja grei\u010diau nei per 5 sekundes ir va\u017eiuoja iki elektronikos ribojam\u0173 155 myli\u0173 per valand\u0105. D\u0117l lengvos konstrukcijos ir \u017eemo svorio centro jis puikiai \u012fveikia pos\u016bkius. Taigi, tai yra veiklos dalis, kuri\u0105 reikia pa\u017eym\u0117ti.<\/p>\n\t\t\t\t\t\t<\/div>\n\t\t\t\t<\/div>\n\t\t\t\t\t<\/div>\n\t\t<\/div>\n\t\t\t\t\t<\/div>\n\t\t<\/section>\n\t\t\t\t<section class=\"elementor-section elementor-top-section elementor-element elementor-element-bc08ef1 elementor-section-boxed elementor-section-height-default elementor-section-height-default\" data-id=\"bc08ef1\" data-element_type=\"section\">\n\t\t\t\t\t\t<div class=\"elementor-container elementor-column-gap-default\">\n\t\t\t\t\t<div class=\"elementor-column elementor-col-100 elementor-top-column elementor-element elementor-element-c80b94c\" data-id=\"c80b94c\" data-element_type=\"column\">\n\t\t\t<div class=\"elementor-widget-wrap elementor-element-populated\">\n\t\t\t\t\t\t<div class=\"elementor-element elementor-element-b86e0ca elementor-widget elementor-widget-image\" data-id=\"b86e0ca\" data-element_type=\"widget\" data-widget_type=\"image.default\">\n\t\t\t\t<div class=\"elementor-widget-container\">\n\t\t\t\t\t\t\t\t\t\t\t\t\t<img loading=\"lazy\" decoding=\"async\" width=\"1024\" height=\"677\" src=\"https:\/\/pistonaddict.com\/wp-content\/uploads\/2023\/03\/BMW-i8-1-1024x677.jpg\" class=\"attachment-large size-large wp-image-29810\" alt=\"\" srcset=\"https:\/\/pistonaddict.com\/wp-content\/uploads\/2023\/03\/BMW-i8-1-1024x677.jpg 1024w, https:\/\/pistonaddict.com\/wp-content\/uploads\/2023\/03\/BMW-i8-1-600x397.jpg 600w, https:\/\/pistonaddict.com\/wp-content\/uploads\/2023\/03\/BMW-i8-1-300x198.jpg 300w, https:\/\/pistonaddict.com\/wp-content\/uploads\/2023\/03\/BMW-i8-1-768x508.jpg 768w, https:\/\/pistonaddict.com\/wp-content\/uploads\/2023\/03\/BMW-i8-1-1536x1016.jpg 1536w, https:\/\/pistonaddict.com\/wp-content\/uploads\/2023\/03\/BMW-i8-1.jpg 2047w\" sizes=\"(max-width: 1024px) 100vw, 1024px\" \/>\t\t\t\t\t\t\t\t\t\t\t\t\t<\/div>\n\t\t\t\t<\/div>\n\t\t\t\t\t<\/div>\n\t\t<\/div>\n\t\t\t\t\t<\/div>\n\t\t<\/section>\n\t\t\t\t<section class=\"elementor-section elementor-top-section elementor-element elementor-element-2160704 elementor-section-boxed elementor-section-height-default elementor-section-height-default\" data-id=\"2160704\" data-element_type=\"section\">\n\t\t\t\t\t\t<div class=\"elementor-container elementor-column-gap-default\">\n\t\t\t\t\t<div class=\"elementor-column elementor-col-100 elementor-top-column elementor-element elementor-element-275a0c5\" data-id=\"275a0c5\" data-element_type=\"column\">\n\t\t\t<div class=\"elementor-widget-wrap elementor-element-populated\">\n\t\t\t\t\t\t<div class=\"elementor-element elementor-element-158dc22 elementor-widget elementor-widget-text-editor\" data-id=\"158dc22\" data-element_type=\"widget\" data-widget_type=\"text-editor.default\">\n\t\t\t\t<div class=\"elementor-widget-container\">\n\t\t\t\t\t\t\t<p>Dabar apie hibridin\u0119 ir elektrin\u0119 lygties dal\u012f. Pirmiausia, naudodamasis visi\u0161kai elektriniu re\u017eimu, i8 gali nuva\u017eiuoti beveik 20 myli\u0173. <strong>\u017dinoma, tai n\u0117ra daug, bet to pakanka daugumai kasdieni\u0173 kelioni\u0173 \u012f darb\u0105 ir atgal<\/strong>. Be to, \u0161is re\u017eimas puikiai tinka va\u017eiuojant mieste, kur \u012fprastiniai galingi automobiliai gali b\u016bti sunkiai valdomi. Net ir su \u012fjungtu benzininiu varikliu automobilis gali nuva\u017eiuoti iki 130 myli\u0173 iki galono. Viena i\u0161 funkcij\u0173, leid\u017eian\u010di\u0173 tai pasiekti, yra rekuperacinis stabdymas, kurio metu surenkama kitaip \u0161vaistoma energija ir naudojama akumuliatoriams \u012fkrauti.<\/p>\n<p>Galiausiai, kup\u0117 versijoje yra pakankamai erdvus interjeras, kuriame telpa keturi suaugusieji. Toki\u0105 konfig\u016bracij\u0105, ne\u012fprast\u0105 tokio tipo automobiliui, leid\u017eia sukurti transmisija ir jos kompakti\u0161kumas. Taip yra tod\u0117l, kad tarp automobilio priekio ir galo n\u0117ra joki\u0173 mechanini\u0173 dali\u0173.  <\/p>\n<\/p>\n<h2>BMW i8 &#8211; i\u0161vados<\/h2>\n<p>&#8220;i8&#8221; &#8211; tai BMW bandymas sukurti sportin\u012f \u012fkraunam\u0105 elektrin\u012f hibridin\u012f automobil\u012f, kuris buvo gaminamas 2014-2020 m. \u0160io automobilio gale sumontuotas trij\u0173 cilindr\u0173 benzininis variklis, kuris suka galinius ratus, o priekin\u0119 a\u0161\u012f suka elektros variklis.  <strong>Kartu jie i\u0161vysto 360 arklio gali\u0173 gali\u0105 ir gali nuva\u017eiuoti iki 20 myli\u0173 tik elektra varomu re\u017eimu.<\/strong>  D\u0117l pa\u017eangios transmisijos ir i\u0161manios k\u0117bulo konfig\u016bracijos &#8220;BMW i8&#8221; yra puikus na\u0161us automobilis ir prakti\u0161kas kasdienis vairuotojas. Tai neabejotinai prisid\u0117jo prie jo populiarumo ir padar\u0117 j\u012f geriausiai parduodamu hibridiniu sportiniu automobiliu. Prie\u0161 nutraukiant gamyb\u0105 2022 m. bir\u017eel\u012f i\u0161 Leipcigo surinkimo linijos i\u0161va\u017eiavo daugiau nei 20 000 &#8220;BMW i8&#8221;.  <\/p>\n\t\t\t\t\t\t<\/div>\n\t\t\t\t<\/div>\n\t\t\t\t\t<\/div>\n\t\t<\/div>\n\t\t\t\t\t<\/div>\n\t\t<\/section>\n\t\t\t\t<\/div>\n\t\t","protected":false},"excerpt":{"rendered":"<p>Pastaraisiais metais hibridiniai automobiliai (vis\u0173 form\u0173 ir variant\u0173) tapo neatsiejama m\u016bs\u0173 automobili\u0173 pasaulio dalimi.  <\/p>\n","protected":false},"author":19,"featured_media":29868,"comment_status":"closed","ping_status":"closed","sticky":false,"template":"","format":"standard","meta":{"inline_featured_image":false,"footnotes":""},"categories":[42],"tags":[],"acf":[],"yoast_head":"<!-- This site is optimized with the Yoast SEO plugin v22.5 - https:\/\/yoast.com\/wordpress\/plugins\/seo\/ -->\n<title>Aukcione parduodamas BMW i8 - Piston Addict<\/title>\n<meta name=\"description\" content=\"Viskas, k\u0105 reikia \u017einoti apie BMW i8. Per\u017ei\u016br\u0117kite visus BMW i8 automobili\u0173 aukcionus PistonAddict.com.\" \/>\n<meta name=\"robots\" content=\"index, follow, max-snippet:-1, max-image-preview:large, max-video-preview:-1\" \/>\n<link rel=\"canonical\" href=\"https:\/\/pistonaddict.com\/lt\/aukcione-parduodamas-bmw-i8\/\" \/>\n<meta property=\"og:locale\" content=\"lt_LT\" \/>\n<meta property=\"og:type\" content=\"article\" \/>\n<meta property=\"og:title\" content=\"Aukcione parduodamas BMW i8 - Piston Addict\" \/>\n<meta property=\"og:description\" content=\"Viskas, k\u0105 reikia \u017einoti apie BMW i8. Per\u017ei\u016br\u0117kite visus BMW i8 automobili\u0173 aukcionus PistonAddict.com.\" \/>\n<meta property=\"og:url\" content=\"https:\/\/pistonaddict.com\/lt\/aukcione-parduodamas-bmw-i8\/\" \/>\n<meta property=\"og:site_name\" content=\"Piston Addict\" \/>\n<meta property=\"article:published_time\" content=\"2023-03-08T20:39:26+00:00\" \/>\n<meta property=\"article:modified_time\" content=\"2023-03-08T20:47:56+00:00\" \/>\n<meta property=\"og:image\" content=\"https:\/\/pistonaddict.com\/wp-content\/uploads\/2023\/03\/BMW-i8-3.jpg\" \/>\n\t<meta property=\"og:image:width\" content=\"2048\" \/>\n\t<meta property=\"og:image:height\" content=\"1264\" \/>\n\t<meta property=\"og:image:type\" content=\"image\/jpeg\" \/>\n<meta name=\"author\" content=\"kubiweb\" \/>\n<meta name=\"twitter:card\" content=\"summary_large_image\" \/>\n<meta name=\"twitter:label1\" content=\"Written by\" \/>\n\t<meta name=\"twitter:data1\" content=\"kubiweb\" \/>\n\t<meta name=\"twitter:label2\" content=\"Est. reading time\" \/>\n\t<meta name=\"twitter:data2\" content=\"6 minut\u0117s\" \/>\n<script type=\"application\/ld+json\" class=\"yoast-schema-graph\">{\"@context\":\"https:\/\/schema.org\",\"@graph\":[{\"@type\":\"Article\",\"@id\":\"https:\/\/pistonaddict.com\/lt\/aukcione-parduodamas-bmw-i8\/#article\",\"isPartOf\":{\"@id\":\"https:\/\/pistonaddict.com\/lt\/aukcione-parduodamas-bmw-i8\/\"},\"author\":{\"name\":\"kubiweb\",\"@id\":\"https:\/\/pistonaddict.com\/lt\/#\/schema\/person\/b654bd8ec8744297879f6f28628ad974\"},\"headline\":\"Aukcione parduodamas BMW i8\",\"datePublished\":\"2023-03-08T20:39:26+00:00\",\"dateModified\":\"2023-03-08T20:47:56+00:00\",\"mainEntityOfPage\":{\"@id\":\"https:\/\/pistonaddict.com\/lt\/aukcione-parduodamas-bmw-i8\/\"},\"wordCount\":1251,\"publisher\":{\"@id\":\"https:\/\/pistonaddict.com\/lt\/#organization\"},\"image\":{\"@id\":\"https:\/\/pistonaddict.com\/lt\/aukcione-parduodamas-bmw-i8\/#primaryimage\"},\"thumbnailUrl\":\"https:\/\/pistonaddict.com\/wp-content\/uploads\/2023\/03\/BMW-i8-3.jpg\",\"articleSection\":[\"Uncategorized @lt\"],\"inLanguage\":\"lt-LT\"},{\"@type\":\"WebPage\",\"@id\":\"https:\/\/pistonaddict.com\/lt\/aukcione-parduodamas-bmw-i8\/\",\"url\":\"https:\/\/pistonaddict.com\/lt\/aukcione-parduodamas-bmw-i8\/\",\"name\":\"Aukcione parduodamas BMW i8 - Piston Addict\",\"isPartOf\":{\"@id\":\"https:\/\/pistonaddict.com\/lt\/#website\"},\"primaryImageOfPage\":{\"@id\":\"https:\/\/pistonaddict.com\/lt\/aukcione-parduodamas-bmw-i8\/#primaryimage\"},\"image\":{\"@id\":\"https:\/\/pistonaddict.com\/lt\/aukcione-parduodamas-bmw-i8\/#primaryimage\"},\"thumbnailUrl\":\"https:\/\/pistonaddict.com\/wp-content\/uploads\/2023\/03\/BMW-i8-3.jpg\",\"datePublished\":\"2023-03-08T20:39:26+00:00\",\"dateModified\":\"2023-03-08T20:47:56+00:00\",\"description\":\"Viskas, k\u0105 reikia \u017einoti apie BMW i8. Per\u017ei\u016br\u0117kite visus BMW i8 automobili\u0173 aukcionus PistonAddict.com.\",\"breadcrumb\":{\"@id\":\"https:\/\/pistonaddict.com\/lt\/aukcione-parduodamas-bmw-i8\/#breadcrumb\"},\"inLanguage\":\"lt-LT\",\"potentialAction\":[{\"@type\":\"ReadAction\",\"target\":[\"https:\/\/pistonaddict.com\/lt\/aukcione-parduodamas-bmw-i8\/\"]}]},{\"@type\":\"ImageObject\",\"inLanguage\":\"lt-LT\",\"@id\":\"https:\/\/pistonaddict.com\/lt\/aukcione-parduodamas-bmw-i8\/#primaryimage\",\"url\":\"https:\/\/pistonaddict.com\/wp-content\/uploads\/2023\/03\/BMW-i8-3.jpg\",\"contentUrl\":\"https:\/\/pistonaddict.com\/wp-content\/uploads\/2023\/03\/BMW-i8-3.jpg\",\"width\":2048,\"height\":1264},{\"@type\":\"BreadcrumbList\",\"@id\":\"https:\/\/pistonaddict.com\/lt\/aukcione-parduodamas-bmw-i8\/#breadcrumb\",\"itemListElement\":[{\"@type\":\"ListItem\",\"position\":1,\"name\":\"Pagrindinis puslapis\",\"item\":\"https:\/\/pistonaddict.com\/lt\/pradzia\/\"},{\"@type\":\"ListItem\",\"position\":2,\"name\":\"Aukcione parduodamas BMW i8\"}]},{\"@type\":\"WebSite\",\"@id\":\"https:\/\/pistonaddict.com\/lt\/#website\",\"url\":\"https:\/\/pistonaddict.com\/lt\/\",\"name\":\"Piston Addict\",\"description\":\"Only interesting vehicles\",\"publisher\":{\"@id\":\"https:\/\/pistonaddict.com\/lt\/#organization\"},\"potentialAction\":[{\"@type\":\"SearchAction\",\"target\":{\"@type\":\"EntryPoint\",\"urlTemplate\":\"https:\/\/pistonaddict.com\/lt\/?s={search_term_string}\"},\"query-input\":\"required name=search_term_string\"}],\"inLanguage\":\"lt-LT\"},{\"@type\":\"Organization\",\"@id\":\"https:\/\/pistonaddict.com\/lt\/#organization\",\"name\":\"Piston Addict\",\"url\":\"https:\/\/pistonaddict.com\/lt\/\",\"logo\":{\"@type\":\"ImageObject\",\"inLanguage\":\"lt-LT\",\"@id\":\"https:\/\/pistonaddict.com\/lt\/#\/schema\/logo\/image\/\",\"url\":\"https:\/\/pistonaddict.com\/wp-content\/uploads\/2022\/07\/logo-6.png\",\"contentUrl\":\"https:\/\/pistonaddict.com\/wp-content\/uploads\/2022\/07\/logo-6.png\",\"width\":970,\"height\":200,\"caption\":\"Piston Addict\"},\"image\":{\"@id\":\"https:\/\/pistonaddict.com\/lt\/#\/schema\/logo\/image\/\"}},{\"@type\":\"Person\",\"@id\":\"https:\/\/pistonaddict.com\/lt\/#\/schema\/person\/b654bd8ec8744297879f6f28628ad974\",\"name\":\"kubiweb\",\"url\":\"https:\/\/pistonaddict.com\/lt\/author\/kubiweb\/\"}]}<\/script>\n<!-- \/ Yoast SEO plugin. -->","yoast_head_json":{"title":"Aukcione parduodamas BMW i8 - Piston Addict","description":"Viskas, k\u0105 reikia \u017einoti apie BMW i8. Per\u017ei\u016br\u0117kite visus BMW i8 automobili\u0173 aukcionus PistonAddict.com.","robots":{"index":"index","follow":"follow","max-snippet":"max-snippet:-1","max-image-preview":"max-image-preview:large","max-video-preview":"max-video-preview:-1"},"canonical":"https:\/\/pistonaddict.com\/lt\/aukcione-parduodamas-bmw-i8\/","og_locale":"lt_LT","og_type":"article","og_title":"Aukcione parduodamas BMW i8 - Piston Addict","og_description":"Viskas, k\u0105 reikia \u017einoti apie BMW i8. Per\u017ei\u016br\u0117kite visus BMW i8 automobili\u0173 aukcionus PistonAddict.com.","og_url":"https:\/\/pistonaddict.com\/lt\/aukcione-parduodamas-bmw-i8\/","og_site_name":"Piston Addict","article_published_time":"2023-03-08T20:39:26+00:00","article_modified_time":"2023-03-08T20:47:56+00:00","og_image":[{"width":2048,"height":1264,"url":"https:\/\/pistonaddict.com\/wp-content\/uploads\/2023\/03\/BMW-i8-3.jpg","type":"image\/jpeg"}],"author":"kubiweb","twitter_card":"summary_large_image","twitter_misc":{"Written by":"kubiweb","Est. reading time":"6 minut\u0117s"},"schema":{"@context":"https:\/\/schema.org","@graph":[{"@type":"Article","@id":"https:\/\/pistonaddict.com\/lt\/aukcione-parduodamas-bmw-i8\/#article","isPartOf":{"@id":"https:\/\/pistonaddict.com\/lt\/aukcione-parduodamas-bmw-i8\/"},"author":{"name":"kubiweb","@id":"https:\/\/pistonaddict.com\/lt\/#\/schema\/person\/b654bd8ec8744297879f6f28628ad974"},"headline":"Aukcione parduodamas BMW i8","datePublished":"2023-03-08T20:39:26+00:00","dateModified":"2023-03-08T20:47:56+00:00","mainEntityOfPage":{"@id":"https:\/\/pistonaddict.com\/lt\/aukcione-parduodamas-bmw-i8\/"},"wordCount":1251,"publisher":{"@id":"https:\/\/pistonaddict.com\/lt\/#organization"},"image":{"@id":"https:\/\/pistonaddict.com\/lt\/aukcione-parduodamas-bmw-i8\/#primaryimage"},"thumbnailUrl":"https:\/\/pistonaddict.com\/wp-content\/uploads\/2023\/03\/BMW-i8-3.jpg","articleSection":["Uncategorized @lt"],"inLanguage":"lt-LT"},{"@type":"WebPage","@id":"https:\/\/pistonaddict.com\/lt\/aukcione-parduodamas-bmw-i8\/","url":"https:\/\/pistonaddict.com\/lt\/aukcione-parduodamas-bmw-i8\/","name":"Aukcione parduodamas BMW i8 - Piston Addict","isPartOf":{"@id":"https:\/\/pistonaddict.com\/lt\/#website"},"primaryImageOfPage":{"@id":"https:\/\/pistonaddict.com\/lt\/aukcione-parduodamas-bmw-i8\/#primaryimage"},"image":{"@id":"https:\/\/pistonaddict.com\/lt\/aukcione-parduodamas-bmw-i8\/#primaryimage"},"thumbnailUrl":"https:\/\/pistonaddict.com\/wp-content\/uploads\/2023\/03\/BMW-i8-3.jpg","datePublished":"2023-03-08T20:39:26+00:00","dateModified":"2023-03-08T20:47:56+00:00","description":"Viskas, k\u0105 reikia \u017einoti apie BMW i8. Per\u017ei\u016br\u0117kite visus BMW i8 automobili\u0173 aukcionus PistonAddict.com.","breadcrumb":{"@id":"https:\/\/pistonaddict.com\/lt\/aukcione-parduodamas-bmw-i8\/#breadcrumb"},"inLanguage":"lt-LT","potentialAction":[{"@type":"ReadAction","target":["https:\/\/pistonaddict.com\/lt\/aukcione-parduodamas-bmw-i8\/"]}]},{"@type":"ImageObject","inLanguage":"lt-LT","@id":"https:\/\/pistonaddict.com\/lt\/aukcione-parduodamas-bmw-i8\/#primaryimage","url":"https:\/\/pistonaddict.com\/wp-content\/uploads\/2023\/03\/BMW-i8-3.jpg","contentUrl":"https:\/\/pistonaddict.com\/wp-content\/uploads\/2023\/03\/BMW-i8-3.jpg","width":2048,"height":1264},{"@type":"BreadcrumbList","@id":"https:\/\/pistonaddict.com\/lt\/aukcione-parduodamas-bmw-i8\/#breadcrumb","itemListElement":[{"@type":"ListItem","position":1,"name":"Pagrindinis puslapis","item":"https:\/\/pistonaddict.com\/lt\/pradzia\/"},{"@type":"ListItem","position":2,"name":"Aukcione parduodamas BMW i8"}]},{"@type":"WebSite","@id":"https:\/\/pistonaddict.com\/lt\/#website","url":"https:\/\/pistonaddict.com\/lt\/","name":"Piston Addict","description":"Only interesting vehicles","publisher":{"@id":"https:\/\/pistonaddict.com\/lt\/#organization"},"potentialAction":[{"@type":"SearchAction","target":{"@type":"EntryPoint","urlTemplate":"https:\/\/pistonaddict.com\/lt\/?s={search_term_string}"},"query-input":"required name=search_term_string"}],"inLanguage":"lt-LT"},{"@type":"Organization","@id":"https:\/\/pistonaddict.com\/lt\/#organization","name":"Piston Addict","url":"https:\/\/pistonaddict.com\/lt\/","logo":{"@type":"ImageObject","inLanguage":"lt-LT","@id":"https:\/\/pistonaddict.com\/lt\/#\/schema\/logo\/image\/","url":"https:\/\/pistonaddict.com\/wp-content\/uploads\/2022\/07\/logo-6.png","contentUrl":"https:\/\/pistonaddict.com\/wp-content\/uploads\/2022\/07\/logo-6.png","width":970,"height":200,"caption":"Piston Addict"},"image":{"@id":"https:\/\/pistonaddict.com\/lt\/#\/schema\/logo\/image\/"}},{"@type":"Person","@id":"https:\/\/pistonaddict.com\/lt\/#\/schema\/person\/b654bd8ec8744297879f6f28628ad974","name":"kubiweb","url":"https:\/\/pistonaddict.com\/lt\/author\/kubiweb\/"}]}},"_links":{"self":[{"href":"https:\/\/pistonaddict.com\/lt\/wp-json\/wp\/v2\/posts\/29950"}],"collection":[{"href":"https:\/\/pistonaddict.com\/lt\/wp-json\/wp\/v2\/posts"}],"about":[{"href":"https:\/\/pistonaddict.com\/lt\/wp-json\/wp\/v2\/types\/post"}],"author":[{"embeddable":true,"href":"https:\/\/pistonaddict.com\/lt\/wp-json\/wp\/v2\/users\/19"}],"replies":[{"embeddable":true,"href":"https:\/\/pistonaddict.com\/lt\/wp-json\/wp\/v2\/comments?post=29950"}],"version-history":[{"count":1,"href":"https:\/\/pistonaddict.com\/lt\/wp-json\/wp\/v2\/posts\/29950\/revisions"}],"predecessor-version":[{"id":29952,"href":"https:\/\/pistonaddict.com\/lt\/wp-json\/wp\/v2\/posts\/29950\/revisions\/29952"}],"wp:featuredmedia":[{"embeddable":true,"href":"https:\/\/pistonaddict.com\/lt\/wp-json\/wp\/v2\/media\/29868"}],"wp:attachment":[{"href":"https:\/\/pistonaddict.com\/lt\/wp-json\/wp\/v2\/media?parent=29950"}],"wp:term":[{"taxonomy":"category","embeddable":true,"href":"https:\/\/pistonaddict.com\/lt\/wp-json\/wp\/v2\/categories?post=29950"},{"taxonomy":"post_tag","embeddable":true,"href":"https:\/\/pistonaddict.com\/lt\/wp-json\/wp\/v2\/tags?post=29950"}],"curies":[{"name":"wp","href":"https:\/\/api.w.org\/{rel}","templated":true}]}}