{"id":6861,"date":"2022-05-16T16:42:42","date_gmt":"2022-05-16T14:42:42","guid":{"rendered":"https:\/\/pistonaddict.com\/?p=6861"},"modified":"2022-05-18T18:53:17","modified_gmt":"2022-05-18T16:53:17","slug":"jaguar-e-type-elado","status":"publish","type":"post","link":"https:\/\/pistonaddict.com\/hu\/jaguar-e-type-elado\/","title":{"rendered":"Jaguar E-Type elad\u00f3"},"content":{"rendered":"\t\t<div data-elementor-type=\"wp-post\" data-elementor-id=\"6861\" class=\"elementor elementor-6861 elementor-6849\">\n\t\t\t\t\t\t<section class=\"elementor-section elementor-top-section elementor-element elementor-element-042f62c elementor-section-full_width elementor-section-height-default elementor-section-height-default\" data-id=\"042f62c\" data-element_type=\"section\">\n\t\t\t\t\t\t<div class=\"elementor-container elementor-column-gap-default\">\n\t\t\t\t\t<div class=\"elementor-column elementor-col-100 elementor-top-column elementor-element elementor-element-57a62c3\" data-id=\"57a62c3\" data-element_type=\"column\">\n\t\t\t<div class=\"elementor-widget-wrap elementor-element-populated\">\n\t\t\t\t\t\t<div class=\"elementor-element elementor-element-663207f elementor-widget elementor-widget-text-editor\" data-id=\"663207f\" data-element_type=\"widget\" data-widget_type=\"text-editor.default\">\n\t\t\t\t<div class=\"elementor-widget-container\">\n\t\t\t<style>\/*! elementor - v3.21.0 - 18-04-2024 *\/\n.elementor-widget-text-editor.elementor-drop-cap-view-stacked .elementor-drop-cap{background-color:#69727d;color:#fff}.elementor-widget-text-editor.elementor-drop-cap-view-framed .elementor-drop-cap{color:#69727d;border:3px solid;background-color:transparent}.elementor-widget-text-editor:not(.elementor-drop-cap-view-default) .elementor-drop-cap{margin-top:8px}.elementor-widget-text-editor:not(.elementor-drop-cap-view-default) .elementor-drop-cap-letter{width:1em;height:1em}.elementor-widget-text-editor .elementor-drop-cap{float:left;text-align:center;line-height:1;font-size:50px}.elementor-widget-text-editor .elementor-drop-cap-letter{display:inline-block}<\/style>\t\t\t\t<p style=\"margin: 0cm 0cm 6.0pt 0cm;\"><span lang=\"EN-US\" style=\"color: #0e101a;\">Amikor a Jaguar E-Type deb\u00fct\u00e1lt a Genfi Aut\u00f3szalonon 1961. m\u00e1rcius 15-\u00e9n, a Ferrari kor\u00e1bbi f\u0151n\u00f6ke, Enzo Ferrari h\u00edresen &#8220;a vil\u00e1g legszebb aut\u00f3j\u00e1nak&#8221; nevezte. <strong>\u00c9s gy\u00f6ny\u00f6r\u0171 volt; ezt meger\u0151s\u00edtett\u00e9k, amikor 2008-ban a The Daily Telegraph &#8220;minden id\u0151k 100 legszebb aut\u00f3ja&#8221; list\u00e1j\u00e1n az \u00e9lre ker\u00fclt<\/strong> . Az E-Type nem csak a j\u00f3 megjelen\u00e9sr\u0151l sz\u00f3lt. A zseni e m\u00e9rn\u00f6ki munk\u00e1ja egyben kor\u00e1nak egyik leggyorsabb k\u00f6z\u00fati sportaut\u00f3ja is volt, 241 km\/h v\u00e9gsebess\u00e9ggel \u00e9s 7 m\u00e1sodpercn\u00e9l kevesebb sprintid\u0151vel 60 m\u00e9rf\u00f6ld\/\u00f3r\u00e1s sebess\u00e9ggel. M\u00e9g jobb volt az a t\u00e9ny, hogy a Jaguar az E-Type-ot mind\u00f6ssze 2196 GBP kiki\u00e1lt\u00e1si \u00e1ron k\u00edn\u00e1lta a Coup\u00e9\u00e9rt \u00e9s 2097 GBP-\u00e9rt a Roadster\u00e9rt. Kontextusba helyezve az E-Type gyorsabb volt, mint az akkori Ferrari vagy Aston Martin sportkocsik, \u00e9s j\u00f3val olcs\u00f3bb is. Nem neh\u00e9z meg\u00e9rteni, hogy az E-Type mi\u00e9rt lett egyik napr\u00f3l a m\u00e1sikra szenz\u00e1ci\u00f3, amikor deb\u00fct\u00e1lt. A Jaguar m\u00e9g Genfben kapta meg az els\u0151 500 megrendel\u00e9st az aut\u00f3ra. <\/span><\/p><p> <\/p><h2 style=\"margin: 0cm 0cm 6.0pt 0cm;\"><strong><span lang=\"EN-US\" style=\"color: #0e101a;\">Ahol az E-Type Story kezd\u0151d\u00f6tt <\/span><\/strong><\/h2><p style=\"margin: 0cm 0cm 6.0pt 0cm;\"><span lang=\"EN-US\" style=\"color: #0e101a;\">A Jaguar XK sportaut\u00f3 sikere \u00e1ltal ihletett Sir William Lyons, akit a Jaguar-rajong\u00f3k el\u0151szeretettel \u201eMr. Jaguark\u00e9nt\u201d emlegettek, az 1950-es \u00e9vekben \u00fagy n\u00e9zett ki, hogy m\u00e9lt\u00f3 ut\u00f3dj\u00e1t szerezze neki. Azt akarta, hogy ez egy olyan aut\u00f3 legyen, amely formai eszt\u00e9tik\u00e1j\u00e1val m\u00e9g jobban megragadja a sportaut\u00f3k szerelmeseit, \u00e9s tov\u00e1bbra is er\u0151teljes teljes\u00edtm\u00e9nyt ny\u00fajt, \u00e9s meg\u0151rzi azt az oszt\u00e1lyt \u00e9s kifinomults\u00e1got, amelyr\u0151l a Jaguar m\u00e1rka ismertt\u00e9 v\u00e1lt. <strong>Ekkor m\u00e1r a Jaguar uralta a motorsport sz\u00ednter\u00e9t C-Type \u00e9s D-Type versenyaut\u00f3ival, amelyek t\u00f6bbsz\u00f6r\u00f6s gy\u0151zelmet arattak a franciaorsz\u00e1gi Le Mans-i 24 \u00f3r\u00e1s versenyen<\/strong> . Malcolm Sayer seg\u00edtett mindkett\u0151 tervez\u00e9s\u00e9ben, \u00e9s az E-Type megtervez\u00e9s\u00e9re is megb\u00edz\u00e1st kapott; ez az oka annak, hogy az E-Type diz\u00e1jnja jelent\u0151s m\u00e9rt\u00e9kben k\u00f6lcs\u00f6n\u00f6z el\u0151deit\u0151l.<\/span><\/p><p> <\/p><h2 style=\"margin: 0cm 0cm 6.0pt 0cm;\"><strong><span lang=\"EN-US\" style=\"color: #0e101a;\">Az 1957-es E1A protot\u00edpus<\/span><\/strong><\/h2><p style=\"margin: 0cm 0cm 6.0pt 0cm;\"><span lang=\"EN-US\" style=\"color: #0e101a;\">El\u0151sz\u00f6r 1957-ben jelent meg az E1A versenyaut\u00f3 protot\u00edpusa, amelynek alum\u00ednium monocoque kialak\u00edt\u00e1sa, teljesen f\u00fcggetlen h\u00e1ts\u00f3 felf\u00fcggeszt\u00e9se \u00e9s 2,4 literes motorja volt a Jaguar XK-t\u00f3l. Nem volt benne f\u00e9nysz\u00f3r\u00f3, \u00e9s j\u00f3val kisebb volt, mint a v\u00e9gs\u0151, k\u00f6z\u00fati E-Type aut\u00f3\u00e9. A Jaguar els\u0151sorban gy\u00e1ri tesztel\u00e9sre haszn\u00e1lta. <\/span><\/p><p> <\/p><h2 style=\"margin: 0cm 0cm 6.0pt 0cm;\"><strong><span lang=\"EN-US\" style=\"color: #0e101a;\">Az 1960-as E2A protot\u00edpus <\/span><\/strong><\/h2><p style=\"margin: 0cm 0cm 6.0pt 0cm;\"><span lang=\"EN-US\" style=\"color: #0e101a;\">Az E1A tanuls\u00e1gai seg\u00edtettek az E2A protot\u00edpus fejleszt\u00e9s\u00e9ben. <strong>Teljesen alkalmas versenyaut\u00f3nak k\u00e9sz\u00fclt, ac\u00e9l alv\u00e1zzal, 3,0 literes, k\u00e9tb\u00fctyk\u00f6s, egyenes hatos XK motorral, Lucas \u00fczemanyag-befecskendez\u00e9ssel \u00e9s fejt\u00e1ml\u00e1val a vezet\u0151 sz\u00e1m\u00e1ra<\/strong> . Az amerikai Briggs Cunningham meg\u00e1llapod\u00e1st k\u00f6t\u00f6tt a Jaguarral, hogy az 1960-as Le Mans-i futamon indul az E2A-n. Az E2A nem fejezte be a versenyt, de a versenyre val\u00f3 felk\u00e9sz\u00fcl\u00e9s \u00e9s maga a verseny sz\u00e1mos probl\u00e9ma megold\u00e1s\u00e1ban seg\u00edtett, t\u00f6bbek k\u00f6z\u00f6tt a 3,0 literes motor megb\u00edzhatatlans\u00e1ga \u00e9s a h\u00e1ts\u00f3 kerekek kics\u00fasz\u00e1sa miatt. A Jaguar ezeket a probl\u00e9m\u00e1kat kezelte, amikor kifejlesztette a k\u00e9sz, gy\u00e1rt\u00e1sra k\u00e9sz E-Type aut\u00f3t.<\/span><\/p>\t\t\t\t\t\t<\/div>\n\t\t\t\t<\/div>\n\t\t\t\t\t<\/div>\n\t\t<\/div>\n\t\t\t\t\t<\/div>\n\t\t<\/section>\n\t\t\t\t<section class=\"elementor-section elementor-top-section elementor-element elementor-element-77955e6 elementor-section-boxed elementor-section-height-default elementor-section-height-default\" data-id=\"77955e6\" data-element_type=\"section\">\n\t\t\t\t\t\t<div class=\"elementor-container elementor-column-gap-default\">\n\t\t\t\t\t<div class=\"elementor-column elementor-col-50 elementor-top-column elementor-element elementor-element-cf4e5b4\" data-id=\"cf4e5b4\" data-element_type=\"column\">\n\t\t\t<div class=\"elementor-widget-wrap elementor-element-populated\">\n\t\t\t\t\t\t<div class=\"elementor-element elementor-element-32e0c9e elementor-widget elementor-widget-text-editor\" data-id=\"32e0c9e\" data-element_type=\"widget\" data-widget_type=\"text-editor.default\">\n\t\t\t\t<div class=\"elementor-widget-container\">\n\t\t\t\t\t\t\t<h2 style=\"margin: 0cm 0cm 6.0pt 0cm;\"><strong><span lang=\"EN-US\" style=\"color: #0e101a;\">E-Type Series 1 (1961-1968)<\/span><\/strong><\/h2><p style=\"margin: 0cm 0cm 6.0pt 0cm;\"><span lang=\"EN-US\" style=\"color: #0e101a;\">A Jaguar PR-menedzsere, Bob Berry abban a megtiszteltet\u00e9sben r\u00e9szes\u00fclt, hogy a Jaguar E-Type Series 1-es bemutat\u00f3aut\u00f3t (9600 LE-s rendsz\u00e1m) vezette az 1961-es genfi aut\u00f3szalonba, a Parc des Eaux Vives-ben, Genfben. A h\u00edress\u00e9g szerint egyik napr\u00f3l a m\u00e1sikra vezetett Coventryb\u0151l. Sir William Lyons a Jaguar tesztpil\u00f3t\u00e1j\u00e1t, Norman Dewist is felh\u00edvta, hogy egy \u00fajabb E-Type bemutat\u00f3aut\u00f3t (77RW rendsz\u00e1m) vezessen Genfbe, mert az aut\u00f3 ir\u00e1nti hatalmas kereslet volt. <\/span><\/p>\t\t\t\t\t\t<\/div>\n\t\t\t\t<\/div>\n\t\t\t\t\t<\/div>\n\t\t<\/div>\n\t\t\t\t<div class=\"elementor-column elementor-col-50 elementor-top-column elementor-element elementor-element-a5552a3\" data-id=\"a5552a3\" data-element_type=\"column\">\n\t\t\t<div class=\"elementor-widget-wrap elementor-element-populated\">\n\t\t\t\t\t\t<div class=\"elementor-element elementor-element-060c5ae elementor-widget elementor-widget-image\" data-id=\"060c5ae\" data-element_type=\"widget\" data-widget_type=\"image.default\">\n\t\t\t\t<div class=\"elementor-widget-container\">\n\t\t\t<style>\/*! elementor - v3.21.0 - 18-04-2024 *\/\n.elementor-widget-image{text-align:center}.elementor-widget-image a{display:inline-block}.elementor-widget-image a img[src$=\".svg\"]{width:48px}.elementor-widget-image img{vertical-align:middle;display:inline-block}<\/style>\t\t\t\t\t\t\t\t\t\t<img fetchpriority=\"high\" decoding=\"async\" width=\"1024\" height=\"683\" src=\"https:\/\/pistonaddict.com\/wp-content\/uploads\/2022\/05\/Jaguar-E-Type-9600-HP-1024x683.jpg\" class=\"attachment-large size-large wp-image-7015\" alt=\"\" srcset=\"https:\/\/pistonaddict.com\/wp-content\/uploads\/2022\/05\/Jaguar-E-Type-9600-HP-1024x683.jpg 1024w, https:\/\/pistonaddict.com\/wp-content\/uploads\/2022\/05\/Jaguar-E-Type-9600-HP-600x400.jpg 600w, https:\/\/pistonaddict.com\/wp-content\/uploads\/2022\/05\/Jaguar-E-Type-9600-HP-300x200.jpg 300w, https:\/\/pistonaddict.com\/wp-content\/uploads\/2022\/05\/Jaguar-E-Type-9600-HP-768x512.jpg 768w, https:\/\/pistonaddict.com\/wp-content\/uploads\/2022\/05\/Jaguar-E-Type-9600-HP.jpg 1300w\" sizes=\"(max-width: 1024px) 100vw, 1024px\" \/>\t\t\t\t\t\t\t\t\t\t\t\t\t<\/div>\n\t\t\t\t<\/div>\n\t\t\t\t\t<\/div>\n\t\t<\/div>\n\t\t\t\t\t<\/div>\n\t\t<\/section>\n\t\t\t\t<section class=\"elementor-section elementor-top-section elementor-element elementor-element-a1901cb elementor-section-boxed elementor-section-height-default elementor-section-height-default\" data-id=\"a1901cb\" data-element_type=\"section\">\n\t\t\t\t\t\t<div class=\"elementor-container elementor-column-gap-default\">\n\t\t\t\t\t<div class=\"elementor-column elementor-col-100 elementor-top-column elementor-element elementor-element-11a6bfe\" data-id=\"11a6bfe\" data-element_type=\"column\">\n\t\t\t<div class=\"elementor-widget-wrap elementor-element-populated\">\n\t\t\t\t\t\t<div class=\"elementor-element elementor-element-c989c00 elementor-widget elementor-widget-text-editor\" data-id=\"c989c00\" data-element_type=\"widget\" data-widget_type=\"text-editor.default\">\n\t\t\t\t<div class=\"elementor-widget-container\">\n\t\t\t\t\t\t\t<p style=\"margin: 0cm 0cm 6.0pt 0cm;\"><span lang=\"EN-US\" style=\"color: #0e101a;\">Az E-Type Series 1 diz\u00e1jnnyelve hasonl\u00f3 volt a D-Type-hoz \u2013 egy aerodinamikus sziluett hossz\u00fa, hegyes el\u00fcls\u0151 r\u00e9sszel, finom vonalakkal \u00e9s \u00edvekkel, dombor\u00fa els\u0151 s\u00e1rv\u00e9d\u0151kkel \u00e9s r\u00f6vid, t\u00f6mzsi h\u00e1ts\u00f3 r\u00e9sszel. Malcolm Sayer rep\u00fcl\u0151g\u00e9p-tervez\u00e9si gy\u00f6kereit t\u00fckr\u00f6zte. Az 1-es sorozat\u00fa modelleket egy j\u00f3l hangolt, karbur\u00e1toros, 3,8 literes hathengeres motor vezette, amely 265 l\u00f3er\u0151t \u00e9s 240 fontot tett ki. a nyomat\u00e9k. 1964 v\u00e9g\u00e9n ennek a motornak a l\u00f6kett\u00e9rfogat\u00e1t 4,2 literre n\u00f6velt\u00e9k; ez 283 font l\u00e1bra n\u00f6velte a motor nyomat\u00e9k\u00e1t. 4 sebess\u00e9ges k\u00e9zi sebess\u00e9gv\u00e1lt\u00f3val p\u00e1ros\u00edtott\u00e1k; 3 sebess\u00e9ges automata 1966-t\u00f3l volt el\u00e9rhet\u0151.<\/span><\/p><p style=\"margin: 0cm 0cm 6.0pt 0cm;\"><span lang=\"EN-US\" style=\"color: #0e101a;\"><strong>Az E-Type Series 1 modellek 1961 \u00e9s 1966 k\u00f6z\u00f6tt k\u00e9sz\u00fcltek, \u00e9s csak k\u00e9tf\u00e9le form\u00e1ban \u00e9rhet\u0151k el: k\u00e9t\u00fcl\u00e9ses \u201efix fej\u0171 kup\u00e9\u201d (FHC) vagy k\u00e9t\u00fcl\u00e9ses kabri\u00f3 vagy \u201enyitott k\u00e9t\u00fcl\u00e9ses\u201d (OTS)<\/strong> . Az 1966 ut\u00e1n k\u00e9sz\u00fcltek meghosszabb\u00edtott, 2+2 h\u00fcvelykes n\u00e9gy\u00fcl\u00e9ses kup\u00e9 karossz\u00e9ri\u00e1ban is kaphat\u00f3k. A Jaguar \u00f6sszesen 38 419 Series 1-et \u00e9rt\u00e9kes\u00edtett. <\/span><\/p><p style=\"margin: 0cm 0cm 6.0pt 0cm;\"><span lang=\"EN-US\" style=\"color: #0e101a;\">Az 1-es sorozat\u00fa modellek tov\u00e1bbi figyelemre m\u00e9lt\u00f3 jellemz\u0151i a t\u00e1rcsaf\u00e9kek \u00e9s a fogasl\u00e9ces korm\u00e1nyrendszer. <\/span><\/p>\t\t\t\t\t\t<\/div>\n\t\t\t\t<\/div>\n\t\t\t\t\t<\/div>\n\t\t<\/div>\n\t\t\t\t\t<\/div>\n\t\t<\/section>\n\t\t\t\t<section class=\"elementor-section elementor-top-section elementor-element elementor-element-6648f60 elementor-section-boxed elementor-section-height-default elementor-section-height-default\" data-id=\"6648f60\" data-element_type=\"section\">\n\t\t\t\t\t\t<div class=\"elementor-container elementor-column-gap-default\">\n\t\t\t\t\t<div class=\"elementor-column elementor-col-50 elementor-top-column elementor-element elementor-element-81421a8\" data-id=\"81421a8\" data-element_type=\"column\">\n\t\t\t<div class=\"elementor-widget-wrap elementor-element-populated\">\n\t\t\t\t\t\t<div class=\"elementor-element elementor-element-746e90c elementor-widget elementor-widget-image\" data-id=\"746e90c\" data-element_type=\"widget\" data-widget_type=\"image.default\">\n\t\t\t\t<div class=\"elementor-widget-container\">\n\t\t\t\t\t\t\t\t\t\t\t\t\t<img decoding=\"async\" width=\"1024\" height=\"683\" src=\"https:\/\/pistonaddict.com\/wp-content\/uploads\/2022\/05\/1970-Jaguar-E-Type-Series-2-1024x683.jpg\" class=\"attachment-large size-large wp-image-6967\" alt=\"\" srcset=\"https:\/\/pistonaddict.com\/wp-content\/uploads\/2022\/05\/1970-Jaguar-E-Type-Series-2-1024x683.jpg 1024w, https:\/\/pistonaddict.com\/wp-content\/uploads\/2022\/05\/1970-Jaguar-E-Type-Series-2-600x400.jpg 600w, https:\/\/pistonaddict.com\/wp-content\/uploads\/2022\/05\/1970-Jaguar-E-Type-Series-2-300x200.jpg 300w, https:\/\/pistonaddict.com\/wp-content\/uploads\/2022\/05\/1970-Jaguar-E-Type-Series-2-768x512.jpg 768w, https:\/\/pistonaddict.com\/wp-content\/uploads\/2022\/05\/1970-Jaguar-E-Type-Series-2-1536x1025.jpg 1536w, https:\/\/pistonaddict.com\/wp-content\/uploads\/2022\/05\/1970-Jaguar-E-Type-Series-2.jpg 2048w\" sizes=\"(max-width: 1024px) 100vw, 1024px\" \/>\t\t\t\t\t\t\t\t\t\t\t\t\t<\/div>\n\t\t\t\t<\/div>\n\t\t\t\t\t<\/div>\n\t\t<\/div>\n\t\t\t\t<div class=\"elementor-column elementor-col-50 elementor-top-column elementor-element elementor-element-721e3b2\" data-id=\"721e3b2\" data-element_type=\"column\">\n\t\t\t<div class=\"elementor-widget-wrap elementor-element-populated\">\n\t\t\t\t\t\t<div class=\"elementor-element elementor-element-d20b806 elementor-widget elementor-widget-text-editor\" data-id=\"d20b806\" data-element_type=\"widget\" data-widget_type=\"text-editor.default\">\n\t\t\t\t<div class=\"elementor-widget-container\">\n\t\t\t\t\t\t\t<h2 style=\"margin: 0cm 0cm 6.0pt 0cm;\"><strong><span lang=\"EN-US\" style=\"color: #0e101a;\">2. sorozat (1968-1971) <\/span><\/strong><\/h2><p style=\"margin: 0cm 0cm 6.0pt 0cm;\"><span lang=\"EN-US\" style=\"color: #0e101a;\">Az E-Type Series 2-b\u0151l hi\u00e1nyzik az \u00fcveg f\u00e9nysz\u00f3r\u00f3burkolat, \u00e9s van egy k\u00f6rbefut\u00f3 h\u00e1ts\u00f3 l\u00f6kh\u00e1r\u00edt\u00f3ja \u00e9s egy kicsit nagyobb h\u0171t\u0151r\u00e1cs. A Jaguar \u00f6sszesen 18 808 E-Type Series 2 aut\u00f3t gy\u00e1rtott. A Series 1 modellekhez hasonl\u00f3an a Series 2s is el\u00e9rhet\u0151 volt nyitott k\u00e9t\u00fcl\u00e9ses, fix fej\u0171 kup\u00e9 vagy 2+2&#8243;-es n\u00e9gy\u00fcl\u00e9ses karossz\u00e9ri\u00e1ban. <\/span><span lang=\"EN-US\" style=\"color: #0e101a;\">         <\/span><\/p>\t\t\t\t\t\t<\/div>\n\t\t\t\t<\/div>\n\t\t\t\t\t<\/div>\n\t\t<\/div>\n\t\t\t\t\t<\/div>\n\t\t<\/section>\n\t\t\t\t<section class=\"elementor-section elementor-top-section elementor-element elementor-element-f3082a0 elementor-section-boxed elementor-section-height-default elementor-section-height-default\" data-id=\"f3082a0\" data-element_type=\"section\">\n\t\t\t\t\t\t<div class=\"elementor-container elementor-column-gap-default\">\n\t\t\t\t\t<div class=\"elementor-column elementor-col-100 elementor-top-column elementor-element elementor-element-66592e0\" data-id=\"66592e0\" data-element_type=\"column\">\n\t\t\t<div class=\"elementor-widget-wrap elementor-element-populated\">\n\t\t\t\t\t\t<div class=\"elementor-element elementor-element-9dc2952 elementor-widget elementor-widget-text-editor\" data-id=\"9dc2952\" data-element_type=\"widget\" data-widget_type=\"text-editor.default\">\n\t\t\t\t<div class=\"elementor-widget-container\">\n\t\t\t\t\t\t\t<p><span lang=\"EN-US\" style=\"color: #0e101a;\">Az Egyes\u00fclt \u00c1llamokhoz k\u00f6t\u0151d\u0151 Series 2 modellek n\u00e9h\u00e1ny friss\u00edt\u00e9st kaptak, bele\u00e9rtve a korm\u00e1nyoszlopra szerelt gy\u00fajt\u00e1skapcsol\u00f3t, az \u00f6sszecsukhat\u00f3 korm\u00e1nyoszlopot \u00e9s az \u00fajratervezett \u00fcl\u00e9seket fejt\u00e1ml\u00e1kkal. <strong>Ezek az exportmodellek egy lehangolt motort is kaptak, amely 246 LE-t \u00e9s 263 lb.-ft-ot tett ki. a nyomat\u00e9k.<\/strong> <\/span><\/p><p> <\/p><h2 style=\"margin: 0cm 0cm 6.0pt 0cm;\"><strong><span lang=\"EN-US\" style=\"color: #0e101a;\">3. sorozat (1971\u20131974)<\/span><\/strong><\/h2>\t\t\t\t\t\t<\/div>\n\t\t\t\t<\/div>\n\t\t\t\t\t<\/div>\n\t\t<\/div>\n\t\t\t\t\t<\/div>\n\t\t<\/section>\n\t\t\t\t<section class=\"elementor-section elementor-top-section elementor-element elementor-element-bc0b39b elementor-section-boxed elementor-section-height-default elementor-section-height-default\" data-id=\"bc0b39b\" data-element_type=\"section\">\n\t\t\t\t\t\t<div class=\"elementor-container elementor-column-gap-default\">\n\t\t\t\t\t<div class=\"elementor-column elementor-col-100 elementor-top-column elementor-element elementor-element-fd7f211\" data-id=\"fd7f211\" data-element_type=\"column\">\n\t\t\t<div class=\"elementor-widget-wrap elementor-element-populated\">\n\t\t\t\t\t\t<div class=\"elementor-element elementor-element-9ec2abb elementor-widget elementor-widget-image\" data-id=\"9ec2abb\" data-element_type=\"widget\" data-widget_type=\"image.default\">\n\t\t\t\t<div class=\"elementor-widget-container\">\n\t\t\t\t\t\t\t\t\t\t\t\t\t<img decoding=\"async\" width=\"1024\" height=\"683\" src=\"https:\/\/pistonaddict.com\/wp-content\/uploads\/2022\/05\/1972-Jaguar-E-Type-Series-3-1024x683.jpg\" class=\"attachment-large size-large wp-image-6991\" alt=\"\" srcset=\"https:\/\/pistonaddict.com\/wp-content\/uploads\/2022\/05\/1972-Jaguar-E-Type-Series-3-1024x683.jpg 1024w, https:\/\/pistonaddict.com\/wp-content\/uploads\/2022\/05\/1972-Jaguar-E-Type-Series-3-600x400.jpg 600w, https:\/\/pistonaddict.com\/wp-content\/uploads\/2022\/05\/1972-Jaguar-E-Type-Series-3-300x200.jpg 300w, https:\/\/pistonaddict.com\/wp-content\/uploads\/2022\/05\/1972-Jaguar-E-Type-Series-3-768x512.jpg 768w, https:\/\/pistonaddict.com\/wp-content\/uploads\/2022\/05\/1972-Jaguar-E-Type-Series-3-1536x1025.jpg 1536w, https:\/\/pistonaddict.com\/wp-content\/uploads\/2022\/05\/1972-Jaguar-E-Type-Series-3.jpg 2048w\" sizes=\"(max-width: 1024px) 100vw, 1024px\" \/>\t\t\t\t\t\t\t\t\t\t\t\t\t<\/div>\n\t\t\t\t<\/div>\n\t\t\t\t\t<\/div>\n\t\t<\/div>\n\t\t\t\t\t<\/div>\n\t\t<\/section>\n\t\t\t\t<section class=\"elementor-section elementor-top-section elementor-element elementor-element-70152a6 elementor-section-boxed elementor-section-height-default elementor-section-height-default\" data-id=\"70152a6\" data-element_type=\"section\">\n\t\t\t\t\t\t<div class=\"elementor-container elementor-column-gap-default\">\n\t\t\t\t\t<div class=\"elementor-column elementor-col-100 elementor-top-column elementor-element elementor-element-1a889c2\" data-id=\"1a889c2\" data-element_type=\"column\">\n\t\t\t<div class=\"elementor-widget-wrap elementor-element-populated\">\n\t\t\t\t\t\t<div class=\"elementor-element elementor-element-aab64d2 elementor-widget elementor-widget-text-editor\" data-id=\"aab64d2\" data-element_type=\"widget\" data-widget_type=\"text-editor.default\">\n\t\t\t\t<div class=\"elementor-widget-container\">\n\t\t\t\t\t\t\t<p style=\"margin: 0cm 0cm 6.0pt 0cm;\"><span lang=\"EN-US\" style=\"color: #0e101a;\">Az E-Type Series 3 m\u00e9g t\u00f6bb friss\u00edt\u00e9st kapott, amelyek k\u00f6z\u00fcl a legjelent\u0151sebb egy d\u00fcb\u00f6rg\u0151, 272 l\u00f3er\u0151s, 5,3 literes V12-es motor volt, kiz\u00e1r\u00f3lag automata sebess\u00e9gv\u00e1lt\u00f3val p\u00e1ros\u00edtva. <strong>A Jaguar elvetette a r\u00f6vid tengelyt\u00e1vot \u00e9s a Fix Head Coupe karossz\u00e9ri\u00e1t a 3-as sorozathoz; ezekhez a modellekhez csak a hossz\u00fa tengelyt\u00e1v\u00fa kabri\u00f3t \u00e9s a 2+2&#8243;-es n\u00e9gy\u00fcl\u00e9ses coup\u00e9 Series 3 v\u00e1ltozat\u00e1t tartotta meg<\/strong> . A 3-as sorozat\u00fa modellek tov\u00e1bbi \u00faj\u00edt\u00e1sai \u00e9s jellemz\u0151i k\u00f6z\u00e9 tartozik a l\u00e9gkondicion\u00e1l\u00f3, a szervokorm\u00e1ny, a keresztr\u00e1csos els\u0151 h\u0171t\u0151r\u00e1cs \u00e9s a n\u00e9gy kipufog\u00f3v\u00e9g.<\/span><\/p><p style=\"margin: 0cm 0cm 6.0pt 0cm;\"><span lang=\"EN-US\" style=\"color: #0e101a;\">Emellett a Jaguar \u00f6tven speci\u00e1lis kiad\u00e1s\u00fa Series 3 modellt is k\u00e9sz\u00edtett az E-Type v\u00e9g\u00e9nek eml\u00e9k\u00e9re. <strong>Ezek a modellek kr\u00f3mozott kerekekkel, fah\u00e9jas bels\u0151 k\u00e1rpittal \u00e9s exkluz\u00edv m\u0171szerfali azonos\u00edt\u00f3 t\u00e1bl\u00e1kkal rendelkeztek<\/strong> . Negyvenkilenc darabot feket\u00e9re festettek, m\u00edg az utols\u00f3t s\u00f6t\u00e9tz\u00f6lddel d\u00edsz\u00edtett\u00e9k, hogy eleget tegyen tulajdonosa k\u00e9r\u00e9s\u00e9nek. <\/span><\/p><p style=\"margin: 0cm 0cm 6.0pt 0cm;\"><span lang=\"EN-US\" style=\"color: #0e101a;\">A Jaguar \u00f6sszesen 15 287 Series 3-at gy\u00e1rtott.<\/span><\/p><p style=\"margin: 0cm 0cm 6.0pt 0cm;\"><span lang=\"EN-US\" style=\"color: #0e101a;\"> <\/span><\/p><h2 style=\"margin: 0cm 0cm 6.0pt 0cm;\"><strong><span lang=\"EN-US\" style=\"color: #0e101a;\">Motorsport Exploits <\/span><\/strong><\/h2><p style=\"margin: 0cm 0cm 6.0pt 0cm;\"><span lang=\"EN-US\" style=\"color: #0e101a;\">A Jaguar E-Type-ot sosem versenyaut\u00f3nak sz\u00e1nt\u00e1k. Mivel azonban megosztotta a Le Mans-i D-Type versenyaut\u00f3 alapjait, a Jaguar nem tudott ellen\u00e1llni a k\u00eds\u00e9rt\u00e9snek, hogy megn\u00e9zze, hogyan teljes\u00edt majd a motorsportban. <strong>Mind\u00f6ssze egy h\u00f3nappal a megjelen\u00e9se ut\u00e1n az E-Type megnyerte els\u0151 futam\u00e1t az angliai Cheshire \u00e1llambeli Oulton Park Circuit versenyen, ahol Graham Hill, a fiatal versenyaut\u00f3-pil\u00f3ta kiv\u00e9dte a Ferrari 250 GT \u00e9s az Aston Martin DB4 versenyz\u0151it, \u00e9s meggy\u0151z\u0151en nyert<\/strong> . <\/span><\/p><p> <\/p><h2 style=\"margin: 0cm 0cm 6.0pt 0cm;\"><strong><span lang=\"EN-US\" style=\"color: #0e101a;\">A Low Drag Coup\u00e9 \u00e9s az E-type Lightweight<\/span><\/strong><\/h2>\t\t\t\t\t\t<\/div>\n\t\t\t\t<\/div>\n\t\t\t\t\t<\/div>\n\t\t<\/div>\n\t\t\t\t\t<\/div>\n\t\t<\/section>\n\t\t\t\t<section class=\"elementor-section elementor-top-section elementor-element elementor-element-98fe3db elementor-section-boxed elementor-section-height-default elementor-section-height-default\" data-id=\"98fe3db\" data-element_type=\"section\">\n\t\t\t\t\t\t<div class=\"elementor-container elementor-column-gap-default\">\n\t\t\t\t\t<div class=\"elementor-column elementor-col-50 elementor-top-column elementor-element elementor-element-e6f5f35\" data-id=\"e6f5f35\" data-element_type=\"column\">\n\t\t\t<div class=\"elementor-widget-wrap elementor-element-populated\">\n\t\t\t\t\t\t<div class=\"elementor-element elementor-element-432d6fe elementor-widget elementor-widget-image\" data-id=\"432d6fe\" data-element_type=\"widget\" data-widget_type=\"image.default\">\n\t\t\t\t<div class=\"elementor-widget-container\">\n\t\t\t\t\t\t\t\t\t\t\t\t\t<img loading=\"lazy\" decoding=\"async\" width=\"1024\" height=\"683\" src=\"https:\/\/pistonaddict.com\/wp-content\/uploads\/2022\/05\/1962-Jaguar-E-Type-Low-Drag-Coupe-1024x683.jpg\" class=\"attachment-large size-large wp-image-6919\" alt=\"\" srcset=\"https:\/\/pistonaddict.com\/wp-content\/uploads\/2022\/05\/1962-Jaguar-E-Type-Low-Drag-Coupe-1024x683.jpg 1024w, https:\/\/pistonaddict.com\/wp-content\/uploads\/2022\/05\/1962-Jaguar-E-Type-Low-Drag-Coupe-600x400.jpg 600w, https:\/\/pistonaddict.com\/wp-content\/uploads\/2022\/05\/1962-Jaguar-E-Type-Low-Drag-Coupe-300x200.jpg 300w, https:\/\/pistonaddict.com\/wp-content\/uploads\/2022\/05\/1962-Jaguar-E-Type-Low-Drag-Coupe-768x512.jpg 768w, https:\/\/pistonaddict.com\/wp-content\/uploads\/2022\/05\/1962-Jaguar-E-Type-Low-Drag-Coupe-1536x1025.jpg 1536w, https:\/\/pistonaddict.com\/wp-content\/uploads\/2022\/05\/1962-Jaguar-E-Type-Low-Drag-Coupe.jpg 2048w\" sizes=\"(max-width: 1024px) 100vw, 1024px\" \/>\t\t\t\t\t\t\t\t\t\t\t\t\t<\/div>\n\t\t\t\t<\/div>\n\t\t\t\t\t<\/div>\n\t\t<\/div>\n\t\t\t\t<div class=\"elementor-column elementor-col-50 elementor-top-column elementor-element elementor-element-7438041\" data-id=\"7438041\" data-element_type=\"column\">\n\t\t\t<div class=\"elementor-widget-wrap elementor-element-populated\">\n\t\t\t\t\t\t<div class=\"elementor-element elementor-element-3944680 elementor-widget elementor-widget-image\" data-id=\"3944680\" data-element_type=\"widget\" data-widget_type=\"image.default\">\n\t\t\t\t<div class=\"elementor-widget-container\">\n\t\t\t\t\t\t\t\t\t\t\t\t\t<img loading=\"lazy\" decoding=\"async\" width=\"1024\" height=\"683\" src=\"https:\/\/pistonaddict.com\/wp-content\/uploads\/2022\/05\/1969-Jaguar-E-Type-Lightweight-1024x683.jpg\" class=\"attachment-large size-large wp-image-6943\" alt=\"\" srcset=\"https:\/\/pistonaddict.com\/wp-content\/uploads\/2022\/05\/1969-Jaguar-E-Type-Lightweight-1024x683.jpg 1024w, https:\/\/pistonaddict.com\/wp-content\/uploads\/2022\/05\/1969-Jaguar-E-Type-Lightweight-600x400.jpg 600w, https:\/\/pistonaddict.com\/wp-content\/uploads\/2022\/05\/1969-Jaguar-E-Type-Lightweight-300x200.jpg 300w, https:\/\/pistonaddict.com\/wp-content\/uploads\/2022\/05\/1969-Jaguar-E-Type-Lightweight-768x512.jpg 768w, https:\/\/pistonaddict.com\/wp-content\/uploads\/2022\/05\/1969-Jaguar-E-Type-Lightweight-1536x1025.jpg 1536w, https:\/\/pistonaddict.com\/wp-content\/uploads\/2022\/05\/1969-Jaguar-E-Type-Lightweight.jpg 2048w\" sizes=\"(max-width: 1024px) 100vw, 1024px\" \/>\t\t\t\t\t\t\t\t\t\t\t\t\t<\/div>\n\t\t\t\t<\/div>\n\t\t\t\t\t<\/div>\n\t\t<\/div>\n\t\t\t\t\t<\/div>\n\t\t<\/section>\n\t\t\t\t<section class=\"elementor-section elementor-top-section elementor-element elementor-element-d3c238b elementor-section-boxed elementor-section-height-default elementor-section-height-default\" data-id=\"d3c238b\" data-element_type=\"section\">\n\t\t\t\t\t\t<div class=\"elementor-container elementor-column-gap-default\">\n\t\t\t\t\t<div class=\"elementor-column elementor-col-100 elementor-top-column elementor-element elementor-element-a35d9ee\" data-id=\"a35d9ee\" data-element_type=\"column\">\n\t\t\t<div class=\"elementor-widget-wrap elementor-element-populated\">\n\t\t\t\t\t\t<div class=\"elementor-element elementor-element-16b1768 elementor-widget elementor-widget-text-editor\" data-id=\"16b1768\" data-element_type=\"widget\" data-widget_type=\"text-editor.default\">\n\t\t\t\t<div class=\"elementor-widget-container\">\n\t\t\t\t\t\t\t<p style=\"margin: 0cm 0cm 6.0pt 0cm;\"><span lang=\"EN-US\" style=\"color: #0e101a;\">Az E-Type l\u00e1tsz\u00f3lagos motorsport-potenci\u00e1lj\u00e1t\u00f3l ihletett Jaguar hozz\u00e1l\u00e1tott annak vizsg\u00e1lat\u00e1hoz, hogy ez az aut\u00f3 k\u00f6vetni tudja-e a D-Type versenyaut\u00f3t, \u00e9s 1962-ben el\u0151\u00e1llt az E-Type Low Drag Coup\u00e9val. K\u00f6nnyebb alum\u00ednium karossz\u00e9ri\u00e1ja, lecsupasz\u00edtott pil\u00f3taf\u00fclk\u00e9je, Perspex-\u00fcveg ablakai \u00e9s sz\u00e9lv\u00e9d\u0151je, valamint alacsony l\u00e9gellen\u00e1ll\u00e1s\u00fa tet\u0151je volt. A Jaguar egyetlen modellt gy\u00e1rtott. <\/span><\/p><p style=\"margin: 0cm 0cm 6.0pt 0cm;\"><span lang=\"EN-US\" style=\"color: #0e101a;\">1963-ban a Jaguar \u00fajra pr\u00f3b\u00e1lkozott, tov\u00e1bbfejlesztve a Low Drag Coup\u00e9val. <strong>Az eredm\u00e9ny egy kem\u00e9ny versenyv\u00e1ltozat lett, amelyet \u201eLightweight E-Type\u201d-nak neveztek el, mert l\u00e9nyegesen k\u00f6nnyebb volt, mint az alapmodell; kevesebb mint 1000 kg volt<\/strong> . Nyitott tetej\u0171 aut\u00f3nak tervezt\u00e9k a D-Type szellem\u00e9ben, \u00e9s egy \u00fajrahangolt 300 l\u00f3er\u0151s, 3,8 literes, hatos motorral szerelt\u00e9k fel, amely exkluz\u00edv, sz\u0171k \u00e1tt\u00e9tel\u0171 n\u00e9gyfokozat\u00fa sebess\u00e9gv\u00e1lt\u00f3val vagy ZF \u00f6tfokozat\u00fa motorral p\u00e1rosul. sebess\u00e9gv\u00e1lt\u00f3. A Lightweight E-Type kiterjedtebb alum\u00ednium\u00f6tv\u00f6zet szerkezettel rendelkezik, ez\u00e9rt alacsony a saj\u00e1t t\u00f6mege. <\/span><\/p><p style=\"margin: 0cm 0cm 6.0pt 0cm;\"><span lang=\"EN-US\" style=\"color: #0e101a;\">A Jaguar csak 18 k\u00f6nny\u0171 E-Type modell gy\u00e1rt\u00e1s\u00e1t tervezte, de csak 12 modellt fejlesztettek ki az 1960-as \u00e9vekben. \u00e9n<strong>2014-ben a Jaguar v\u00e9g\u00fcl \u00fagy d\u00f6nt\u00f6tt, hogy befejezi a Lightweight E-Type projektet. L\u00e9trehozott egy speci\u00e1lis j\u00e1rm\u0171m\u0171veleti (SVO) egys\u00e9get, amelynek feladata a fennmarad\u00f3 hat k\u00f6nny\u0171 E-Type modell meg\u00e9p\u00edt\u00e9se.<\/strong>. Az egys\u00e9g el\u0151sz\u00f6r 2015-ben sz\u00e1ll\u00edtott protot\u00edpust, majd v\u00e9g\u00fcl kiadta az elk\u00e9sz\u00fclt modelleket. <\/span><\/p><p style=\"margin: 0cm 0cm 6.0pt 0cm;\"><span lang=\"EN-US\" style=\"color: #0e101a;\">A Jaguar a k\u00f6nny\u0171s\u00faly\u00fa E-Type-ot sz\u00e1mos brit sz\u00e9riaaut\u00f3-versenyen, valamint helyi \u00e9s nemzetk\u00f6zi \u00e1ll\u00f3k\u00e9pess\u00e9gi versenyeken indult, mint p\u00e9ld\u00e1ul a Le Mans-i 24 \u00f3r\u00e1s, a 12 \u00f3r\u00e1s Sebringi \u00e9s a N\u00fcrburgringen. Kiemelked\u0151en sikeres volt minden versenyen, amelyen r\u00e9szt vett. <\/span><\/p>\t\t\t\t\t\t<\/div>\n\t\t\t\t<\/div>\n\t\t\t\t\t<\/div>\n\t\t<\/div>\n\t\t\t\t\t<\/div>\n\t\t<\/section>\n\t\t\t\t<section class=\"elementor-section elementor-top-section elementor-element elementor-element-ec72f76 elementor-section-boxed elementor-section-height-default elementor-section-height-default\" data-id=\"ec72f76\" data-element_type=\"section\">\n\t\t\t\t\t\t<div class=\"elementor-container elementor-column-gap-default\">\n\t\t\t\t\t<div class=\"elementor-column elementor-col-100 elementor-top-column elementor-element elementor-element-a2d9760\" data-id=\"a2d9760\" data-element_type=\"column\">\n\t\t\t<div class=\"elementor-widget-wrap elementor-element-populated\">\n\t\t\t\t\t\t<div class=\"elementor-element elementor-element-c867b90 elementor-widget elementor-widget-text-editor\" data-id=\"c867b90\" data-element_type=\"widget\" data-widget_type=\"text-editor.default\">\n\t\t\t\t<div class=\"elementor-widget-container\">\n\t\t\t\t\t\t\t<h2><strong>F\u0151leg exportra gy\u00e1rtj\u00e1k<\/strong><\/h2><p>A Jaguar alig egy h\u00f3nappal a genfi bevezet\u00e9se ut\u00e1n kezdte meg az E-Type export\u00e1l\u00e1s\u00e1t \u00c9szak-Amerik\u00e1ba. Meglep\u0151 m\u00f3don az \u00f6sszes gy\u00e1rtott Jaguar E-Type k\u00e9tharmad\u00e1t az Egyes\u00fclt \u00c1llamokba export\u00e1lt\u00e1k. \u00c9szak-Amerik\u00e1ban az E-Type-ot Jaguar XK-E n\u00e9ven ismerik. <\/p><p> <\/p><h2><strong>\u00c9rt\u00e9kes\u00edt\u00e9si siker vagy buk\u00e1s?<\/strong><\/h2><p>K\u00e9ts\u00e9gtelen, hogy a Jaguar E-Type kulcsfontoss\u00e1g\u00fa volt a Jaguar m\u00e1rka megalap\u00edt\u00e1s\u00e1ban, val\u00f3sz\u00edn\u0171leg t\u00f6bb, mint a 911 a Porsche sz\u00e1m\u00e1ra. <strong>A Jaguar azonban soha nem \u00e9rte el azt a hangzatos elad\u00e1si sikert, amelyre v\u00e1gyott. A Jaguar a gy\u00e1rt\u00e1s els\u0151 \u00e9veiben \u00e1tlagosan 82 darabot gy\u00e1rtott hetente az 1-es sorozatb\u00f3l.<\/strong>. Ez a sz\u00e1m \u00e1tlagosan heti 92 aut\u00f3ra n\u0151tt a Series 2 \u00e9s Series 3 modellek gy\u00e1rt\u00e1sakor. Ezek a sz\u00e1mok sokat el\u00e1rulnak az aut\u00f3 ir\u00e1nti els\u00f6pr\u0151 keresletr\u0151l, de ebben a Jaguar f\u00e1jdalmasan hosszadalmas gy\u00e1rt\u00e1si folyamata is k\u00f6zrej\u00e1tszhatott. A Jaguar az 1930-as \u00e9vek megkezd\u00e9se \u00f3ta nem sokat tett gy\u00e1ra gy\u00e1rt\u00e1si folyamatainak automatiz\u00e1l\u00e1s\u00e1\u00e9rt \u00e9s fejleszt\u00e9s\u00e9\u00e9rt, \u00edgy az alkatr\u00e9sz-\u00f6sszeszerel\u00e9si munk\u00e1k nagy r\u00e9sz\u00e9t k\u00e9zzel v\u00e9gezt\u00e9k. <\/p><p> <\/p><h2><strong>Az E-Type korszak v\u00e9ge<\/strong><\/h2><p>A Jaguar E-Type ir\u00e1nti kereslet az 1970-es \u00e9vek elej\u00e9n fokozatosan tov\u00e1bb cs\u00f6kkent. Emiatt a c\u00e9g 1972-ben csak 3705 E-Type-ot gy\u00e1rtott. Ezt k\u00f6vet\u0151en az Egyes\u00fclt \u00c1llamok korm\u00e1nya \u00faj aut\u00f3biztons\u00e1gi el\u0151\u00edr\u00e1sokat vezetett be, amelyek magukban foglalt\u00e1k a buk\u00f3keretek be\u00e9p\u00edt\u00e9s\u00e9t a kup\u00e9 modellekbe. <strong>A Jaguar megl\u00e1tta az \u00edr\u00e1st a falon, \u00e9s \u00fagy d\u00f6nt\u00f6tt, hogy le\u00e1ll\u00edtja az E-Type kup\u00e9k gy\u00e1rt\u00e1s\u00e1t<\/strong> . 1975 febru\u00e1rj\u00e1ban befejezte az E-Type roadsterek gy\u00e1rt\u00e1s\u00e1t is, amikor kider\u00fclt, hogy a Jaguar m\u00e1rkakeresked\u00e9seknek t\u00fal sok eladatlan E-Type modellje van. <\/p><p> <\/p><h2><strong>V\u00e9gs\u0151 szavak<\/strong><\/h2><p>Az E-Type seg\u00edtett megadni a temp\u00f3t az aut\u00f3gy\u00e1rt\u00f3k sz\u00e1m\u00e1ra az aut\u00f3tervez\u00e9s ter\u00e9n. Megmutatta, hogy a sz\u00e9p eszt\u00e9tik\u00e1t a praktikummal \u00e9s a teljes\u00edtm\u00e9nnyel lehet \u00f6tv\u00f6zni. <strong>Az innovat\u00edv f\u00fcggetlen h\u00e1ts\u00f3 felf\u00fcggeszt\u00e9s, amely jelent\u0151sen cs\u00f6kkentette a kerekek rug\u00f3zatlan t\u00f6meg\u00e9t, szint\u00e9n megv\u00e1ltoztatta a sport- \u00e9s versenyaut\u00f3k j\u00e1t\u00e9k\u00e1t<\/strong> . A list\u00e1t arr\u00f3l, hogy az aut\u00f3ipar mit tanult az E-Type-t\u00f3l, hosszan ny\u00falik. \u00d6r\u00f6kre az aut\u00f3gy\u00e1rt\u00e1s t\u00f6rt\u00e9net\u00e9nek legnagyobb aut\u00f3i k\u00f6z\u00f6tt tartj\u00e1k majd.<\/p>\t\t\t\t\t\t<\/div>\n\t\t\t\t<\/div>\n\t\t\t\t\t<\/div>\n\t\t<\/div>\n\t\t\t\t\t<\/div>\n\t\t<\/section>\n\t\t\t\t<\/div>\n\t\t","protected":false},"excerpt":{"rendered":"<p>Amikor a Jaguar E-Type deb\u00fct\u00e1lt a Genfi Aut\u00f3szalonon 1961. m\u00e1rcius 15-\u00e9n, a Ferrari kor\u00e1bbi f\u0151n\u00f6ke, Enzo Ferrari h\u00edresen &#8220;a vil\u00e1g legszebb aut\u00f3j\u00e1nak&#8221; nevezte.<\/p>\n","protected":false},"author":1,"featured_media":6906,"comment_status":"closed","ping_status":"closed","sticky":false,"template":"","format":"standard","meta":{"inline_featured_image":false,"footnotes":""},"categories":[38],"tags":[],"acf":[],"yoast_head":"<!-- This site is optimized with the Yoast SEO plugin v22.5 - https:\/\/yoast.com\/wordpress\/plugins\/seo\/ -->\n<title>Jaguar E-Type elad\u00f3 - Piston Addict<\/title>\n<meta name=\"description\" content=\"Minden, amit a Jaguar E-Type-r\u00f3l tudni kell. Tekintse meg a Jaguar E-Type \u00f6sszes aut\u00f3aukci\u00f3j\u00e1t a PistonAddict.com oldalon.\" \/>\n<meta name=\"robots\" content=\"index, follow, max-snippet:-1, max-image-preview:large, max-video-preview:-1\" \/>\n<link rel=\"canonical\" href=\"https:\/\/pistonaddict.com\/hu\/jaguar-e-type-elado\/\" \/>\n<meta property=\"og:locale\" content=\"hu_HU\" \/>\n<meta property=\"og:type\" content=\"article\" \/>\n<meta property=\"og:title\" content=\"Jaguar E-Type elad\u00f3 - Piston Addict\" \/>\n<meta property=\"og:description\" content=\"Minden, amit a Jaguar E-Type-r\u00f3l tudni kell. Tekintse meg a Jaguar E-Type \u00f6sszes aut\u00f3aukci\u00f3j\u00e1t a PistonAddict.com oldalon.\" \/>\n<meta property=\"og:url\" content=\"https:\/\/pistonaddict.com\/hu\/jaguar-e-type-elado\/\" \/>\n<meta property=\"og:site_name\" content=\"Piston Addict\" \/>\n<meta property=\"article:published_time\" content=\"2022-05-16T14:42:42+00:00\" \/>\n<meta property=\"article:modified_time\" content=\"2022-05-18T16:53:17+00:00\" \/>\n<meta property=\"og:image\" content=\"https:\/\/pistonaddict.com\/wp-content\/uploads\/2022\/05\/Jaguar-E-Type-Series-1-scaled.jpg\" \/>\n\t<meta property=\"og:image:width\" content=\"2560\" \/>\n\t<meta property=\"og:image:height\" content=\"1181\" \/>\n\t<meta property=\"og:image:type\" content=\"image\/jpeg\" \/>\n<meta name=\"author\" content=\"mathieu_kubiweb\" \/>\n<meta name=\"twitter:card\" content=\"summary_large_image\" \/>\n<meta name=\"twitter:label1\" content=\"Szerz\u0151:\" \/>\n\t<meta name=\"twitter:data1\" content=\"mathieu_kubiweb\" \/>\n\t<meta name=\"twitter:label2\" content=\"Becs\u00fclt olvas\u00e1si id\u0151\" \/>\n\t<meta name=\"twitter:data2\" content=\"10 perc\" \/>\n<script type=\"application\/ld+json\" class=\"yoast-schema-graph\">{\"@context\":\"https:\/\/schema.org\",\"@graph\":[{\"@type\":\"Article\",\"@id\":\"https:\/\/pistonaddict.com\/hu\/jaguar-e-type-elado\/#article\",\"isPartOf\":{\"@id\":\"https:\/\/pistonaddict.com\/hu\/jaguar-e-type-elado\/\"},\"author\":{\"name\":\"mathieu_kubiweb\",\"@id\":\"https:\/\/pistonaddict.com\/hu\/#\/schema\/person\/d4fe5a0ced92ae7c6a7c508ba01ca6f4\"},\"headline\":\"Jaguar E-Type elad\u00f3\",\"datePublished\":\"2022-05-16T14:42:42+00:00\",\"dateModified\":\"2022-05-18T16:53:17+00:00\",\"mainEntityOfPage\":{\"@id\":\"https:\/\/pistonaddict.com\/hu\/jaguar-e-type-elado\/\"},\"wordCount\":2077,\"publisher\":{\"@id\":\"https:\/\/pistonaddict.com\/hu\/#organization\"},\"image\":{\"@id\":\"https:\/\/pistonaddict.com\/hu\/jaguar-e-type-elado\/#primaryimage\"},\"thumbnailUrl\":\"https:\/\/pistonaddict.com\/wp-content\/uploads\/2022\/05\/Jaguar-E-Type-Series-1-scaled.jpg\",\"articleSection\":[\"Uncategorized @hu\"],\"inLanguage\":\"hu\"},{\"@type\":\"WebPage\",\"@id\":\"https:\/\/pistonaddict.com\/hu\/jaguar-e-type-elado\/\",\"url\":\"https:\/\/pistonaddict.com\/hu\/jaguar-e-type-elado\/\",\"name\":\"Jaguar E-Type elad\u00f3 - Piston Addict\",\"isPartOf\":{\"@id\":\"https:\/\/pistonaddict.com\/hu\/#website\"},\"primaryImageOfPage\":{\"@id\":\"https:\/\/pistonaddict.com\/hu\/jaguar-e-type-elado\/#primaryimage\"},\"image\":{\"@id\":\"https:\/\/pistonaddict.com\/hu\/jaguar-e-type-elado\/#primaryimage\"},\"thumbnailUrl\":\"https:\/\/pistonaddict.com\/wp-content\/uploads\/2022\/05\/Jaguar-E-Type-Series-1-scaled.jpg\",\"datePublished\":\"2022-05-16T14:42:42+00:00\",\"dateModified\":\"2022-05-18T16:53:17+00:00\",\"description\":\"Minden, amit a Jaguar E-Type-r\u00f3l tudni kell. Tekintse meg a Jaguar E-Type \u00f6sszes aut\u00f3aukci\u00f3j\u00e1t a PistonAddict.com oldalon.\",\"breadcrumb\":{\"@id\":\"https:\/\/pistonaddict.com\/hu\/jaguar-e-type-elado\/#breadcrumb\"},\"inLanguage\":\"hu\",\"potentialAction\":[{\"@type\":\"ReadAction\",\"target\":[\"https:\/\/pistonaddict.com\/hu\/jaguar-e-type-elado\/\"]}]},{\"@type\":\"ImageObject\",\"inLanguage\":\"hu\",\"@id\":\"https:\/\/pistonaddict.com\/hu\/jaguar-e-type-elado\/#primaryimage\",\"url\":\"https:\/\/pistonaddict.com\/wp-content\/uploads\/2022\/05\/Jaguar-E-Type-Series-1-scaled.jpg\",\"contentUrl\":\"https:\/\/pistonaddict.com\/wp-content\/uploads\/2022\/05\/Jaguar-E-Type-Series-1-scaled.jpg\",\"width\":2560,\"height\":1181},{\"@type\":\"BreadcrumbList\",\"@id\":\"https:\/\/pistonaddict.com\/hu\/jaguar-e-type-elado\/#breadcrumb\",\"itemListElement\":[{\"@type\":\"ListItem\",\"position\":1,\"name\":\"Kezd\u0151lap\",\"item\":\"https:\/\/pistonaddict.com\/hu\/honlap\/\"},{\"@type\":\"ListItem\",\"position\":2,\"name\":\"Jaguar E-Type elad\u00f3\"}]},{\"@type\":\"WebSite\",\"@id\":\"https:\/\/pistonaddict.com\/hu\/#website\",\"url\":\"https:\/\/pistonaddict.com\/hu\/\",\"name\":\"Piston Addict\",\"description\":\"Only interesting vehicles\",\"publisher\":{\"@id\":\"https:\/\/pistonaddict.com\/hu\/#organization\"},\"potentialAction\":[{\"@type\":\"SearchAction\",\"target\":{\"@type\":\"EntryPoint\",\"urlTemplate\":\"https:\/\/pistonaddict.com\/hu\/?s={search_term_string}\"},\"query-input\":\"required name=search_term_string\"}],\"inLanguage\":\"hu\"},{\"@type\":\"Organization\",\"@id\":\"https:\/\/pistonaddict.com\/hu\/#organization\",\"name\":\"Piston Addict\",\"url\":\"https:\/\/pistonaddict.com\/hu\/\",\"logo\":{\"@type\":\"ImageObject\",\"inLanguage\":\"hu\",\"@id\":\"https:\/\/pistonaddict.com\/hu\/#\/schema\/logo\/image\/\",\"url\":\"https:\/\/pistonaddict.com\/wp-content\/uploads\/2022\/07\/logo-6.png\",\"contentUrl\":\"https:\/\/pistonaddict.com\/wp-content\/uploads\/2022\/07\/logo-6.png\",\"width\":970,\"height\":200,\"caption\":\"Piston Addict\"},\"image\":{\"@id\":\"https:\/\/pistonaddict.com\/hu\/#\/schema\/logo\/image\/\"}},{\"@type\":\"Person\",\"@id\":\"https:\/\/pistonaddict.com\/hu\/#\/schema\/person\/d4fe5a0ced92ae7c6a7c508ba01ca6f4\",\"name\":\"mathieu_kubiweb\",\"sameAs\":[\"https:\/\/pistonaddict.com\"],\"url\":\"https:\/\/pistonaddict.com\/hu\/author\/mathieu_kubiweb\/\"}]}<\/script>\n<!-- \/ Yoast SEO plugin. -->","yoast_head_json":{"title":"Jaguar E-Type elad\u00f3 - Piston Addict","description":"Minden, amit a Jaguar E-Type-r\u00f3l tudni kell. Tekintse meg a Jaguar E-Type \u00f6sszes aut\u00f3aukci\u00f3j\u00e1t a PistonAddict.com oldalon.","robots":{"index":"index","follow":"follow","max-snippet":"max-snippet:-1","max-image-preview":"max-image-preview:large","max-video-preview":"max-video-preview:-1"},"canonical":"https:\/\/pistonaddict.com\/hu\/jaguar-e-type-elado\/","og_locale":"hu_HU","og_type":"article","og_title":"Jaguar E-Type elad\u00f3 - Piston Addict","og_description":"Minden, amit a Jaguar E-Type-r\u00f3l tudni kell. Tekintse meg a Jaguar E-Type \u00f6sszes aut\u00f3aukci\u00f3j\u00e1t a PistonAddict.com oldalon.","og_url":"https:\/\/pistonaddict.com\/hu\/jaguar-e-type-elado\/","og_site_name":"Piston Addict","article_published_time":"2022-05-16T14:42:42+00:00","article_modified_time":"2022-05-18T16:53:17+00:00","og_image":[{"width":2560,"height":1181,"url":"https:\/\/pistonaddict.com\/wp-content\/uploads\/2022\/05\/Jaguar-E-Type-Series-1-scaled.jpg","type":"image\/jpeg"}],"author":"mathieu_kubiweb","twitter_card":"summary_large_image","twitter_misc":{"Szerz\u0151:":"mathieu_kubiweb","Becs\u00fclt olvas\u00e1si id\u0151":"10 perc"},"schema":{"@context":"https:\/\/schema.org","@graph":[{"@type":"Article","@id":"https:\/\/pistonaddict.com\/hu\/jaguar-e-type-elado\/#article","isPartOf":{"@id":"https:\/\/pistonaddict.com\/hu\/jaguar-e-type-elado\/"},"author":{"name":"mathieu_kubiweb","@id":"https:\/\/pistonaddict.com\/hu\/#\/schema\/person\/d4fe5a0ced92ae7c6a7c508ba01ca6f4"},"headline":"Jaguar E-Type elad\u00f3","datePublished":"2022-05-16T14:42:42+00:00","dateModified":"2022-05-18T16:53:17+00:00","mainEntityOfPage":{"@id":"https:\/\/pistonaddict.com\/hu\/jaguar-e-type-elado\/"},"wordCount":2077,"publisher":{"@id":"https:\/\/pistonaddict.com\/hu\/#organization"},"image":{"@id":"https:\/\/pistonaddict.com\/hu\/jaguar-e-type-elado\/#primaryimage"},"thumbnailUrl":"https:\/\/pistonaddict.com\/wp-content\/uploads\/2022\/05\/Jaguar-E-Type-Series-1-scaled.jpg","articleSection":["Uncategorized @hu"],"inLanguage":"hu"},{"@type":"WebPage","@id":"https:\/\/pistonaddict.com\/hu\/jaguar-e-type-elado\/","url":"https:\/\/pistonaddict.com\/hu\/jaguar-e-type-elado\/","name":"Jaguar E-Type elad\u00f3 - Piston Addict","isPartOf":{"@id":"https:\/\/pistonaddict.com\/hu\/#website"},"primaryImageOfPage":{"@id":"https:\/\/pistonaddict.com\/hu\/jaguar-e-type-elado\/#primaryimage"},"image":{"@id":"https:\/\/pistonaddict.com\/hu\/jaguar-e-type-elado\/#primaryimage"},"thumbnailUrl":"https:\/\/pistonaddict.com\/wp-content\/uploads\/2022\/05\/Jaguar-E-Type-Series-1-scaled.jpg","datePublished":"2022-05-16T14:42:42+00:00","dateModified":"2022-05-18T16:53:17+00:00","description":"Minden, amit a Jaguar E-Type-r\u00f3l tudni kell. Tekintse meg a Jaguar E-Type \u00f6sszes aut\u00f3aukci\u00f3j\u00e1t a PistonAddict.com oldalon.","breadcrumb":{"@id":"https:\/\/pistonaddict.com\/hu\/jaguar-e-type-elado\/#breadcrumb"},"inLanguage":"hu","potentialAction":[{"@type":"ReadAction","target":["https:\/\/pistonaddict.com\/hu\/jaguar-e-type-elado\/"]}]},{"@type":"ImageObject","inLanguage":"hu","@id":"https:\/\/pistonaddict.com\/hu\/jaguar-e-type-elado\/#primaryimage","url":"https:\/\/pistonaddict.com\/wp-content\/uploads\/2022\/05\/Jaguar-E-Type-Series-1-scaled.jpg","contentUrl":"https:\/\/pistonaddict.com\/wp-content\/uploads\/2022\/05\/Jaguar-E-Type-Series-1-scaled.jpg","width":2560,"height":1181},{"@type":"BreadcrumbList","@id":"https:\/\/pistonaddict.com\/hu\/jaguar-e-type-elado\/#breadcrumb","itemListElement":[{"@type":"ListItem","position":1,"name":"Kezd\u0151lap","item":"https:\/\/pistonaddict.com\/hu\/honlap\/"},{"@type":"ListItem","position":2,"name":"Jaguar E-Type elad\u00f3"}]},{"@type":"WebSite","@id":"https:\/\/pistonaddict.com\/hu\/#website","url":"https:\/\/pistonaddict.com\/hu\/","name":"Piston Addict","description":"Only interesting vehicles","publisher":{"@id":"https:\/\/pistonaddict.com\/hu\/#organization"},"potentialAction":[{"@type":"SearchAction","target":{"@type":"EntryPoint","urlTemplate":"https:\/\/pistonaddict.com\/hu\/?s={search_term_string}"},"query-input":"required name=search_term_string"}],"inLanguage":"hu"},{"@type":"Organization","@id":"https:\/\/pistonaddict.com\/hu\/#organization","name":"Piston Addict","url":"https:\/\/pistonaddict.com\/hu\/","logo":{"@type":"ImageObject","inLanguage":"hu","@id":"https:\/\/pistonaddict.com\/hu\/#\/schema\/logo\/image\/","url":"https:\/\/pistonaddict.com\/wp-content\/uploads\/2022\/07\/logo-6.png","contentUrl":"https:\/\/pistonaddict.com\/wp-content\/uploads\/2022\/07\/logo-6.png","width":970,"height":200,"caption":"Piston Addict"},"image":{"@id":"https:\/\/pistonaddict.com\/hu\/#\/schema\/logo\/image\/"}},{"@type":"Person","@id":"https:\/\/pistonaddict.com\/hu\/#\/schema\/person\/d4fe5a0ced92ae7c6a7c508ba01ca6f4","name":"mathieu_kubiweb","sameAs":["https:\/\/pistonaddict.com"],"url":"https:\/\/pistonaddict.com\/hu\/author\/mathieu_kubiweb\/"}]}},"_links":{"self":[{"href":"https:\/\/pistonaddict.com\/hu\/wp-json\/wp\/v2\/posts\/6861"}],"collection":[{"href":"https:\/\/pistonaddict.com\/hu\/wp-json\/wp\/v2\/posts"}],"about":[{"href":"https:\/\/pistonaddict.com\/hu\/wp-json\/wp\/v2\/types\/post"}],"author":[{"embeddable":true,"href":"https:\/\/pistonaddict.com\/hu\/wp-json\/wp\/v2\/users\/1"}],"replies":[{"embeddable":true,"href":"https:\/\/pistonaddict.com\/hu\/wp-json\/wp\/v2\/comments?post=6861"}],"version-history":[{"count":3,"href":"https:\/\/pistonaddict.com\/hu\/wp-json\/wp\/v2\/posts\/6861\/revisions"}],"predecessor-version":[{"id":8688,"href":"https:\/\/pistonaddict.com\/hu\/wp-json\/wp\/v2\/posts\/6861\/revisions\/8688"}],"wp:featuredmedia":[{"embeddable":true,"href":"https:\/\/pistonaddict.com\/hu\/wp-json\/wp\/v2\/media\/6906"}],"wp:attachment":[{"href":"https:\/\/pistonaddict.com\/hu\/wp-json\/wp\/v2\/media?parent=6861"}],"wp:term":[{"taxonomy":"category","embeddable":true,"href":"https:\/\/pistonaddict.com\/hu\/wp-json\/wp\/v2\/categories?post=6861"},{"taxonomy":"post_tag","embeddable":true,"href":"https:\/\/pistonaddict.com\/hu\/wp-json\/wp\/v2\/tags?post=6861"}],"curies":[{"name":"wp","href":"https:\/\/api.w.org\/{rel}","templated":true}]}}