{"id":31299,"date":"2023-03-17T10:50:32","date_gmt":"2023-03-17T09:50:32","guid":{"rendered":"https:\/\/pistonaddict.com\/mercedes-sl-500-arveresre-elado\/"},"modified":"2023-03-17T10:57:02","modified_gmt":"2023-03-17T09:57:02","slug":"mercedes-sl-500-arveresre-elado","status":"publish","type":"post","link":"https:\/\/pistonaddict.com\/hu\/mercedes-sl-500-arveresre-elado\/","title":{"rendered":"Mercedes SL 500 \u00e1rver\u00e9sre elad\u00f3"},"content":{"rendered":"\t\t<div data-elementor-type=\"wp-post\" data-elementor-id=\"31299\" class=\"elementor elementor-31299 elementor-31181\">\n\t\t\t\t\t\t<section class=\"elementor-section elementor-top-section elementor-element elementor-element-fc343dd elementor-section-boxed elementor-section-height-default elementor-section-height-default\" data-id=\"fc343dd\" data-element_type=\"section\">\n\t\t\t\t\t\t<div class=\"elementor-container elementor-column-gap-default\">\n\t\t\t\t\t<div class=\"elementor-column elementor-col-100 elementor-top-column elementor-element elementor-element-80cd298\" data-id=\"80cd298\" data-element_type=\"column\">\n\t\t\t<div class=\"elementor-widget-wrap elementor-element-populated\">\n\t\t\t\t\t\t<div class=\"elementor-element elementor-element-0a57266 elementor-widget elementor-widget-text-editor\" data-id=\"0a57266\" data-element_type=\"widget\" data-widget_type=\"text-editor.default\">\n\t\t\t\t<div class=\"elementor-widget-container\">\n\t\t\t<style>\/*! elementor - v3.21.0 - 18-04-2024 *\/\n.elementor-widget-text-editor.elementor-drop-cap-view-stacked .elementor-drop-cap{background-color:#69727d;color:#fff}.elementor-widget-text-editor.elementor-drop-cap-view-framed .elementor-drop-cap{color:#69727d;border:3px solid;background-color:transparent}.elementor-widget-text-editor:not(.elementor-drop-cap-view-default) .elementor-drop-cap{margin-top:8px}.elementor-widget-text-editor:not(.elementor-drop-cap-view-default) .elementor-drop-cap-letter{width:1em;height:1em}.elementor-widget-text-editor .elementor-drop-cap{float:left;text-align:center;line-height:1;font-size:50px}.elementor-widget-text-editor .elementor-drop-cap-letter{display:inline-block}<\/style>\t\t\t\t<p>Ha egy nagy preszt\u00edzs\u0171 kabri\u00f3t keres, amely egyszerre sportos \u00e9s rendk\u00edv\u00fcl f\u00e9ny\u0171z\u0151, a Mercedes SL 500-nak a lista \u00e9l\u00e9n kell \u00e1llnia.  <strong>Ez az aut\u00f3 az egyik pillanatban egy k\u00e9nyelmes \u00e9s eleg\u00e1ns k\u00f6r\u00fati cirk\u00e1l\u00f3, a m\u00e1sikban pedig egy k\u00f6z\u00fati rak\u00e9t\u00e1v\u00e1 alakul \u00e1t.<\/strong>  Ennek az aut\u00f3nak t\u00f6bb gener\u00e1ci\u00f3ja is l\u00e9tezett ugyanazzal a n\u00e9vvel, mindegyiknek megvolt a maga egyedis\u00e9ge \u00e9s el\u0151nye. Ami azonban minden v\u00e1ltozatban k\u00f6z\u00f6s, hogy id\u0151tlen eleganci\u00e1t, kiv\u00e1l\u00f3 vezet\u00e9si \u00e9lm\u00e9nyt \u00e9s megb\u00edzhat\u00f3 mechanik\u00e1t k\u00edn\u00e1lnak. \u00cdgy a Mercedes SL 500 nem felt\u00e9tlen\u00fcl csak egy gy\u0171jt\u0151i aut\u00f3, amely ideje nagy r\u00e9sz\u00e9t egy gar\u00e1zsban elrejtve t\u00f6lti. Ehelyett a tulajdonosa naponta, eg\u00e9sz \u00e9vben vezetheti ezt, an\u00e9lk\u00fcl, hogy f\u00e9lnie kellene a lerobban\u00e1st\u00f3l vagy a k\u00e9nyelmetlens\u00e9gt\u0151l. \u00c9s ez az egyik el\u0151nye, ami rendk\u00edv\u00fcl k\u00edv\u00e1natoss\u00e1 teszi az aut\u00f3rajong\u00f3k k\u00f6r\u00e9ben.<\/p>\n<\/p>\n<h2>A Mercedes SL t\u00f6rt\u00e9nete<\/h2>\n<p>Az SL a <em>Sport-Leicht<\/em>, azaz a Sport-Light r\u00f6vid\u00edt\u00e9se, ami el\u00e1rulja, mir\u0151l is sz\u00f3l ez a Mercedes. Ezek a sportos kabri\u00f3k \u00e9vtizedek \u00f3ta a teljes\u00edtm\u00e9ny, a luxus \u00e9s a cs\u00facstechnol\u00f3gia leg\u00fajabb szav\u00e1t k\u00edn\u00e1lj\u00e1k a kateg\u00f3ri\u00e1jukban. Ma pedig a Mercedes val\u00f3sz\u00edn\u0171leg el sem tudn\u00e1 k\u00e9pzelni a term\u00e9kpalett\u00e1j\u00e1t e l\u00e1tv\u00e1nyos aut\u00f3 n\u00e9lk\u00fcl. De ha rajtuk m\u00falna, tal\u00e1n nem is l\u00e9tezne.<\/p>\n<p>A legels\u0151 SL, bels\u0151leg W198-as jelz\u00e9ssel, versenyaut\u00f3 volt, amely olyan versenyeken val\u00f3 gy\u0151zelemre k\u00e9sz\u00fclt, mint a Le Mans-i 24 \u00f3r\u00e1s vagy a Carrera Panamericana.  <strong>A Mercedesnek pedig nem \u00e1llt sz\u00e1nd\u00e9k\u00e1ban utcai v\u00e1ltozatot k\u00e9sz\u00edteni bel\u0151le, mivel \u00fagy gondolt\u00e1k, hogy nincs sz\u00fcks\u00e9g ilyen aut\u00f3ra.<\/strong>  Az Egyes\u00fclt \u00c1llamokban azonban egy Max Hoffman nev\u0171 aut\u00f3import\u0151rnek m\u00e1s volt a v\u00e9lem\u00e9nye, \u00e9s folyamatosan arra \u00f6szt\u00f6k\u00e9lte a stuttgarti sz\u00e9khely\u0171 gy\u00e1rt\u00f3t, hogy v\u00e1ltoztassa meg a v\u00e9lem\u00e9ny\u00e9t. \u00c9s ezt 1954-ben, az els\u0151 300 SL bemutat\u00e1sakor meg is tett\u00e9k. Kezdetben csak kup\u00e9k\u00e9nt volt kaphat\u00f3, ikonikus sir\u00e1lysz\u00e1rnyas ajt\u00f3kkal, majd n\u00e9h\u00e1ny \u00e9vvel k\u00e9s\u0151bb egy nyitott tetej\u0171 roadster v\u00e1ltozat is megjelent. Hamar bebizonyosodott, hogy az amerikai import\u0151rnek j\u00f3 meg\u00e9rz\u00e9sei voltak az \u00fczletr\u0151l, mert a 300 SL-t j\u00f3l fogadt\u00e1k a v\u00e1s\u00e1rl\u00f3k. \u00c9s a kor\u00e1t megel\u0151z\u0151 megjelen\u00e9s\u00e9vel, kiv\u00e1l\u00f3 teljes\u00edtm\u00e9ny\u00e9vel \u00e9s csod\u00e1latra m\u00e9lt\u00f3 k\u00f6z\u00fati jelenl\u00e9t\u00e9vel sok minden volt, ami tetszett ebben az aut\u00f3ban.<\/p>\n<p>Ezek voltak azok az alapok, amelyekre a Mereceds az 1963-ban bemutatott W113-as modellt alapozta. De a Mercedes SL alapjait, ahogyan ma ismerj\u00fck &#8211; a teljes teljes\u00edtm\u00e9ny \u00e9s a teljes luxus tekintet\u00e9ben &#8211; 1971-ben, a harmadik gener\u00e1ci\u00f3 bemutat\u00e1sakor fektett\u00e9k le.<\/p>\n<\/p>\n<h2>A legels\u0151 Mercedes SL 500 &#8211; R107<\/h2>\n<p>A Mercedes SL harmadik gener\u00e1ci\u00f3ja optikailag teljesen k\u00fcl\u00f6nb\u00f6z\u00f6tt el\u0151dj\u00e9t\u0151l. \u00c9les, egyenes testvonalakkal \u00e9s alacsony der\u00e9kkal rendelkezett. A legszembet\u0171n\u0151bb v\u00e1ltoz\u00e1s el\u00f6l t\u00f6rt\u00e9nt, ahol sz\u00e9les h\u0171t\u0151r\u00e1cs \u00e9s nagym\u00e9ret\u0171 f\u00e9nysz\u00f3r\u00f3k jelentek meg. Ez \u00f6sszhangban volt a <strong>Mercedes akkoriban aktu\u00e1lis, az S-oszt\u00e1llyal bevezetett formatervez\u00e9si nyelv\u00e9vel<\/strong>. Az aut\u00f3 nyitott tetej\u0171, k\u00e9t\u00fcl\u00e9ses, R107 k\u00f3dn\u00e9ven, vagy kup\u00e9 kivitelben, C107 bels\u0151 megnevez\u00e9ssel volt kaphat\u00f3. A kabri\u00f3 alapfelszerelts\u00e9gk\u00e9nt puha tet\u0151vel, opcion\u00e1lisan levehet\u0151 kem\u00e9nytet\u0151vel rendelkezett. \u00c9s mivel h\u00e1tul nem volt lehajthat\u00f3 tet\u0151, a kup\u00e9kat h\u00e1ts\u00f3 paddal szerelt\u00e9k fel.<\/p>\n\t\t\t\t\t\t<\/div>\n\t\t\t\t<\/div>\n\t\t\t\t\t<\/div>\n\t\t<\/div>\n\t\t\t\t\t<\/div>\n\t\t<\/section>\n\t\t\t\t<section class=\"elementor-section elementor-top-section elementor-element elementor-element-2757a85 elementor-section-boxed elementor-section-height-default elementor-section-height-default\" data-id=\"2757a85\" data-element_type=\"section\">\n\t\t\t\t\t\t<div class=\"elementor-container elementor-column-gap-default\">\n\t\t\t\t\t<div class=\"elementor-column elementor-col-100 elementor-top-column elementor-element elementor-element-c68c4c2\" data-id=\"c68c4c2\" data-element_type=\"column\">\n\t\t\t<div class=\"elementor-widget-wrap elementor-element-populated\">\n\t\t\t\t\t\t<div class=\"elementor-element elementor-element-bf0ba7d elementor-widget elementor-widget-image\" data-id=\"bf0ba7d\" data-element_type=\"widget\" data-widget_type=\"image.default\">\n\t\t\t\t<div class=\"elementor-widget-container\">\n\t\t\t<style>\/*! elementor - v3.21.0 - 18-04-2024 *\/\n.elementor-widget-image{text-align:center}.elementor-widget-image a{display:inline-block}.elementor-widget-image a img[src$=\".svg\"]{width:48px}.elementor-widget-image img{vertical-align:middle;display:inline-block}<\/style>\t\t\t\t\t\t\t\t\t\t<img fetchpriority=\"high\" decoding=\"async\" width=\"1024\" height=\"653\" src=\"https:\/\/pistonaddict.com\/wp-content\/uploads\/2023\/03\/Mercedes-SL-500-1-1024x653.jpg\" class=\"attachment-large size-large wp-image-31204\" alt=\"\" srcset=\"https:\/\/pistonaddict.com\/wp-content\/uploads\/2023\/03\/Mercedes-SL-500-1-1024x653.jpg 1024w, https:\/\/pistonaddict.com\/wp-content\/uploads\/2023\/03\/Mercedes-SL-500-1-600x383.jpg 600w, https:\/\/pistonaddict.com\/wp-content\/uploads\/2023\/03\/Mercedes-SL-500-1-300x191.jpg 300w, https:\/\/pistonaddict.com\/wp-content\/uploads\/2023\/03\/Mercedes-SL-500-1-768x490.jpg 768w, https:\/\/pistonaddict.com\/wp-content\/uploads\/2023\/03\/Mercedes-SL-500-1-1536x980.jpg 1536w, https:\/\/pistonaddict.com\/wp-content\/uploads\/2023\/03\/Mercedes-SL-500-1.jpg 2048w\" sizes=\"(max-width: 1024px) 100vw, 1024px\" \/>\t\t\t\t\t\t\t\t\t\t\t\t\t<\/div>\n\t\t\t\t<\/div>\n\t\t\t\t\t<\/div>\n\t\t<\/div>\n\t\t\t\t\t<\/div>\n\t\t<\/section>\n\t\t\t\t<section class=\"elementor-section elementor-top-section elementor-element elementor-element-b8b0e1f elementor-section-boxed elementor-section-height-default elementor-section-height-default\" data-id=\"b8b0e1f\" data-element_type=\"section\">\n\t\t\t\t\t\t<div class=\"elementor-container elementor-column-gap-default\">\n\t\t\t\t\t<div class=\"elementor-column elementor-col-100 elementor-top-column elementor-element elementor-element-fc1ac52\" data-id=\"fc1ac52\" data-element_type=\"column\">\n\t\t\t<div class=\"elementor-widget-wrap elementor-element-populated\">\n\t\t\t\t\t\t<div class=\"elementor-element elementor-element-f4e9ad6 elementor-widget elementor-widget-text-editor\" data-id=\"f4e9ad6\" data-element_type=\"widget\" data-widget_type=\"text-editor.default\">\n\t\t\t\t<div class=\"elementor-widget-container\">\n\t\t\t\t\t\t\t<p>Kezdetben ezek az aut\u00f3k a piact\u00f3l f\u00fcgg\u0151en k\u00e9t soros hatos motorral \u00e9s t\u00f6bb V8-as motorral voltak kaphat\u00f3k. A kev\u00e9sb\u00e9 er\u0151s modellek a st\u00edlusra \u00e9s a megjelen\u00e9sre \u00f6sszpontos\u00edt\u00f3 vezet\u0151ket c\u00e9lozt\u00e1k meg, m\u00edg a nagyobb teljes\u00edtm\u00e9nyre v\u00e1gy\u00f3k nagyobb motort v\u00e1laszthattak. <strong>Ezekhez k\u00e9zi sebess\u00e9gv\u00e1lt\u00f3 vagy 3 sebess\u00e9ges automata p\u00e1rosult, amelyet k\u00e9s\u0151bb 4 sebess\u00e9ges v\u00e1ltozat v\u00e1ltott fel<\/strong>. Ezek a Mercedes SL-ek el\u00f6l f\u00fcggetlen kett\u0151s keresztleng\u0151karos felf\u00fcggeszt\u00e9ssel, h\u00e1tul pedig f\u00e9lleng\u0151karos felf\u00fcggeszt\u00e9ssel rendelkeztek. Annak ellen\u00e9re, hogy robosztus \u00e9s kiv\u00e1l\u00f3 \u00fatkomfortot k\u00edn\u00e1l, ez a konfigur\u00e1ci\u00f3 \u00e9les kanyarokban n\u00e9mileg hi\u00e1nyolja az \u00e9less\u00e9get.  <\/p>\n<p>A legjelent\u0151sebb pillanat azonban 1977-ben t\u00f6rt\u00e9nt, amikor bemutatt\u00e1k a 450 SLC 5.0 modellt. A teljesen \u00faj, alum\u00edniumb\u00f3l k\u00e9sz\u00fclt, \u00f6tliteres V8-as motorral felszerelt aut\u00f3t korl\u00e1tozott sz\u00e1mban gy\u00e1rtott\u00e1k volna a k\u00f6zelg\u0151 1978-as rali-vil\u00e1gbajnoks\u00e1g homologiz\u00e1ci\u00f3s c\u00e9ljaira.  <strong>De mivel a vev\u0151knek tetszett ez a motor \u00e9s a teljes\u00edtm\u00e9nye, a Mercedes v\u00e9g\u00fcl bevette<\/strong> a <strong> <em>norm\u00e1l<\/em> k\u00edn\u00e1latba, \u00edgy sz\u00fcletett meg az els\u0151 SL 500<\/strong>. A 0-100-as id\u0151 alig t\u00f6bb mint 7 m\u00e1sodperc \u00e9s a 140 m\u00e9rf\u00f6ld\/\u00f3r\u00e1s v\u00e9gsebess\u00e9g mellett ez az aut\u00f3 elk\u00e9peszt\u0151 temp\u00f3t k\u00edn\u00e1lt.  <\/p>\n<p>A 70-es \u00e9vekben szok\u00e1sos m\u00f3don az amerikai piacra sz\u00e1nt modelleket &#8211; ahol a legt\u00f6bb ilyen aut\u00f3t \u00e9rt\u00e9kes\u00edtett\u00e9k &#8211; kiss\u00e9 m\u00f3dos\u00edtani kellett, hogy megfeleljenek az ottani k\u00f6z\u00fati el\u0151\u00edr\u00e1soknak. Ez t\u00f6bbek k\u00f6z\u00f6tt nagyobb l\u00f6kh\u00e1r\u00edt\u00f3k \u00e9s m\u00e1s f\u00e9nysz\u00f3r\u00f3k felszerel\u00e9s\u00e9t jelentette. Ezek a friss\u00edt\u00e9sek nem voltak olyasvalami, ami seg\u00edtett a st\u00edluson, az eur\u00f3pai specifik\u00e1ci\u00f3j\u00fa modellek karcs\u00fabbak \u00e9s eleg\u00e1nsabbak voltak.  <\/p>\n<\/p>\n<h2>Negyedik gener\u00e1ci\u00f3s Mercedes SL 500<\/h2>\n<p>Az R107 Mercedes SL egy rendk\u00edv\u00fcl sikeres \u00e9s rendk\u00edv\u00fcl n\u00e9pszer\u0171 modell volt, amelynek gy\u00e1rt\u00e1sa k\u00f6zel k\u00e9t \u00e9vtizeden \u00e1t tartott. \u00cdgy annak lecser\u00e9l\u00e9se hatalmas \u00e9s ig\u00e9nyes feladat volt, amelyet k\u00f6vetkez\u00e9sk\u00e9ppen az R129 k\u00f3dnev\u0171 aut\u00f3 kapott, amelyet 1989-ben mutattak be. Ism\u00e9t jelent\u0151sen megv\u00e1ltoztatt\u00e1k a formatervet, amely sz\u00f6gletesebb orr-r\u00e9sszel \u00e9s er\u0151teljesebb, massz\u00edvabb karossz\u00e9ria-vonalakkal t\u0171nt ki.  <strong>El\u0151dj\u00e9hez hasonl\u00f3an a formatervet is nagyban befoly\u00e1solta az akkor aktu\u00e1lis S-oszt\u00e1ly.<\/strong>  A r\u00e9gi modellel ellent\u00e9tben azonban az \u00faj SL csak 2 \u00fcl\u00e9ses kabri\u00f3k\u00e9nt volt kaphat\u00f3. A tet\u0151konfigur\u00e1ci\u00f3 ism\u00e9t egy \u00f6sszecsukhat\u00f3 l\u00e1gytet\u0151t \u00e9s egy opcion\u00e1lis, levehet\u0151 kem\u00e9nytet\u0151t k\u00edn\u00e1lt.  <\/p>\n\t\t\t\t\t\t<\/div>\n\t\t\t\t<\/div>\n\t\t\t\t\t<\/div>\n\t\t<\/div>\n\t\t\t\t\t<\/div>\n\t\t<\/section>\n\t\t\t\t<section class=\"elementor-section elementor-top-section elementor-element elementor-element-de8e7b0 elementor-section-boxed elementor-section-height-default elementor-section-height-default\" data-id=\"de8e7b0\" data-element_type=\"section\">\n\t\t\t\t\t\t<div class=\"elementor-container elementor-column-gap-default\">\n\t\t\t\t\t<div class=\"elementor-column elementor-col-100 elementor-top-column elementor-element elementor-element-07f3126\" data-id=\"07f3126\" data-element_type=\"column\">\n\t\t\t<div class=\"elementor-widget-wrap elementor-element-populated\">\n\t\t\t\t\t\t<div class=\"elementor-element elementor-element-e80fbd2 elementor-widget elementor-widget-image\" data-id=\"e80fbd2\" data-element_type=\"widget\" data-widget_type=\"image.default\">\n\t\t\t\t<div class=\"elementor-widget-container\">\n\t\t\t\t\t\t\t\t\t\t\t\t\t<img decoding=\"async\" width=\"1024\" height=\"683\" src=\"https:\/\/pistonaddict.com\/wp-content\/uploads\/2023\/03\/Mercedes-SL-500-4-1024x683.jpg\" class=\"attachment-large size-large wp-image-31182\" alt=\"\" srcset=\"https:\/\/pistonaddict.com\/wp-content\/uploads\/2023\/03\/Mercedes-SL-500-4-1024x683.jpg 1024w, https:\/\/pistonaddict.com\/wp-content\/uploads\/2023\/03\/Mercedes-SL-500-4-600x400.jpg 600w, https:\/\/pistonaddict.com\/wp-content\/uploads\/2023\/03\/Mercedes-SL-500-4-300x200.jpg 300w, https:\/\/pistonaddict.com\/wp-content\/uploads\/2023\/03\/Mercedes-SL-500-4-768x512.jpg 768w, https:\/\/pistonaddict.com\/wp-content\/uploads\/2023\/03\/Mercedes-SL-500-4-1536x1024.jpg 1536w, https:\/\/pistonaddict.com\/wp-content\/uploads\/2023\/03\/Mercedes-SL-500-4.jpg 2048w\" sizes=\"(max-width: 1024px) 100vw, 1024px\" \/>\t\t\t\t\t\t\t\t\t\t\t\t\t<\/div>\n\t\t\t\t<\/div>\n\t\t\t\t\t<\/div>\n\t\t<\/div>\n\t\t\t\t\t<\/div>\n\t\t<\/section>\n\t\t\t\t<section class=\"elementor-section elementor-top-section elementor-element elementor-element-7289ca7 elementor-section-boxed elementor-section-height-default elementor-section-height-default\" data-id=\"7289ca7\" data-element_type=\"section\">\n\t\t\t\t\t\t<div class=\"elementor-container elementor-column-gap-default\">\n\t\t\t\t\t<div class=\"elementor-column elementor-col-100 elementor-top-column elementor-element elementor-element-b183075\" data-id=\"b183075\" data-element_type=\"column\">\n\t\t\t<div class=\"elementor-widget-wrap elementor-element-populated\">\n\t\t\t\t\t\t<div class=\"elementor-element elementor-element-edd9305 elementor-widget elementor-widget-text-editor\" data-id=\"edd9305\" data-element_type=\"widget\" data-widget_type=\"text-editor.default\">\n\t\t\t\t<div class=\"elementor-widget-container\">\n\t\t\t\t\t\t\t<p>Jelent\u0151s fejleszt\u00e9sek t\u00f6rt\u00e9ntek a hajt\u00e1sl\u00e1ncban \u00e9s m\u00e1s mechanikai alapokon. A motorv\u00e1laszt\u00e9kot kezdetben a r\u00e9gi modellb\u0151l vitt\u00e9k \u00e1t, de csak a k\u00f6vetkez\u0151 \u00e9vekben cser\u00e9lt\u00e9k le vadonat\u00faj egys\u00e9gekre.  <strong>Az elavult soros hatos egys\u00e9gek \u00e1tadt\u00e1k a hely\u00fcket a modernebb V6-os v\u00e1ltozatoknak, \u00e9s t\u00f6bb hatalmas V12-es is megjelent. De az 5 literes V8-as, amely a friss\u00edtett v\u00e1ltozatban is el\u00e9rhet\u0151 volt, sokak sz\u00e1m\u00e1ra a legk\u00edv\u00e1natosabb v\u00e1ltozat volt mind k\u00f6z\u00fcl.<\/strong>. Manu\u00e1lis sebess\u00e9gv\u00e1lt\u00f3 is rendelkez\u00e9sre \u00e1llt, b\u00e1r a kiv\u00e1l\u00f3 \u00e9s eleg\u00e1ns 5 sebess\u00e9ges G-Tronic automata jobb v\u00e1laszt\u00e1s volt. A felf\u00fcggeszt\u00e9st alaposan \u00e1tdolgozt\u00e1k, a h\u00e1ts\u00f3 tengelyt t\u00f6bbleng\u0151karos tengely v\u00e1ltotta fel, ami m\u00e9g jobban feldobta a kezelhet\u0151s\u00e9get.<\/p>\n<p>Ennek a Mercedes SL-gener\u00e1ci\u00f3nak az egyik jellemz\u0151je, hogy a legmodernebb technol\u00f3gi\u00e1val voltak felszerelve. Ez volt p\u00e9ld\u00e1ul az egyik els\u0151 olyan aut\u00f3, amely elektronikusan szab\u00e1lyozott csillap\u00edt\u00e1ssal rendelkezett, amely az \u00fatviszonyokt\u00f3l f\u00fcgg\u0151en \u00e1ll\u00edtja be a felf\u00fcggeszt\u00e9s viselked\u00e9s\u00e9t. Vagy egy rejtett borul\u00e1sg\u00e1tl\u00f3, amely \u00fctk\u00f6z\u00e9skor automatikusan kifel\u00e9 ny\u00falik. Mindehhez a k\u00e9nyelmi funkci\u00f3k sz\u00e9les sk\u00e1l\u00e1ja t\u00e1rsult minden\u00fctt.<\/p>\n<\/p>\n<h2>\u00d6t\u00f6dik gener\u00e1ci\u00f3s Mercedes SL 500<\/h2>\n<p>A kor\u00e1bbi sikerek \u00e1ltal szil\u00e1rdan kijel\u00f6lt \u00faton a Mercedes SL hatodik gener\u00e1ci\u00f3ja egy\u00e9rtelm\u0171 c\u00e9lokat t\u0171z\u00f6tt ki maga el\u00e9 &#8211; \u00faj teljes\u00edtm\u00e9ny- \u00e9s luxuskateg\u00f3ri\u00e1s m\u00e9rc\u00e9t \u00e1ll\u00edtott fel. A <strong>formaterv ez\u00fattal a karcs\u00fa elegancia helyett ink\u00e1bb az agressz\u00edv megjelen\u00e9sre \u00e9s k\u00f6z\u00fati jelenl\u00e9tre \u00f6sszpontos\u00edtott<\/strong>. \u00c9s el\u0151sz\u00f6r fordult el\u0151, hogy a megjelen\u00e9s jobban hasonl\u00edtott a korabeli E-oszt\u00e1lyra, mint az S-oszt\u00e1lyra. Ennek oka az volt, hogy a tervez\u0151k \u00fagy \u00e9rezt\u00e9k, hogy egy ilyen kialak\u00edt\u00e1s sportosabb megjelen\u00e9st k\u00f6lcs\u00f6n\u00f6zne az \u00faj aut\u00f3nak. De a legszembet\u0171n\u0151bb parti darabja ennek az aut\u00f3nak k\u00e9ts\u00e9gtelen\u00fcl a tet\u0151, mivel ez volt az els\u0151 Mercedes SL, amely lehajthat\u00f3 f\u00e9m kem\u00e9nytet\u0151vel rendelkezett. Ez pedig azt jelentette, hogy a tulajdonos egy igazi kup\u00e9val rendelkezhetett, amely egy gombnyom\u00e1ssal nyitott roadsterr\u00e9 alak\u00edthat\u00f3.<\/p>\n\t\t\t\t\t\t<\/div>\n\t\t\t\t<\/div>\n\t\t\t\t\t<\/div>\n\t\t<\/div>\n\t\t\t\t\t<\/div>\n\t\t<\/section>\n\t\t\t\t<section class=\"elementor-section elementor-top-section elementor-element elementor-element-98077e0 elementor-section-boxed elementor-section-height-default elementor-section-height-default\" data-id=\"98077e0\" data-element_type=\"section\">\n\t\t\t\t\t\t<div class=\"elementor-container elementor-column-gap-default\">\n\t\t\t\t\t<div class=\"elementor-column elementor-col-100 elementor-top-column elementor-element elementor-element-7a6eff4\" data-id=\"7a6eff4\" data-element_type=\"column\">\n\t\t\t<div class=\"elementor-widget-wrap elementor-element-populated\">\n\t\t\t\t\t\t<div class=\"elementor-element elementor-element-03e98e2 elementor-widget elementor-widget-image\" data-id=\"03e98e2\" data-element_type=\"widget\" data-widget_type=\"image.default\">\n\t\t\t\t<div class=\"elementor-widget-container\">\n\t\t\t\t\t\t\t\t\t\t\t\t\t<img decoding=\"async\" width=\"1024\" height=\"831\" src=\"https:\/\/pistonaddict.com\/wp-content\/uploads\/2023\/03\/Mercedes-SL-500-3-1024x831.jpg\" class=\"attachment-large size-large wp-image-31248\" alt=\"\" srcset=\"https:\/\/pistonaddict.com\/wp-content\/uploads\/2023\/03\/Mercedes-SL-500-3-1024x831.jpg 1024w, https:\/\/pistonaddict.com\/wp-content\/uploads\/2023\/03\/Mercedes-SL-500-3-600x487.jpg 600w, https:\/\/pistonaddict.com\/wp-content\/uploads\/2023\/03\/Mercedes-SL-500-3-300x243.jpg 300w, https:\/\/pistonaddict.com\/wp-content\/uploads\/2023\/03\/Mercedes-SL-500-3-768x623.jpg 768w, https:\/\/pistonaddict.com\/wp-content\/uploads\/2023\/03\/Mercedes-SL-500-3-1536x1246.jpg 1536w, https:\/\/pistonaddict.com\/wp-content\/uploads\/2023\/03\/Mercedes-SL-500-3.jpg 2048w\" sizes=\"(max-width: 1024px) 100vw, 1024px\" \/>\t\t\t\t\t\t\t\t\t\t\t\t\t<\/div>\n\t\t\t\t<\/div>\n\t\t\t\t\t<\/div>\n\t\t<\/div>\n\t\t\t\t\t<\/div>\n\t\t<\/section>\n\t\t\t\t<section class=\"elementor-section elementor-top-section elementor-element elementor-element-2eddd7a elementor-section-boxed elementor-section-height-default elementor-section-height-default\" data-id=\"2eddd7a\" data-element_type=\"section\">\n\t\t\t\t\t\t<div class=\"elementor-container elementor-column-gap-default\">\n\t\t\t\t\t<div class=\"elementor-column elementor-col-100 elementor-top-column elementor-element elementor-element-dcd69db\" data-id=\"dcd69db\" data-element_type=\"column\">\n\t\t\t<div class=\"elementor-widget-wrap elementor-element-populated\">\n\t\t\t\t\t\t<div class=\"elementor-element elementor-element-47092f6 elementor-widget elementor-widget-text-editor\" data-id=\"47092f6\" data-element_type=\"widget\" data-widget_type=\"text-editor.default\">\n\t\t\t\t<div class=\"elementor-widget-container\">\n\t\t\t\t\t\t\t<p>A Mercedes SL hatodik gener\u00e1ci\u00f3ja gy\u00e1rt\u00e1sa sor\u00e1n a motorh\u00e1ztet\u0151 alatt t\u00f6bbf\u00e9le motor is m\u0171k\u00f6d\u00f6tt. <strong>Volt egy bel\u00e9p\u0151 V6-os, t\u00f6bb V8-as, n\u00e9melyik kompresszoros, \u00e9s egy p\u00e1r V12-es<\/strong>. Ez volt az az aut\u00f3, amelyben az ikonikus 5 literes V8-as utolj\u00e1ra szerepelt, mivel 2006-ban kivont\u00e1k a forgalomb\u00f3l. Ezzel az SL 500 n\u00e9vt\u00e1bla elvesztette val\u00f3di jelent\u00e9s\u00e9t, mivel a j\u00f6v\u0151beni modellek, amelyek ezt a nevet viselt\u00e9k, nem rendelkeztek megfelel\u0151 l\u00f6kett\u00e9rfogat\u00fa motorral.  <\/p>\n<\/p>\n<h2>A Mercedes SL 500 csomagol\u00e1sa<\/h2>\n<p>Az SL a Mercedes kabri\u00f3 z\u00e1szl\u00f3shaj\u00f3 modellje, amelyet 1954-t\u0151l napjainkig folyamatosan gy\u00e1rtanak. Ez id\u0151 alatt h\u00e9t nemzed\u00e9k l\u00e9tezett, mindegyiknek \u00e9rezhet\u0151 v\u00e1ltozata volt.  <strong>A legt\u00f6bb aut\u00f3rajong\u00f3 sz\u00e1m\u00e1ra azonban a Mercedes SL 500 a legk\u00edv\u00e1natosabb modell a sok k\u00f6z\u00fcl.<\/strong>  Eredetileg ezt a n\u00e9vt\u00e1bl\u00e1t az 5 literes V8-as alum\u00ednium motorral szerelt aut\u00f3kra sz\u00e1nt\u00e1k, amelyek a harmadik, negyedik \u00e9s \u00f6t\u00f6dik gener\u00e1ci\u00f3s modellekben voltak kaphat\u00f3k. \u00c9s b\u00e1r ezt a motort 2006-ban kivont\u00e1k a gy\u00e1rt\u00e1sb\u00f3l, az SL 500 tov\u00e1bbra is \u00e9letben maradt. A k\u00e9s\u0151bbi, ezt a nevet visel\u0151 modellek azonban nem rendelkeztek azonos l\u00f6kett\u00e9rfogat\u00fa motorokkal.  <\/p>\n\t\t\t\t\t\t<\/div>\n\t\t\t\t<\/div>\n\t\t\t\t\t<\/div>\n\t\t<\/div>\n\t\t\t\t\t<\/div>\n\t\t<\/section>\n\t\t\t\t<\/div>\n\t\t","protected":false},"excerpt":{"rendered":"<p>Ha egy nagy preszt\u00edzs\u0171 kabri\u00f3t keres, amely egyszerre sportos \u00e9s rendk\u00edv\u00fcl f\u00e9ny\u0171z\u0151, akkor a Mercedes SL 500-nak a lista \u00e9l\u00e9n kell \u00e1llnia.  <\/p>\n","protected":false},"author":19,"featured_media":31237,"comment_status":"closed","ping_status":"closed","sticky":false,"template":"","format":"standard","meta":{"inline_featured_image":false,"footnotes":""},"categories":[38],"tags":[],"acf":[],"yoast_head":"<!-- This site is optimized with the Yoast SEO plugin v22.5 - https:\/\/yoast.com\/wordpress\/plugins\/seo\/ -->\n<title>Mercedes SL 500 \u00e1rver\u00e9sre elad\u00f3 - Piston Addict<\/title>\n<meta name=\"description\" content=\"Minden, amit a Mercedes SL 500-r\u00f3l tudni kell. N\u00e9zze meg a Mercedes SL 500 \u00f6sszes aut\u00f3\u00e1rver\u00e9s\u00e9t a PistonAddict.com oldalon.\" \/>\n<meta name=\"robots\" content=\"index, follow, max-snippet:-1, max-image-preview:large, max-video-preview:-1\" \/>\n<link rel=\"canonical\" href=\"https:\/\/pistonaddict.com\/hu\/mercedes-sl-500-arveresre-elado\/\" \/>\n<meta property=\"og:locale\" content=\"hu_HU\" \/>\n<meta property=\"og:type\" content=\"article\" \/>\n<meta property=\"og:title\" content=\"Mercedes SL 500 \u00e1rver\u00e9sre elad\u00f3 - Piston Addict\" \/>\n<meta property=\"og:description\" content=\"Minden, amit a Mercedes SL 500-r\u00f3l tudni kell. N\u00e9zze meg a Mercedes SL 500 \u00f6sszes aut\u00f3\u00e1rver\u00e9s\u00e9t a PistonAddict.com oldalon.\" \/>\n<meta property=\"og:url\" content=\"https:\/\/pistonaddict.com\/hu\/mercedes-sl-500-arveresre-elado\/\" \/>\n<meta property=\"og:site_name\" content=\"Piston Addict\" \/>\n<meta property=\"article:published_time\" content=\"2023-03-17T09:50:32+00:00\" \/>\n<meta property=\"article:modified_time\" content=\"2023-03-17T09:57:02+00:00\" \/>\n<meta property=\"og:image\" content=\"https:\/\/pistonaddict.com\/wp-content\/uploads\/2023\/03\/Mercedes-SL-500-2.jpg\" \/>\n\t<meta property=\"og:image:width\" content=\"1600\" \/>\n\t<meta property=\"og:image:height\" content=\"1200\" \/>\n\t<meta property=\"og:image:type\" content=\"image\/jpeg\" \/>\n<meta name=\"author\" content=\"kubiweb\" \/>\n<meta name=\"twitter:card\" content=\"summary_large_image\" \/>\n<meta name=\"twitter:label1\" content=\"Szerz\u0151:\" \/>\n\t<meta name=\"twitter:data1\" content=\"kubiweb\" \/>\n\t<meta name=\"twitter:label2\" content=\"Becs\u00fclt olvas\u00e1si id\u0151\" \/>\n\t<meta name=\"twitter:data2\" content=\"9 perc\" \/>\n<script type=\"application\/ld+json\" class=\"yoast-schema-graph\">{\"@context\":\"https:\/\/schema.org\",\"@graph\":[{\"@type\":\"Article\",\"@id\":\"https:\/\/pistonaddict.com\/hu\/mercedes-sl-500-arveresre-elado\/#article\",\"isPartOf\":{\"@id\":\"https:\/\/pistonaddict.com\/hu\/mercedes-sl-500-arveresre-elado\/\"},\"author\":{\"name\":\"kubiweb\",\"@id\":\"https:\/\/pistonaddict.com\/hu\/#\/schema\/person\/b654bd8ec8744297879f6f28628ad974\"},\"headline\":\"Mercedes SL 500 \u00e1rver\u00e9sre elad\u00f3\",\"datePublished\":\"2023-03-17T09:50:32+00:00\",\"dateModified\":\"2023-03-17T09:57:02+00:00\",\"mainEntityOfPage\":{\"@id\":\"https:\/\/pistonaddict.com\/hu\/mercedes-sl-500-arveresre-elado\/\"},\"wordCount\":1773,\"publisher\":{\"@id\":\"https:\/\/pistonaddict.com\/hu\/#organization\"},\"image\":{\"@id\":\"https:\/\/pistonaddict.com\/hu\/mercedes-sl-500-arveresre-elado\/#primaryimage\"},\"thumbnailUrl\":\"https:\/\/pistonaddict.com\/wp-content\/uploads\/2023\/03\/Mercedes-SL-500-2.jpg\",\"articleSection\":[\"Uncategorized @hu\"],\"inLanguage\":\"hu\"},{\"@type\":\"WebPage\",\"@id\":\"https:\/\/pistonaddict.com\/hu\/mercedes-sl-500-arveresre-elado\/\",\"url\":\"https:\/\/pistonaddict.com\/hu\/mercedes-sl-500-arveresre-elado\/\",\"name\":\"Mercedes SL 500 \u00e1rver\u00e9sre elad\u00f3 - Piston Addict\",\"isPartOf\":{\"@id\":\"https:\/\/pistonaddict.com\/hu\/#website\"},\"primaryImageOfPage\":{\"@id\":\"https:\/\/pistonaddict.com\/hu\/mercedes-sl-500-arveresre-elado\/#primaryimage\"},\"image\":{\"@id\":\"https:\/\/pistonaddict.com\/hu\/mercedes-sl-500-arveresre-elado\/#primaryimage\"},\"thumbnailUrl\":\"https:\/\/pistonaddict.com\/wp-content\/uploads\/2023\/03\/Mercedes-SL-500-2.jpg\",\"datePublished\":\"2023-03-17T09:50:32+00:00\",\"dateModified\":\"2023-03-17T09:57:02+00:00\",\"description\":\"Minden, amit a Mercedes SL 500-r\u00f3l tudni kell. N\u00e9zze meg a Mercedes SL 500 \u00f6sszes aut\u00f3\u00e1rver\u00e9s\u00e9t a PistonAddict.com oldalon.\",\"breadcrumb\":{\"@id\":\"https:\/\/pistonaddict.com\/hu\/mercedes-sl-500-arveresre-elado\/#breadcrumb\"},\"inLanguage\":\"hu\",\"potentialAction\":[{\"@type\":\"ReadAction\",\"target\":[\"https:\/\/pistonaddict.com\/hu\/mercedes-sl-500-arveresre-elado\/\"]}]},{\"@type\":\"ImageObject\",\"inLanguage\":\"hu\",\"@id\":\"https:\/\/pistonaddict.com\/hu\/mercedes-sl-500-arveresre-elado\/#primaryimage\",\"url\":\"https:\/\/pistonaddict.com\/wp-content\/uploads\/2023\/03\/Mercedes-SL-500-2.jpg\",\"contentUrl\":\"https:\/\/pistonaddict.com\/wp-content\/uploads\/2023\/03\/Mercedes-SL-500-2.jpg\",\"width\":1600,\"height\":1200},{\"@type\":\"BreadcrumbList\",\"@id\":\"https:\/\/pistonaddict.com\/hu\/mercedes-sl-500-arveresre-elado\/#breadcrumb\",\"itemListElement\":[{\"@type\":\"ListItem\",\"position\":1,\"name\":\"Kezd\u0151lap\",\"item\":\"https:\/\/pistonaddict.com\/hu\/honlap\/\"},{\"@type\":\"ListItem\",\"position\":2,\"name\":\"Mercedes SL 500 \u00e1rver\u00e9sre elad\u00f3\"}]},{\"@type\":\"WebSite\",\"@id\":\"https:\/\/pistonaddict.com\/hu\/#website\",\"url\":\"https:\/\/pistonaddict.com\/hu\/\",\"name\":\"Piston Addict\",\"description\":\"Only interesting vehicles\",\"publisher\":{\"@id\":\"https:\/\/pistonaddict.com\/hu\/#organization\"},\"potentialAction\":[{\"@type\":\"SearchAction\",\"target\":{\"@type\":\"EntryPoint\",\"urlTemplate\":\"https:\/\/pistonaddict.com\/hu\/?s={search_term_string}\"},\"query-input\":\"required name=search_term_string\"}],\"inLanguage\":\"hu\"},{\"@type\":\"Organization\",\"@id\":\"https:\/\/pistonaddict.com\/hu\/#organization\",\"name\":\"Piston Addict\",\"url\":\"https:\/\/pistonaddict.com\/hu\/\",\"logo\":{\"@type\":\"ImageObject\",\"inLanguage\":\"hu\",\"@id\":\"https:\/\/pistonaddict.com\/hu\/#\/schema\/logo\/image\/\",\"url\":\"https:\/\/pistonaddict.com\/wp-content\/uploads\/2022\/07\/logo-6.png\",\"contentUrl\":\"https:\/\/pistonaddict.com\/wp-content\/uploads\/2022\/07\/logo-6.png\",\"width\":970,\"height\":200,\"caption\":\"Piston Addict\"},\"image\":{\"@id\":\"https:\/\/pistonaddict.com\/hu\/#\/schema\/logo\/image\/\"}},{\"@type\":\"Person\",\"@id\":\"https:\/\/pistonaddict.com\/hu\/#\/schema\/person\/b654bd8ec8744297879f6f28628ad974\",\"name\":\"kubiweb\",\"url\":\"https:\/\/pistonaddict.com\/hu\/author\/kubiweb\/\"}]}<\/script>\n<!-- \/ Yoast SEO plugin. -->","yoast_head_json":{"title":"Mercedes SL 500 \u00e1rver\u00e9sre elad\u00f3 - Piston Addict","description":"Minden, amit a Mercedes SL 500-r\u00f3l tudni kell. N\u00e9zze meg a Mercedes SL 500 \u00f6sszes aut\u00f3\u00e1rver\u00e9s\u00e9t a PistonAddict.com oldalon.","robots":{"index":"index","follow":"follow","max-snippet":"max-snippet:-1","max-image-preview":"max-image-preview:large","max-video-preview":"max-video-preview:-1"},"canonical":"https:\/\/pistonaddict.com\/hu\/mercedes-sl-500-arveresre-elado\/","og_locale":"hu_HU","og_type":"article","og_title":"Mercedes SL 500 \u00e1rver\u00e9sre elad\u00f3 - Piston Addict","og_description":"Minden, amit a Mercedes SL 500-r\u00f3l tudni kell. N\u00e9zze meg a Mercedes SL 500 \u00f6sszes aut\u00f3\u00e1rver\u00e9s\u00e9t a PistonAddict.com oldalon.","og_url":"https:\/\/pistonaddict.com\/hu\/mercedes-sl-500-arveresre-elado\/","og_site_name":"Piston Addict","article_published_time":"2023-03-17T09:50:32+00:00","article_modified_time":"2023-03-17T09:57:02+00:00","og_image":[{"width":1600,"height":1200,"url":"https:\/\/pistonaddict.com\/wp-content\/uploads\/2023\/03\/Mercedes-SL-500-2.jpg","type":"image\/jpeg"}],"author":"kubiweb","twitter_card":"summary_large_image","twitter_misc":{"Szerz\u0151:":"kubiweb","Becs\u00fclt olvas\u00e1si id\u0151":"9 perc"},"schema":{"@context":"https:\/\/schema.org","@graph":[{"@type":"Article","@id":"https:\/\/pistonaddict.com\/hu\/mercedes-sl-500-arveresre-elado\/#article","isPartOf":{"@id":"https:\/\/pistonaddict.com\/hu\/mercedes-sl-500-arveresre-elado\/"},"author":{"name":"kubiweb","@id":"https:\/\/pistonaddict.com\/hu\/#\/schema\/person\/b654bd8ec8744297879f6f28628ad974"},"headline":"Mercedes SL 500 \u00e1rver\u00e9sre elad\u00f3","datePublished":"2023-03-17T09:50:32+00:00","dateModified":"2023-03-17T09:57:02+00:00","mainEntityOfPage":{"@id":"https:\/\/pistonaddict.com\/hu\/mercedes-sl-500-arveresre-elado\/"},"wordCount":1773,"publisher":{"@id":"https:\/\/pistonaddict.com\/hu\/#organization"},"image":{"@id":"https:\/\/pistonaddict.com\/hu\/mercedes-sl-500-arveresre-elado\/#primaryimage"},"thumbnailUrl":"https:\/\/pistonaddict.com\/wp-content\/uploads\/2023\/03\/Mercedes-SL-500-2.jpg","articleSection":["Uncategorized @hu"],"inLanguage":"hu"},{"@type":"WebPage","@id":"https:\/\/pistonaddict.com\/hu\/mercedes-sl-500-arveresre-elado\/","url":"https:\/\/pistonaddict.com\/hu\/mercedes-sl-500-arveresre-elado\/","name":"Mercedes SL 500 \u00e1rver\u00e9sre elad\u00f3 - Piston Addict","isPartOf":{"@id":"https:\/\/pistonaddict.com\/hu\/#website"},"primaryImageOfPage":{"@id":"https:\/\/pistonaddict.com\/hu\/mercedes-sl-500-arveresre-elado\/#primaryimage"},"image":{"@id":"https:\/\/pistonaddict.com\/hu\/mercedes-sl-500-arveresre-elado\/#primaryimage"},"thumbnailUrl":"https:\/\/pistonaddict.com\/wp-content\/uploads\/2023\/03\/Mercedes-SL-500-2.jpg","datePublished":"2023-03-17T09:50:32+00:00","dateModified":"2023-03-17T09:57:02+00:00","description":"Minden, amit a Mercedes SL 500-r\u00f3l tudni kell. N\u00e9zze meg a Mercedes SL 500 \u00f6sszes aut\u00f3\u00e1rver\u00e9s\u00e9t a PistonAddict.com oldalon.","breadcrumb":{"@id":"https:\/\/pistonaddict.com\/hu\/mercedes-sl-500-arveresre-elado\/#breadcrumb"},"inLanguage":"hu","potentialAction":[{"@type":"ReadAction","target":["https:\/\/pistonaddict.com\/hu\/mercedes-sl-500-arveresre-elado\/"]}]},{"@type":"ImageObject","inLanguage":"hu","@id":"https:\/\/pistonaddict.com\/hu\/mercedes-sl-500-arveresre-elado\/#primaryimage","url":"https:\/\/pistonaddict.com\/wp-content\/uploads\/2023\/03\/Mercedes-SL-500-2.jpg","contentUrl":"https:\/\/pistonaddict.com\/wp-content\/uploads\/2023\/03\/Mercedes-SL-500-2.jpg","width":1600,"height":1200},{"@type":"BreadcrumbList","@id":"https:\/\/pistonaddict.com\/hu\/mercedes-sl-500-arveresre-elado\/#breadcrumb","itemListElement":[{"@type":"ListItem","position":1,"name":"Kezd\u0151lap","item":"https:\/\/pistonaddict.com\/hu\/honlap\/"},{"@type":"ListItem","position":2,"name":"Mercedes SL 500 \u00e1rver\u00e9sre elad\u00f3"}]},{"@type":"WebSite","@id":"https:\/\/pistonaddict.com\/hu\/#website","url":"https:\/\/pistonaddict.com\/hu\/","name":"Piston Addict","description":"Only interesting vehicles","publisher":{"@id":"https:\/\/pistonaddict.com\/hu\/#organization"},"potentialAction":[{"@type":"SearchAction","target":{"@type":"EntryPoint","urlTemplate":"https:\/\/pistonaddict.com\/hu\/?s={search_term_string}"},"query-input":"required name=search_term_string"}],"inLanguage":"hu"},{"@type":"Organization","@id":"https:\/\/pistonaddict.com\/hu\/#organization","name":"Piston Addict","url":"https:\/\/pistonaddict.com\/hu\/","logo":{"@type":"ImageObject","inLanguage":"hu","@id":"https:\/\/pistonaddict.com\/hu\/#\/schema\/logo\/image\/","url":"https:\/\/pistonaddict.com\/wp-content\/uploads\/2022\/07\/logo-6.png","contentUrl":"https:\/\/pistonaddict.com\/wp-content\/uploads\/2022\/07\/logo-6.png","width":970,"height":200,"caption":"Piston Addict"},"image":{"@id":"https:\/\/pistonaddict.com\/hu\/#\/schema\/logo\/image\/"}},{"@type":"Person","@id":"https:\/\/pistonaddict.com\/hu\/#\/schema\/person\/b654bd8ec8744297879f6f28628ad974","name":"kubiweb","url":"https:\/\/pistonaddict.com\/hu\/author\/kubiweb\/"}]}},"_links":{"self":[{"href":"https:\/\/pistonaddict.com\/hu\/wp-json\/wp\/v2\/posts\/31299"}],"collection":[{"href":"https:\/\/pistonaddict.com\/hu\/wp-json\/wp\/v2\/posts"}],"about":[{"href":"https:\/\/pistonaddict.com\/hu\/wp-json\/wp\/v2\/types\/post"}],"author":[{"embeddable":true,"href":"https:\/\/pistonaddict.com\/hu\/wp-json\/wp\/v2\/users\/19"}],"replies":[{"embeddable":true,"href":"https:\/\/pistonaddict.com\/hu\/wp-json\/wp\/v2\/comments?post=31299"}],"version-history":[{"count":1,"href":"https:\/\/pistonaddict.com\/hu\/wp-json\/wp\/v2\/posts\/31299\/revisions"}],"predecessor-version":[{"id":31304,"href":"https:\/\/pistonaddict.com\/hu\/wp-json\/wp\/v2\/posts\/31299\/revisions\/31304"}],"wp:featuredmedia":[{"embeddable":true,"href":"https:\/\/pistonaddict.com\/hu\/wp-json\/wp\/v2\/media\/31237"}],"wp:attachment":[{"href":"https:\/\/pistonaddict.com\/hu\/wp-json\/wp\/v2\/media?parent=31299"}],"wp:term":[{"taxonomy":"category","embeddable":true,"href":"https:\/\/pistonaddict.com\/hu\/wp-json\/wp\/v2\/categories?post=31299"},{"taxonomy":"post_tag","embeddable":true,"href":"https:\/\/pistonaddict.com\/hu\/wp-json\/wp\/v2\/tags?post=31299"}],"curies":[{"name":"wp","href":"https:\/\/api.w.org\/{rel}","templated":true}]}}