{"id":30589,"date":"2023-03-08T22:22:05","date_gmt":"2023-03-08T21:22:05","guid":{"rendered":"https:\/\/pistonaddict.com\/porsche-912-es-arveresre-elado\/"},"modified":"2023-03-08T22:34:09","modified_gmt":"2023-03-08T21:34:09","slug":"porsche-912-es-arveresre-elado","status":"publish","type":"post","link":"https:\/\/pistonaddict.com\/hu\/porsche-912-es-arveresre-elado\/","title":{"rendered":"Porsche 912-es \u00e1rver\u00e9sre elad\u00f3"},"content":{"rendered":"\t\t<div data-elementor-type=\"wp-post\" data-elementor-id=\"30589\" class=\"elementor elementor-30589 elementor-30378\">\n\t\t\t\t\t\t<section class=\"elementor-section elementor-top-section elementor-element elementor-element-7b07928 elementor-section-boxed elementor-section-height-default elementor-section-height-default\" data-id=\"7b07928\" data-element_type=\"section\">\n\t\t\t\t\t\t<div class=\"elementor-container elementor-column-gap-default\">\n\t\t\t\t\t<div class=\"elementor-column elementor-col-100 elementor-top-column elementor-element elementor-element-1e97cad\" data-id=\"1e97cad\" data-element_type=\"column\">\n\t\t\t<div class=\"elementor-widget-wrap elementor-element-populated\">\n\t\t\t\t\t\t<div class=\"elementor-element elementor-element-fee48eb elementor-widget elementor-widget-text-editor\" data-id=\"fee48eb\" data-element_type=\"widget\" data-widget_type=\"text-editor.default\">\n\t\t\t\t<div class=\"elementor-widget-container\">\n\t\t\t<style>\/*! elementor - v3.21.0 - 18-04-2024 *\/\n.elementor-widget-text-editor.elementor-drop-cap-view-stacked .elementor-drop-cap{background-color:#69727d;color:#fff}.elementor-widget-text-editor.elementor-drop-cap-view-framed .elementor-drop-cap{color:#69727d;border:3px solid;background-color:transparent}.elementor-widget-text-editor:not(.elementor-drop-cap-view-default) .elementor-drop-cap{margin-top:8px}.elementor-widget-text-editor:not(.elementor-drop-cap-view-default) .elementor-drop-cap-letter{width:1em;height:1em}.elementor-widget-text-editor .elementor-drop-cap{float:left;text-align:center;line-height:1;font-size:50px}.elementor-widget-text-editor .elementor-drop-cap-letter{display:inline-block}<\/style>\t\t\t\t<p>B\u00e1r ma a Porsche 911 a sportkocsik vil\u00e1g\u00e1nak v\u00e9gs\u0151 sikert\u00f6rt\u00e9net\u00e9t jelenti, ez nem volt mindig \u00edgy.<strong>  A 60-as \u00e9vek elej\u00e9n, amikor ez a legend\u00e1s modell bemutatkozott, a 911-es elad\u00e1sai \u00e9s kezdeti fogadtat\u00e1sa nem \u00e9ppen \u00fagy alakult, ahogy azt a v\u00e1llalat rem\u00e9lte.<\/strong>  A Porsche azonban okos gondolkod\u00e1ssal \u00e9s m\u00e9rn\u00f6ki munk\u00e1val bebizony\u00edtotta, hogy n\u00e9ha &#8220;a kevesebb t\u00f6bb&#8221;, \u00e9s a 912-es modellel megmentette a 911-est. \u00cdme egy t\u00f6rt\u00e9net egy elfeledett Porsch\u00e9r\u00f3l, amely nagyobb elismer\u00e9st \u00e9rdemelt volna, \u00e9s arr\u00f3l, hogy az aut\u00f3 m\u00f6g\u00f6tti \u00f6tlet mi\u00e9rt aktu\u00e1lis m\u00e9g mindig.<\/p>\n<p>A Porsche 911-es 1963-as bevezet\u00e9se rengeteg munk\u00e1t ig\u00e9nyelt. Az ikonikus Porsche 356 nagyobb, nagyobb teljes\u00edtm\u00e9ny\u0171 \u00e9s er\u0151sebb ut\u00f3dj\u00e1nak sz\u00e1nt 911-est alaposan \u00e1ttervezt\u00e9k a modern id\u0151kre.  <strong>Az eredm\u00e9ny hat\u00e1rozottan leny\u0171g\u00f6z\u0151 volt, \u00e9s az \u00faj aut\u00f3 \u00f3ri\u00e1si el\u0151rel\u00e9p\u00e9s volt egy kis gy\u00e1r sz\u00e1m\u00e1ra, amilyen a Porsche volt abban az id\u0151szakban.<\/strong>  Ennek azonban \u00e1ra volt. Ez a sok tervez\u00e9si \u00e9s m\u00e9rn\u00f6ki munka, valamint a vadonat\u00faj hathengeres boxermotor, amely nagy l\u00e9p\u00e9s volt a 356-osban haszn\u00e1lt n\u00e9gyhengeres egys\u00e9gekhez k\u00e9pest, jelent\u0151sen megemelte a k\u00e9sz term\u00e9k \u00e1r\u00e1t.<\/p>\n\t\t\t\t\t\t<\/div>\n\t\t\t\t<\/div>\n\t\t\t\t\t<\/div>\n\t\t<\/div>\n\t\t\t\t\t<\/div>\n\t\t<\/section>\n\t\t\t\t<section class=\"elementor-section elementor-top-section elementor-element elementor-element-4dee75c elementor-section-boxed elementor-section-height-default elementor-section-height-default\" data-id=\"4dee75c\" data-element_type=\"section\">\n\t\t\t\t\t\t<div class=\"elementor-container elementor-column-gap-default\">\n\t\t\t\t\t<div class=\"elementor-column elementor-col-100 elementor-top-column elementor-element elementor-element-523bc03\" data-id=\"523bc03\" data-element_type=\"column\">\n\t\t\t<div class=\"elementor-widget-wrap elementor-element-populated\">\n\t\t\t\t\t\t<div class=\"elementor-element elementor-element-335732c elementor-widget elementor-widget-image\" data-id=\"335732c\" data-element_type=\"widget\" data-widget_type=\"image.default\">\n\t\t\t\t<div class=\"elementor-widget-container\">\n\t\t\t<style>\/*! elementor - v3.21.0 - 18-04-2024 *\/\n.elementor-widget-image{text-align:center}.elementor-widget-image a{display:inline-block}.elementor-widget-image a img[src$=\".svg\"]{width:48px}.elementor-widget-image img{vertical-align:middle;display:inline-block}<\/style>\t\t\t\t\t\t\t\t\t\t<img fetchpriority=\"high\" decoding=\"async\" width=\"800\" height=\"800\" src=\"https:\/\/pistonaddict.com\/wp-content\/uploads\/2023\/03\/Porsche-912-1.jpg\" class=\"attachment-large size-large wp-image-30401\" alt=\"\" srcset=\"https:\/\/pistonaddict.com\/wp-content\/uploads\/2023\/03\/Porsche-912-1.jpg 800w, https:\/\/pistonaddict.com\/wp-content\/uploads\/2023\/03\/Porsche-912-1-100x100.jpg 100w, https:\/\/pistonaddict.com\/wp-content\/uploads\/2023\/03\/Porsche-912-1-600x600.jpg 600w, https:\/\/pistonaddict.com\/wp-content\/uploads\/2023\/03\/Porsche-912-1-300x300.jpg 300w, https:\/\/pistonaddict.com\/wp-content\/uploads\/2023\/03\/Porsche-912-1-150x150.jpg 150w, https:\/\/pistonaddict.com\/wp-content\/uploads\/2023\/03\/Porsche-912-1-768x768.jpg 768w\" sizes=\"(max-width: 800px) 100vw, 800px\" \/>\t\t\t\t\t\t\t\t\t\t\t\t\t<\/div>\n\t\t\t\t<\/div>\n\t\t\t\t\t<\/div>\n\t\t<\/div>\n\t\t\t\t\t<\/div>\n\t\t<\/section>\n\t\t\t\t<section class=\"elementor-section elementor-top-section elementor-element elementor-element-08a2d6f elementor-section-boxed elementor-section-height-default elementor-section-height-default\" data-id=\"08a2d6f\" data-element_type=\"section\">\n\t\t\t\t\t\t<div class=\"elementor-container elementor-column-gap-default\">\n\t\t\t\t\t<div class=\"elementor-column elementor-col-100 elementor-top-column elementor-element elementor-element-aaf6320\" data-id=\"aaf6320\" data-element_type=\"column\">\n\t\t\t<div class=\"elementor-widget-wrap elementor-element-populated\">\n\t\t\t\t\t\t<div class=\"elementor-element elementor-element-d1527ce elementor-widget elementor-widget-text-editor\" data-id=\"d1527ce\" data-element_type=\"widget\" data-widget_type=\"text-editor.default\">\n\t\t\t\t<div class=\"elementor-widget-container\">\n\t\t\t\t\t\t\t<p>Amikor 1964-ben megkezd\u0151d\u00f6tt az \u00faj 911-es gy\u00e1rt\u00e1sa, a Porsche nagyon agg\u00f3dott, mivel a megrendel\u00e9sek nem a k\u00edv\u00e1nt mennyis\u00e9gben \u00e9rkeztek. Ha megn\u00e9zz\u00fck az \u00e1rk\u00e9pz\u00e9st, k\u00f6nnyen bel\u00e1that\u00f3, hogy mi\u00e9rt. <strong>A vadonat\u00faj 911-es k\u00f6r\u00fclbel\u00fcl 6500 doll\u00e1rba ker\u00fclt, ami nem kis \u00e1r volt, k\u00fcl\u00f6n\u00f6sen akkor, amikor a legk\u00f6zelebbi riv\u00e1lisai (Chevrolet Corvette \u00e9s Jaguar E-Type) er\u0151sebbek \u00e9s gyorsabbak voltak, \u00e9s j\u00f3val kevesebb p\u00e9nz\u00e9rt is \u00e1rult\u00e1k<\/strong> \u0151ket. Nem seg\u00edtett, hogy a korai 911-eseket kritiz\u00e1lt\u00e1k a hat\u00e1ron val\u00f3 probl\u00e9m\u00e1s kezelhet\u0151s\u00e9g, az \u00faj motor miatt bonyolult karbantart\u00e1s, a rozsd\u00e1val kapcsolatos probl\u00e9m\u00e1k, \u00e9s hogy az opcion\u00e1lis felszerel\u00e9sek n\u00e9mileg korl\u00e1tozottak voltak. Az \u00e1rcs\u00f6kkent\u00e9s \u00e9s az aut\u00f3k vesztes\u00e9ges elad\u00e1sa sz\u00f3ba sem j\u00f6hetett, \u00e9s p\u00e9nz\u00fcgyi \u00f6ngyilkoss\u00e1gnak sz\u00e1m\u00edtott, ez\u00e9rt Ferry Porsche el\u0151\u00e1llt a zseni\u00e1lis \u00f6tlettel.<\/p>\n\t\t\t\t\t\t<\/div>\n\t\t\t\t<\/div>\n\t\t\t\t\t<\/div>\n\t\t<\/div>\n\t\t\t\t\t<\/div>\n\t\t<\/section>\n\t\t\t\t<section class=\"elementor-section elementor-top-section elementor-element elementor-element-ebcb514 elementor-section-boxed elementor-section-height-default elementor-section-height-default\" data-id=\"ebcb514\" data-element_type=\"section\">\n\t\t\t\t\t\t<div class=\"elementor-container elementor-column-gap-default\">\n\t\t\t\t\t<div class=\"elementor-column elementor-col-100 elementor-top-column elementor-element elementor-element-aed2d23\" data-id=\"aed2d23\" data-element_type=\"column\">\n\t\t\t<div class=\"elementor-widget-wrap elementor-element-populated\">\n\t\t\t\t\t\t<div class=\"elementor-element elementor-element-f41018e elementor-widget elementor-widget-image\" data-id=\"f41018e\" data-element_type=\"widget\" data-widget_type=\"image.default\">\n\t\t\t\t<div class=\"elementor-widget-container\">\n\t\t\t\t\t\t\t\t\t\t\t\t\t<img decoding=\"async\" width=\"1024\" height=\"684\" src=\"https:\/\/pistonaddict.com\/wp-content\/uploads\/2023\/03\/Porsche-912-3-1024x684.jpeg\" class=\"attachment-large size-large wp-image-30445\" alt=\"\" srcset=\"https:\/\/pistonaddict.com\/wp-content\/uploads\/2023\/03\/Porsche-912-3-1024x684.jpeg 1024w, https:\/\/pistonaddict.com\/wp-content\/uploads\/2023\/03\/Porsche-912-3-scaled-600x401.jpeg 600w, https:\/\/pistonaddict.com\/wp-content\/uploads\/2023\/03\/Porsche-912-3-300x200.jpeg 300w, https:\/\/pistonaddict.com\/wp-content\/uploads\/2023\/03\/Porsche-912-3-768x513.jpeg 768w, https:\/\/pistonaddict.com\/wp-content\/uploads\/2023\/03\/Porsche-912-3-1536x1025.jpeg 1536w, https:\/\/pistonaddict.com\/wp-content\/uploads\/2023\/03\/Porsche-912-3-2048x1367.jpeg 2048w\" sizes=\"(max-width: 1024px) 100vw, 1024px\" \/>\t\t\t\t\t\t\t\t\t\t\t\t\t<\/div>\n\t\t\t\t<\/div>\n\t\t\t\t\t<\/div>\n\t\t<\/div>\n\t\t\t\t\t<\/div>\n\t\t<\/section>\n\t\t\t\t<section class=\"elementor-section elementor-top-section elementor-element elementor-element-94d6374 elementor-section-boxed elementor-section-height-default elementor-section-height-default\" data-id=\"94d6374\" data-element_type=\"section\">\n\t\t\t\t\t\t<div class=\"elementor-container elementor-column-gap-default\">\n\t\t\t\t\t<div class=\"elementor-column elementor-col-100 elementor-top-column elementor-element elementor-element-cee2cd7\" data-id=\"cee2cd7\" data-element_type=\"column\">\n\t\t\t<div class=\"elementor-widget-wrap elementor-element-populated\">\n\t\t\t\t\t\t<div class=\"elementor-element elementor-element-7702185 elementor-widget elementor-widget-text-editor\" data-id=\"7702185\" data-element_type=\"widget\" data-widget_type=\"text-editor.default\">\n\t\t\t\t<div class=\"elementor-widget-container\">\n\t\t\t\t\t\t\t<p>M\u00e9g a 911-es megjelen\u00e9se el\u0151tt a v\u00e1llalat egy olcs\u00f3bb alternat\u00edva terveit fontolgatta, amely az \u00faj \u00e9s dr\u00e1ga hathengeres motor helyett a 356-osb\u00f3l sz\u00e1rmaz\u00f3 n\u00e9gyhengerest haszn\u00e1ln\u00e1.  <strong>Igen, az aut\u00f3 lassabb \u00e9s kev\u00e9sb\u00e9 agilis lenne, de l\u00e9nyegesen kevesebbe ker\u00fclne, \u00e9s k\u00f6nnyebb lenne karbantartani.<\/strong>  A koncepci\u00f3t felf\u00fcggesztett\u00e9k, am\u00edg a v\u00e1llalat a 911-es kiad\u00e1s\u00e1ra koncentr\u00e1lt. L\u00e1tva azonban, hogy az elad\u00e1sok nagyon lassan haladnak, Ferry Porsche s\u00fcrgette m\u00e9rn\u00f6keit, \u00e9s az \u00faj v\u00e1ltozatot gy\u00e1rt\u00e1sba vett\u00e9k. A Porsche 912-es k\u00edv\u00fclr\u0151l szinte megk\u00fcl\u00f6nb\u00f6ztethetetlen volt, ugyanazzal a formatervvel, r\u00e9szletekkel, d\u00edsz\u00edt\u00e9sekkel \u00e9s m\u00e9retekkel. A k\u00fcl\u00f6nbs\u00e9g azonban a hajt\u00e1sl\u00e1ncban volt, \u00e9s a 912-es a Porsche 356 SC-b\u0151l sz\u00e1rmaz\u00f3 1,6 literes, tol\u00f3rudas, lapos n\u00e9gyes motort haszn\u00e1lta. A 9,5:1 s\u0171r\u00edt\u00e9si ar\u00e1nnyal rendelkez\u0151 egys\u00e9g 90 l\u00f3er\u0151t teljes\u00edtett, \u00e9s n\u00e9gyfokozat\u00fa k\u00e9zi sebess\u00e9gv\u00e1lt\u00f3t haszn\u00e1lt.<\/p>\n\t\t\t\t\t\t<\/div>\n\t\t\t\t<\/div>\n\t\t\t\t\t<\/div>\n\t\t<\/div>\n\t\t\t\t\t<\/div>\n\t\t<\/section>\n\t\t\t\t<section class=\"elementor-section elementor-top-section elementor-element elementor-element-07dab0a elementor-section-boxed elementor-section-height-default elementor-section-height-default\" data-id=\"07dab0a\" data-element_type=\"section\">\n\t\t\t\t\t\t<div class=\"elementor-container elementor-column-gap-default\">\n\t\t\t\t\t<div class=\"elementor-column elementor-col-100 elementor-top-column elementor-element elementor-element-d27b740\" data-id=\"d27b740\" data-element_type=\"column\">\n\t\t\t<div class=\"elementor-widget-wrap elementor-element-populated\">\n\t\t\t\t\t\t<div class=\"elementor-element elementor-element-ef67d78 elementor-widget elementor-widget-image\" data-id=\"ef67d78\" data-element_type=\"widget\" data-widget_type=\"image.default\">\n\t\t\t\t<div class=\"elementor-widget-container\">\n\t\t\t\t\t\t\t\t\t\t\t\t\t<img decoding=\"async\" width=\"1024\" height=\"768\" src=\"https:\/\/pistonaddict.com\/wp-content\/uploads\/2023\/03\/Porsche-912-5-1024x768.jpg\" class=\"attachment-large size-large wp-image-30489\" alt=\"\" srcset=\"https:\/\/pistonaddict.com\/wp-content\/uploads\/2023\/03\/Porsche-912-5-1024x768.jpg 1024w, https:\/\/pistonaddict.com\/wp-content\/uploads\/2023\/03\/Porsche-912-5-520x390.jpg 520w, https:\/\/pistonaddict.com\/wp-content\/uploads\/2023\/03\/Porsche-912-5-600x450.jpg 600w, https:\/\/pistonaddict.com\/wp-content\/uploads\/2023\/03\/Porsche-912-5-300x225.jpg 300w, https:\/\/pistonaddict.com\/wp-content\/uploads\/2023\/03\/Porsche-912-5-768x576.jpg 768w, https:\/\/pistonaddict.com\/wp-content\/uploads\/2023\/03\/Porsche-912-5-1536x1152.jpg 1536w, https:\/\/pistonaddict.com\/wp-content\/uploads\/2023\/03\/Porsche-912-5.jpg 2048w\" sizes=\"(max-width: 1024px) 100vw, 1024px\" \/>\t\t\t\t\t\t\t\t\t\t\t\t\t<\/div>\n\t\t\t\t<\/div>\n\t\t\t\t\t<\/div>\n\t\t<\/div>\n\t\t\t\t\t<\/div>\n\t\t<\/section>\n\t\t\t\t<section class=\"elementor-section elementor-top-section elementor-element elementor-element-849c4f8 elementor-section-boxed elementor-section-height-default elementor-section-height-default\" data-id=\"849c4f8\" data-element_type=\"section\">\n\t\t\t\t\t\t<div class=\"elementor-container elementor-column-gap-default\">\n\t\t\t\t\t<div class=\"elementor-column elementor-col-100 elementor-top-column elementor-element elementor-element-103cf49\" data-id=\"103cf49\" data-element_type=\"column\">\n\t\t\t<div class=\"elementor-widget-wrap elementor-element-populated\">\n\t\t\t\t\t\t<div class=\"elementor-element elementor-element-5bbff79 elementor-widget elementor-widget-text-editor\" data-id=\"5bbff79\" data-element_type=\"widget\" data-widget_type=\"text-editor.default\">\n\t\t\t\t<div class=\"elementor-widget-container\">\n\t\t\t\t\t\t\t<p>Az \u00faj modellt k\u00f6r\u00fclbel\u00fcl egy \u00e9vvel a 911 ut\u00e1n, 1965-ben mutatt\u00e1k be, \u00e9s azonnal nagy \u00e9rdekl\u0151d\u00e9st v\u00e1ltott ki a leend\u0151 v\u00e1s\u00e1rl\u00f3k k\u00f6r\u00e9ben. Majdnem 2000 doll\u00e1rral kevesebb volt, mint a nagyobb motorral szerelt testv\u00e9r, de ugyan\u00fagy n\u00e9zett ki, \u00e9s ugyanolyan volt a vezet\u00e9si \u00e9lm\u00e9nye. A 90 l\u00f3er\u0151s motor nem volt a leger\u0151sebb az utakon, de a korszakhoz k\u00e9pest tisztess\u00e9ges teljes\u00edtm\u00e9nyt ny\u00fajtott a 912-esnek. A 0-r\u00f3l 100 km\/\u00f3r\u00e1s sebess\u00e9gre k\u00f6r\u00fclbel\u00fcl 14 m\u00e1sodperc kellett, a v\u00e9gsebess\u00e9g pedig 115 km\/\u00f3ra volt, ami egy bel\u00e9p\u0151 szint\u0171 sportaut\u00f3nak el\u00e9g.  <strong>Ennek a modellnek az el\u0151nyei azonban nem csak az alacsony \u00e1rban vagy a &#8220;911 light&#8221; v\u00e1ltozatban rejlettek.<\/strong>  A 912-es val\u00f3ban j\u00f3l fel\u00e9p\u00edtett volt, \u00e9s kiv\u00e1l\u00f3 vezet\u00e9si \u00e9rzetet \u00e9s \u00e9les korm\u00e1nyz\u00e1st biztos\u00edtott. Mivel kisebb motorral \u00e9s kevesebb luxusfelszerelts\u00e9ggel rendelkezett, k\u00f6nnyebb is volt, mint a norm\u00e1l 911-es, \u00e9s mind\u00f6ssze 980 kg-ot nyomott. A bev\u00e1lt \u00e9s egyszer\u0171bb motor azt jelentette, hogy a 912-es tart\u00f3sabb \u00e9s k\u00f6nnyebben karbantarthat\u00f3 volt, \u00e9s az eg\u00e9sz csomagnak volt m\u00e9g egy meglep\u0151 el\u0151nye: az \u00fczemanyag-fogyaszt\u00e1s. A kisebb t\u00f6meg, a kisebb henger\u0171rtartalom \u00e9s a k\u00e9t hengerrel kevesebb, a 912-es nagyon kev\u00e9s \u00fczemanyagot haszn\u00e1lt. M\u00e9g az olcs\u00f3 benzin idej\u00e9n is dics\u00e9rt\u00e9k az ilyesmit a tulajdonosok.<\/p>\n\t\t\t\t\t\t<\/div>\n\t\t\t\t<\/div>\n\t\t\t\t\t<\/div>\n\t\t<\/div>\n\t\t\t\t\t<\/div>\n\t\t<\/section>\n\t\t\t\t<section class=\"elementor-section elementor-top-section elementor-element elementor-element-b6313cf elementor-section-boxed elementor-section-height-default elementor-section-height-default\" data-id=\"b6313cf\" data-element_type=\"section\">\n\t\t\t\t\t\t<div class=\"elementor-container elementor-column-gap-default\">\n\t\t\t\t\t<div class=\"elementor-column elementor-col-100 elementor-top-column elementor-element elementor-element-30f7cc0\" data-id=\"30f7cc0\" data-element_type=\"column\">\n\t\t\t<div class=\"elementor-widget-wrap elementor-element-populated\">\n\t\t\t\t\t\t<div class=\"elementor-element elementor-element-b5675ae elementor-widget elementor-widget-image\" data-id=\"b5675ae\" data-element_type=\"widget\" data-widget_type=\"image.default\">\n\t\t\t\t<div class=\"elementor-widget-container\">\n\t\t\t\t\t\t\t\t\t\t\t\t\t<img loading=\"lazy\" decoding=\"async\" width=\"1024\" height=\"768\" src=\"https:\/\/pistonaddict.com\/wp-content\/uploads\/2023\/03\/Porsche-912-4-1024x768.jpg\" class=\"attachment-large size-large wp-image-30467\" alt=\"\" srcset=\"https:\/\/pistonaddict.com\/wp-content\/uploads\/2023\/03\/Porsche-912-4-1024x768.jpg 1024w, https:\/\/pistonaddict.com\/wp-content\/uploads\/2023\/03\/Porsche-912-4-520x390.jpg 520w, https:\/\/pistonaddict.com\/wp-content\/uploads\/2023\/03\/Porsche-912-4-600x450.jpg 600w, https:\/\/pistonaddict.com\/wp-content\/uploads\/2023\/03\/Porsche-912-4-300x225.jpg 300w, https:\/\/pistonaddict.com\/wp-content\/uploads\/2023\/03\/Porsche-912-4-768x576.jpg 768w, https:\/\/pistonaddict.com\/wp-content\/uploads\/2023\/03\/Porsche-912-4-1536x1152.jpg 1536w, https:\/\/pistonaddict.com\/wp-content\/uploads\/2023\/03\/Porsche-912-4.jpg 2048w\" sizes=\"(max-width: 1024px) 100vw, 1024px\" \/>\t\t\t\t\t\t\t\t\t\t\t\t\t<\/div>\n\t\t\t\t<\/div>\n\t\t\t\t\t<\/div>\n\t\t<\/div>\n\t\t\t\t\t<\/div>\n\t\t<\/section>\n\t\t\t\t<section class=\"elementor-section elementor-top-section elementor-element elementor-element-91edf9b elementor-section-boxed elementor-section-height-default elementor-section-height-default\" data-id=\"91edf9b\" data-element_type=\"section\">\n\t\t\t\t\t\t<div class=\"elementor-container elementor-column-gap-default\">\n\t\t\t\t\t<div class=\"elementor-column elementor-col-100 elementor-top-column elementor-element elementor-element-859f21e\" data-id=\"859f21e\" data-element_type=\"column\">\n\t\t\t<div class=\"elementor-widget-wrap elementor-element-populated\">\n\t\t\t\t\t\t<div class=\"elementor-element elementor-element-d648e98 elementor-widget elementor-widget-text-editor\" data-id=\"d648e98\" data-element_type=\"widget\" data-widget_type=\"text-editor.default\">\n\t\t\t\t<div class=\"elementor-widget-container\">\n\t\t\t\t\t\t\t<p>Az \u00faj 912-es sikeresnek bizonyult, \u00e9s m\u00e9g a 911-es elad\u00e1sait is seg\u00edtette. A 4800 doll\u00e1r k\u00f6r\u00fcli MSRP-vel a sz\u00e9lesebb k\u00f6z\u00f6ns\u00e9g sz\u00e1m\u00e1ra el\u00e9rhet\u0151v\u00e9 v\u00e1lt, \u00e9s az 1965 \u00e9s 1969 k\u00f6z\u00f6tti gy\u00e1rt\u00e1si id\u0151szak alatt a Porsche k\u00f6r\u00fclbel\u00fcl 30 000 aut\u00f3t gy\u00e1rtott, ami megmentette a v\u00e1llalat 911-es modellj\u00e9t, \u00e9s seg\u00edtett neki n\u00f6vekedni \u00e9s finansz\u00edrozni a kiemelked\u0151 motorsport er\u0151fesz\u00edt\u00e9seket, bele\u00e9rtve az 1970-es Le Mans gy\u0151zelmet. \u00c9rdekes m\u00f3don a gy\u00e1rtott 912-esek majdnem fel\u00e9t az Egyes\u00fclt \u00c1llamokban adt\u00e1k el, ahol k\u00fcl\u00f6n\u00f6sen kedvelt\u00e9k ezt a modellt. <strong>1966-ban a Porsche bemutatta a 912 Targa modellt, amely jellegzetes buk\u00f3kerettel \u00e9s &#8220;f\u00e9lig kabri\u00f3&#8221; karossz\u00e9ri\u00e1val rendelkezett<\/strong>. A k\u00f6lts\u00e9gcs\u00f6kkent\u00e9s \u00e9rdek\u00e9ben azonban ez a modell is leh\u00fazhat\u00f3 h\u00e1ts\u00f3 ablakkal rendelkezett a 911-es modell fix \u00fcvegablaka helyett. Ny\u00edltabb \u00e9rzetet keltett, \u00e9s olcs\u00f3bb volt az el\u0151\u00e1ll\u00edt\u00e1sa. 1969-ben a Porsche \u00fagy v\u00e9lte, hogy a 912-esre m\u00e1r nincs sz\u00fcks\u00e9g a 911-es modell t\u00e1mogat\u00e1s\u00e1hoz, ez\u00e9rt megsz\u00fcntette a modellt, \u00e9s a 911-es modellcsal\u00e1d fejleszt\u00e9s\u00e9re koncentr\u00e1lt.<\/p>\n\t\t\t\t\t\t<\/div>\n\t\t\t\t<\/div>\n\t\t\t\t\t<\/div>\n\t\t<\/div>\n\t\t\t\t\t<\/div>\n\t\t<\/section>\n\t\t\t\t<section class=\"elementor-section elementor-top-section elementor-element elementor-element-4306213 elementor-section-boxed elementor-section-height-default elementor-section-height-default\" data-id=\"4306213\" data-element_type=\"section\">\n\t\t\t\t\t\t<div class=\"elementor-container elementor-column-gap-default\">\n\t\t\t\t\t<div class=\"elementor-column elementor-col-100 elementor-top-column elementor-element elementor-element-edc4bc6\" data-id=\"edc4bc6\" data-element_type=\"column\">\n\t\t\t<div class=\"elementor-widget-wrap elementor-element-populated\">\n\t\t\t\t\t\t<div class=\"elementor-element elementor-element-3932a83 elementor-widget elementor-widget-image\" data-id=\"3932a83\" data-element_type=\"widget\" data-widget_type=\"image.default\">\n\t\t\t\t<div class=\"elementor-widget-container\">\n\t\t\t\t\t\t\t\t\t\t\t\t\t<img loading=\"lazy\" decoding=\"async\" width=\"1024\" height=\"768\" src=\"https:\/\/pistonaddict.com\/wp-content\/uploads\/2023\/03\/Porsche-912-8.jpeg\" class=\"attachment-large size-large wp-image-30379\" alt=\"\" srcset=\"https:\/\/pistonaddict.com\/wp-content\/uploads\/2023\/03\/Porsche-912-8.jpeg 1024w, https:\/\/pistonaddict.com\/wp-content\/uploads\/2023\/03\/Porsche-912-8-520x390.jpeg 520w, https:\/\/pistonaddict.com\/wp-content\/uploads\/2023\/03\/Porsche-912-8-600x450.jpeg 600w, https:\/\/pistonaddict.com\/wp-content\/uploads\/2023\/03\/Porsche-912-8-300x225.jpeg 300w, https:\/\/pistonaddict.com\/wp-content\/uploads\/2023\/03\/Porsche-912-8-768x576.jpeg 768w\" sizes=\"(max-width: 1024px) 100vw, 1024px\" \/>\t\t\t\t\t\t\t\t\t\t\t\t\t<\/div>\n\t\t\t\t<\/div>\n\t\t\t\t\t<\/div>\n\t\t<\/div>\n\t\t\t\t\t<\/div>\n\t\t<\/section>\n\t\t\t\t<section class=\"elementor-section elementor-top-section elementor-element elementor-element-35c5d04 elementor-section-boxed elementor-section-height-default elementor-section-height-default\" data-id=\"35c5d04\" data-element_type=\"section\">\n\t\t\t\t\t\t<div class=\"elementor-container elementor-column-gap-default\">\n\t\t\t\t\t<div class=\"elementor-column elementor-col-100 elementor-top-column elementor-element elementor-element-4e4e2f2\" data-id=\"4e4e2f2\" data-element_type=\"column\">\n\t\t\t<div class=\"elementor-widget-wrap elementor-element-populated\">\n\t\t\t\t\t\t<div class=\"elementor-element elementor-element-844bfff elementor-widget elementor-widget-text-editor\" data-id=\"844bfff\" data-element_type=\"widget\" data-widget_type=\"text-editor.default\">\n\t\t\t\t<div class=\"elementor-widget-container\">\n\t\t\t\t\t\t\t<p>Ez azonban nem jelentette a 912-es v\u00e9g\u00e9t, mivel 1976-ban egy egy\u00e9ves modellk\u00e9nt felt\u00e1madt, \u00e9s csak az amerikai piacra sz\u00e1nt\u00e1k. A Porsche 912 E nev\u0171 bel\u00e9p\u0151modell a Porsche\/VW 914-es megsz\u0171n\u00e9se \u00e9s az \u00faj, orrmotoros 924-es modellek k\u00f6z\u00f6tti \u0171rt hivatott bet\u00f6lteni. Ez egy 2,0 literes, benzinbefecskendez\u00e9ses, n\u00e9gyhengeres motor volt, 90 l\u00f3er\u0151vel. A <strong>gyorsul\u00e1si adatai valamivel jobbak voltak, mint az eredeti 912-es\u00e9, de a v\u00e9gsebess\u00e9ge nem v\u00e1lt<\/strong>ozott. A takar\u00e9koss\u00e1g jegy\u00e9ben a 912 E-t lecsupasz\u00edtott\u00e1k, \u00e9s a m\u0171szerfalon is csak k\u00e9t m\u0171szer volt a szok\u00e1sos \u00f6t helyett. A korszer\u0171bb motorral \u00e9s \u00f6tfokozat\u00fa sebess\u00e9gv\u00e1lt\u00f3val azonban ugyanolyan takar\u00e9kos \u00e9s hat\u00e9kony volt, mint az eredeti modell.<\/p>\n\t\t\t\t\t\t<\/div>\n\t\t\t\t<\/div>\n\t\t\t\t\t<\/div>\n\t\t<\/div>\n\t\t\t\t\t<\/div>\n\t\t<\/section>\n\t\t\t\t<section class=\"elementor-section elementor-top-section elementor-element elementor-element-8ec4855 elementor-section-boxed elementor-section-height-default elementor-section-height-default\" data-id=\"8ec4855\" data-element_type=\"section\">\n\t\t\t\t\t\t<div class=\"elementor-container elementor-column-gap-default\">\n\t\t\t\t\t<div class=\"elementor-column elementor-col-100 elementor-top-column elementor-element elementor-element-f151661\" data-id=\"f151661\" data-element_type=\"column\">\n\t\t\t<div class=\"elementor-widget-wrap elementor-element-populated\">\n\t\t\t\t\t\t<div class=\"elementor-element elementor-element-06182e1 elementor-widget elementor-widget-image\" data-id=\"06182e1\" data-element_type=\"widget\" data-widget_type=\"image.default\">\n\t\t\t\t<div class=\"elementor-widget-container\">\n\t\t\t\t\t\t\t\t\t\t\t\t\t<img loading=\"lazy\" decoding=\"async\" width=\"880\" height=\"659\" src=\"https:\/\/pistonaddict.com\/wp-content\/uploads\/2023\/03\/Porsche-912-7.jpg\" class=\"attachment-large size-large wp-image-30533\" alt=\"\" srcset=\"https:\/\/pistonaddict.com\/wp-content\/uploads\/2023\/03\/Porsche-912-7.jpg 880w, https:\/\/pistonaddict.com\/wp-content\/uploads\/2023\/03\/Porsche-912-7-520x390.jpg 520w, https:\/\/pistonaddict.com\/wp-content\/uploads\/2023\/03\/Porsche-912-7-600x449.jpg 600w, https:\/\/pistonaddict.com\/wp-content\/uploads\/2023\/03\/Porsche-912-7-300x225.jpg 300w, https:\/\/pistonaddict.com\/wp-content\/uploads\/2023\/03\/Porsche-912-7-768x575.jpg 768w\" sizes=\"(max-width: 880px) 100vw, 880px\" \/>\t\t\t\t\t\t\t\t\t\t\t\t\t<\/div>\n\t\t\t\t<\/div>\n\t\t\t\t\t<\/div>\n\t\t<\/div>\n\t\t\t\t\t<\/div>\n\t\t<\/section>\n\t\t\t\t<section class=\"elementor-section elementor-top-section elementor-element elementor-element-26dff88 elementor-section-boxed elementor-section-height-default elementor-section-height-default\" data-id=\"26dff88\" data-element_type=\"section\">\n\t\t\t\t\t\t<div class=\"elementor-container elementor-column-gap-default\">\n\t\t\t\t\t<div class=\"elementor-column elementor-col-100 elementor-top-column elementor-element elementor-element-5647530\" data-id=\"5647530\" data-element_type=\"column\">\n\t\t\t<div class=\"elementor-widget-wrap elementor-element-populated\">\n\t\t\t\t\t\t<div class=\"elementor-element elementor-element-74c3060 elementor-widget elementor-widget-text-editor\" data-id=\"74c3060\" data-element_type=\"widget\" data-widget_type=\"text-editor.default\">\n\t\t\t\t<div class=\"elementor-widget-container\">\n\t\t\t\t\t\t\t<p>Ma a 912-es a Porsche 911-es legend\u00e1j\u00e1nak megbecs\u00fclt r\u00e9sze, \u00e9s a 911-es m\u00e9g mindig l\u00e9tezik. A <strong>kreat\u00edv gondolkod\u00e1s, az innovat\u00edv m\u00e9rn\u00f6ki munka \u00e9s a marketingnek k\u00f6sz\u00f6nhet\u0151en a 912-es egyes piacokon m\u00e9g a 911-est is t\u00falsz\u00e1rnyalta<\/strong>. A legizgalmasabb azonban az a t\u00e9ny, hogy a koncepci\u00f3t ma is lehetne alkalmazni, ugyanazzal az eredm\u00e9nnyel. Nem az\u00e9rt, mert a jelenlegi 911 elad\u00e1s\u00e1val gondok vannak, hanem az\u00e9rt, mert sokkal t\u00f6bb potenci\u00e1lis tulajdonos szeretne egy darabot a Porsche 911 var\u00e1zslat\u00e1b\u00f3l, de nem engedheti meg mag\u00e1nak az \u00e1rakat.  <\/p>\n\t\t\t\t\t\t<\/div>\n\t\t\t\t<\/div>\n\t\t\t\t\t<\/div>\n\t\t<\/div>\n\t\t\t\t\t<\/div>\n\t\t<\/section>\n\t\t\t\t<section class=\"elementor-section elementor-top-section elementor-element elementor-element-32cd943 elementor-section-boxed elementor-section-height-default elementor-section-height-default\" data-id=\"32cd943\" data-element_type=\"section\">\n\t\t\t\t\t\t<div class=\"elementor-container elementor-column-gap-default\">\n\t\t\t\t\t<div class=\"elementor-column elementor-col-100 elementor-top-column elementor-element elementor-element-96e617e\" data-id=\"96e617e\" data-element_type=\"column\">\n\t\t\t<div class=\"elementor-widget-wrap elementor-element-populated\">\n\t\t\t\t\t\t<div class=\"elementor-element elementor-element-276e3b8 elementor-widget elementor-widget-image\" data-id=\"276e3b8\" data-element_type=\"widget\" data-widget_type=\"image.default\">\n\t\t\t\t<div class=\"elementor-widget-container\">\n\t\t\t\t\t\t\t\t\t\t\t\t\t<img loading=\"lazy\" decoding=\"async\" width=\"1024\" height=\"683\" src=\"https:\/\/pistonaddict.com\/wp-content\/uploads\/2023\/03\/Porsche-912-6-1024x683.jpeg\" class=\"attachment-large size-large wp-image-30511\" alt=\"\" srcset=\"https:\/\/pistonaddict.com\/wp-content\/uploads\/2023\/03\/Porsche-912-6-1024x683.jpeg 1024w, https:\/\/pistonaddict.com\/wp-content\/uploads\/2023\/03\/Porsche-912-6-scaled-600x400.jpeg 600w, https:\/\/pistonaddict.com\/wp-content\/uploads\/2023\/03\/Porsche-912-6-300x200.jpeg 300w, https:\/\/pistonaddict.com\/wp-content\/uploads\/2023\/03\/Porsche-912-6-768x512.jpeg 768w, https:\/\/pistonaddict.com\/wp-content\/uploads\/2023\/03\/Porsche-912-6-1536x1024.jpeg 1536w, https:\/\/pistonaddict.com\/wp-content\/uploads\/2023\/03\/Porsche-912-6-2048x1366.jpeg 2048w\" sizes=\"(max-width: 1024px) 100vw, 1024px\" \/>\t\t\t\t\t\t\t\t\t\t\t\t\t<\/div>\n\t\t\t\t<\/div>\n\t\t\t\t\t<\/div>\n\t\t<\/div>\n\t\t\t\t\t<\/div>\n\t\t<\/section>\n\t\t\t\t<\/div>\n\t\t","protected":false},"excerpt":{"rendered":"<p>B\u00e1r ma a Porsche 911 a sportkocsik vil\u00e1g\u00e1nak v\u00e9gs\u0151 sikert\u00f6rt\u00e9net\u00e9t jelenti, ez nem volt mindig \u00edgy.  <\/p>\n","protected":false},"author":19,"featured_media":30434,"comment_status":"closed","ping_status":"closed","sticky":false,"template":"","format":"standard","meta":{"inline_featured_image":false,"footnotes":""},"categories":[38],"tags":[],"acf":[],"yoast_head":"<!-- This site is optimized with the Yoast SEO plugin v22.5 - https:\/\/yoast.com\/wordpress\/plugins\/seo\/ -->\n<title>Porsche 912-es \u00e1rver\u00e9sre elad\u00f3 - Piston Addict<\/title>\n<meta name=\"description\" content=\"Minden, amit a Porsche 912-esr\u0151l tudni kell. N\u00e9zze meg a Porsche 912 \u00f6sszes aut\u00f3\u00e1rver\u00e9s\u00e9t a PistonAddict.com oldalon.\" \/>\n<meta name=\"robots\" content=\"index, follow, max-snippet:-1, max-image-preview:large, max-video-preview:-1\" \/>\n<link rel=\"canonical\" href=\"https:\/\/pistonaddict.com\/hu\/porsche-912-es-arveresre-elado\/\" \/>\n<meta property=\"og:locale\" content=\"hu_HU\" \/>\n<meta property=\"og:type\" content=\"article\" \/>\n<meta property=\"og:title\" content=\"Porsche 912-es \u00e1rver\u00e9sre elad\u00f3 - Piston Addict\" \/>\n<meta property=\"og:description\" content=\"Minden, amit a Porsche 912-esr\u0151l tudni kell. N\u00e9zze meg a Porsche 912 \u00f6sszes aut\u00f3\u00e1rver\u00e9s\u00e9t a PistonAddict.com oldalon.\" \/>\n<meta property=\"og:url\" content=\"https:\/\/pistonaddict.com\/hu\/porsche-912-es-arveresre-elado\/\" \/>\n<meta property=\"og:site_name\" content=\"Piston Addict\" \/>\n<meta property=\"article:published_time\" content=\"2023-03-08T21:22:05+00:00\" \/>\n<meta property=\"article:modified_time\" content=\"2023-03-08T21:34:09+00:00\" \/>\n<meta property=\"og:image\" content=\"https:\/\/pistonaddict.com\/wp-content\/uploads\/2023\/03\/Porsche-912-2.jpg\" \/>\n\t<meta property=\"og:image:width\" content=\"1157\" \/>\n\t<meta property=\"og:image:height\" content=\"769\" \/>\n\t<meta property=\"og:image:type\" content=\"image\/jpeg\" \/>\n<meta name=\"author\" content=\"kubiweb\" \/>\n<meta name=\"twitter:card\" content=\"summary_large_image\" \/>\n<meta name=\"twitter:label1\" content=\"Szerz\u0151:\" \/>\n\t<meta name=\"twitter:data1\" content=\"kubiweb\" \/>\n\t<meta name=\"twitter:label2\" content=\"Becs\u00fclt olvas\u00e1si id\u0151\" \/>\n\t<meta name=\"twitter:data2\" content=\"6 perc\" \/>\n<script type=\"application\/ld+json\" class=\"yoast-schema-graph\">{\"@context\":\"https:\/\/schema.org\",\"@graph\":[{\"@type\":\"Article\",\"@id\":\"https:\/\/pistonaddict.com\/hu\/porsche-912-es-arveresre-elado\/#article\",\"isPartOf\":{\"@id\":\"https:\/\/pistonaddict.com\/hu\/porsche-912-es-arveresre-elado\/\"},\"author\":{\"name\":\"kubiweb\",\"@id\":\"https:\/\/pistonaddict.com\/hu\/#\/schema\/person\/b654bd8ec8744297879f6f28628ad974\"},\"headline\":\"Porsche 912-es \u00e1rver\u00e9sre elad\u00f3\",\"datePublished\":\"2023-03-08T21:22:05+00:00\",\"dateModified\":\"2023-03-08T21:34:09+00:00\",\"mainEntityOfPage\":{\"@id\":\"https:\/\/pistonaddict.com\/hu\/porsche-912-es-arveresre-elado\/\"},\"wordCount\":1297,\"publisher\":{\"@id\":\"https:\/\/pistonaddict.com\/hu\/#organization\"},\"image\":{\"@id\":\"https:\/\/pistonaddict.com\/hu\/porsche-912-es-arveresre-elado\/#primaryimage\"},\"thumbnailUrl\":\"https:\/\/pistonaddict.com\/wp-content\/uploads\/2023\/03\/Porsche-912-2.jpg\",\"articleSection\":[\"Uncategorized @hu\"],\"inLanguage\":\"hu\"},{\"@type\":\"WebPage\",\"@id\":\"https:\/\/pistonaddict.com\/hu\/porsche-912-es-arveresre-elado\/\",\"url\":\"https:\/\/pistonaddict.com\/hu\/porsche-912-es-arveresre-elado\/\",\"name\":\"Porsche 912-es \u00e1rver\u00e9sre elad\u00f3 - Piston Addict\",\"isPartOf\":{\"@id\":\"https:\/\/pistonaddict.com\/hu\/#website\"},\"primaryImageOfPage\":{\"@id\":\"https:\/\/pistonaddict.com\/hu\/porsche-912-es-arveresre-elado\/#primaryimage\"},\"image\":{\"@id\":\"https:\/\/pistonaddict.com\/hu\/porsche-912-es-arveresre-elado\/#primaryimage\"},\"thumbnailUrl\":\"https:\/\/pistonaddict.com\/wp-content\/uploads\/2023\/03\/Porsche-912-2.jpg\",\"datePublished\":\"2023-03-08T21:22:05+00:00\",\"dateModified\":\"2023-03-08T21:34:09+00:00\",\"description\":\"Minden, amit a Porsche 912-esr\u0151l tudni kell. N\u00e9zze meg a Porsche 912 \u00f6sszes aut\u00f3\u00e1rver\u00e9s\u00e9t a PistonAddict.com oldalon.\",\"breadcrumb\":{\"@id\":\"https:\/\/pistonaddict.com\/hu\/porsche-912-es-arveresre-elado\/#breadcrumb\"},\"inLanguage\":\"hu\",\"potentialAction\":[{\"@type\":\"ReadAction\",\"target\":[\"https:\/\/pistonaddict.com\/hu\/porsche-912-es-arveresre-elado\/\"]}]},{\"@type\":\"ImageObject\",\"inLanguage\":\"hu\",\"@id\":\"https:\/\/pistonaddict.com\/hu\/porsche-912-es-arveresre-elado\/#primaryimage\",\"url\":\"https:\/\/pistonaddict.com\/wp-content\/uploads\/2023\/03\/Porsche-912-2.jpg\",\"contentUrl\":\"https:\/\/pistonaddict.com\/wp-content\/uploads\/2023\/03\/Porsche-912-2.jpg\",\"width\":1157,\"height\":769,\"caption\":\"Modifs images Alpine - 8\"},{\"@type\":\"BreadcrumbList\",\"@id\":\"https:\/\/pistonaddict.com\/hu\/porsche-912-es-arveresre-elado\/#breadcrumb\",\"itemListElement\":[{\"@type\":\"ListItem\",\"position\":1,\"name\":\"Kezd\u0151lap\",\"item\":\"https:\/\/pistonaddict.com\/hu\/honlap\/\"},{\"@type\":\"ListItem\",\"position\":2,\"name\":\"Porsche 912-es \u00e1rver\u00e9sre elad\u00f3\"}]},{\"@type\":\"WebSite\",\"@id\":\"https:\/\/pistonaddict.com\/hu\/#website\",\"url\":\"https:\/\/pistonaddict.com\/hu\/\",\"name\":\"Piston Addict\",\"description\":\"Only interesting vehicles\",\"publisher\":{\"@id\":\"https:\/\/pistonaddict.com\/hu\/#organization\"},\"potentialAction\":[{\"@type\":\"SearchAction\",\"target\":{\"@type\":\"EntryPoint\",\"urlTemplate\":\"https:\/\/pistonaddict.com\/hu\/?s={search_term_string}\"},\"query-input\":\"required name=search_term_string\"}],\"inLanguage\":\"hu\"},{\"@type\":\"Organization\",\"@id\":\"https:\/\/pistonaddict.com\/hu\/#organization\",\"name\":\"Piston Addict\",\"url\":\"https:\/\/pistonaddict.com\/hu\/\",\"logo\":{\"@type\":\"ImageObject\",\"inLanguage\":\"hu\",\"@id\":\"https:\/\/pistonaddict.com\/hu\/#\/schema\/logo\/image\/\",\"url\":\"https:\/\/pistonaddict.com\/wp-content\/uploads\/2022\/07\/logo-6.png\",\"contentUrl\":\"https:\/\/pistonaddict.com\/wp-content\/uploads\/2022\/07\/logo-6.png\",\"width\":970,\"height\":200,\"caption\":\"Piston Addict\"},\"image\":{\"@id\":\"https:\/\/pistonaddict.com\/hu\/#\/schema\/logo\/image\/\"}},{\"@type\":\"Person\",\"@id\":\"https:\/\/pistonaddict.com\/hu\/#\/schema\/person\/b654bd8ec8744297879f6f28628ad974\",\"name\":\"kubiweb\",\"url\":\"https:\/\/pistonaddict.com\/hu\/author\/kubiweb\/\"}]}<\/script>\n<!-- \/ Yoast SEO plugin. -->","yoast_head_json":{"title":"Porsche 912-es \u00e1rver\u00e9sre elad\u00f3 - Piston Addict","description":"Minden, amit a Porsche 912-esr\u0151l tudni kell. N\u00e9zze meg a Porsche 912 \u00f6sszes aut\u00f3\u00e1rver\u00e9s\u00e9t a PistonAddict.com oldalon.","robots":{"index":"index","follow":"follow","max-snippet":"max-snippet:-1","max-image-preview":"max-image-preview:large","max-video-preview":"max-video-preview:-1"},"canonical":"https:\/\/pistonaddict.com\/hu\/porsche-912-es-arveresre-elado\/","og_locale":"hu_HU","og_type":"article","og_title":"Porsche 912-es \u00e1rver\u00e9sre elad\u00f3 - Piston Addict","og_description":"Minden, amit a Porsche 912-esr\u0151l tudni kell. N\u00e9zze meg a Porsche 912 \u00f6sszes aut\u00f3\u00e1rver\u00e9s\u00e9t a PistonAddict.com oldalon.","og_url":"https:\/\/pistonaddict.com\/hu\/porsche-912-es-arveresre-elado\/","og_site_name":"Piston Addict","article_published_time":"2023-03-08T21:22:05+00:00","article_modified_time":"2023-03-08T21:34:09+00:00","og_image":[{"width":1157,"height":769,"url":"https:\/\/pistonaddict.com\/wp-content\/uploads\/2023\/03\/Porsche-912-2.jpg","type":"image\/jpeg"}],"author":"kubiweb","twitter_card":"summary_large_image","twitter_misc":{"Szerz\u0151:":"kubiweb","Becs\u00fclt olvas\u00e1si id\u0151":"6 perc"},"schema":{"@context":"https:\/\/schema.org","@graph":[{"@type":"Article","@id":"https:\/\/pistonaddict.com\/hu\/porsche-912-es-arveresre-elado\/#article","isPartOf":{"@id":"https:\/\/pistonaddict.com\/hu\/porsche-912-es-arveresre-elado\/"},"author":{"name":"kubiweb","@id":"https:\/\/pistonaddict.com\/hu\/#\/schema\/person\/b654bd8ec8744297879f6f28628ad974"},"headline":"Porsche 912-es \u00e1rver\u00e9sre elad\u00f3","datePublished":"2023-03-08T21:22:05+00:00","dateModified":"2023-03-08T21:34:09+00:00","mainEntityOfPage":{"@id":"https:\/\/pistonaddict.com\/hu\/porsche-912-es-arveresre-elado\/"},"wordCount":1297,"publisher":{"@id":"https:\/\/pistonaddict.com\/hu\/#organization"},"image":{"@id":"https:\/\/pistonaddict.com\/hu\/porsche-912-es-arveresre-elado\/#primaryimage"},"thumbnailUrl":"https:\/\/pistonaddict.com\/wp-content\/uploads\/2023\/03\/Porsche-912-2.jpg","articleSection":["Uncategorized @hu"],"inLanguage":"hu"},{"@type":"WebPage","@id":"https:\/\/pistonaddict.com\/hu\/porsche-912-es-arveresre-elado\/","url":"https:\/\/pistonaddict.com\/hu\/porsche-912-es-arveresre-elado\/","name":"Porsche 912-es \u00e1rver\u00e9sre elad\u00f3 - Piston Addict","isPartOf":{"@id":"https:\/\/pistonaddict.com\/hu\/#website"},"primaryImageOfPage":{"@id":"https:\/\/pistonaddict.com\/hu\/porsche-912-es-arveresre-elado\/#primaryimage"},"image":{"@id":"https:\/\/pistonaddict.com\/hu\/porsche-912-es-arveresre-elado\/#primaryimage"},"thumbnailUrl":"https:\/\/pistonaddict.com\/wp-content\/uploads\/2023\/03\/Porsche-912-2.jpg","datePublished":"2023-03-08T21:22:05+00:00","dateModified":"2023-03-08T21:34:09+00:00","description":"Minden, amit a Porsche 912-esr\u0151l tudni kell. N\u00e9zze meg a Porsche 912 \u00f6sszes aut\u00f3\u00e1rver\u00e9s\u00e9t a PistonAddict.com oldalon.","breadcrumb":{"@id":"https:\/\/pistonaddict.com\/hu\/porsche-912-es-arveresre-elado\/#breadcrumb"},"inLanguage":"hu","potentialAction":[{"@type":"ReadAction","target":["https:\/\/pistonaddict.com\/hu\/porsche-912-es-arveresre-elado\/"]}]},{"@type":"ImageObject","inLanguage":"hu","@id":"https:\/\/pistonaddict.com\/hu\/porsche-912-es-arveresre-elado\/#primaryimage","url":"https:\/\/pistonaddict.com\/wp-content\/uploads\/2023\/03\/Porsche-912-2.jpg","contentUrl":"https:\/\/pistonaddict.com\/wp-content\/uploads\/2023\/03\/Porsche-912-2.jpg","width":1157,"height":769,"caption":"Modifs images Alpine - 8"},{"@type":"BreadcrumbList","@id":"https:\/\/pistonaddict.com\/hu\/porsche-912-es-arveresre-elado\/#breadcrumb","itemListElement":[{"@type":"ListItem","position":1,"name":"Kezd\u0151lap","item":"https:\/\/pistonaddict.com\/hu\/honlap\/"},{"@type":"ListItem","position":2,"name":"Porsche 912-es \u00e1rver\u00e9sre elad\u00f3"}]},{"@type":"WebSite","@id":"https:\/\/pistonaddict.com\/hu\/#website","url":"https:\/\/pistonaddict.com\/hu\/","name":"Piston Addict","description":"Only interesting vehicles","publisher":{"@id":"https:\/\/pistonaddict.com\/hu\/#organization"},"potentialAction":[{"@type":"SearchAction","target":{"@type":"EntryPoint","urlTemplate":"https:\/\/pistonaddict.com\/hu\/?s={search_term_string}"},"query-input":"required name=search_term_string"}],"inLanguage":"hu"},{"@type":"Organization","@id":"https:\/\/pistonaddict.com\/hu\/#organization","name":"Piston Addict","url":"https:\/\/pistonaddict.com\/hu\/","logo":{"@type":"ImageObject","inLanguage":"hu","@id":"https:\/\/pistonaddict.com\/hu\/#\/schema\/logo\/image\/","url":"https:\/\/pistonaddict.com\/wp-content\/uploads\/2022\/07\/logo-6.png","contentUrl":"https:\/\/pistonaddict.com\/wp-content\/uploads\/2022\/07\/logo-6.png","width":970,"height":200,"caption":"Piston Addict"},"image":{"@id":"https:\/\/pistonaddict.com\/hu\/#\/schema\/logo\/image\/"}},{"@type":"Person","@id":"https:\/\/pistonaddict.com\/hu\/#\/schema\/person\/b654bd8ec8744297879f6f28628ad974","name":"kubiweb","url":"https:\/\/pistonaddict.com\/hu\/author\/kubiweb\/"}]}},"_links":{"self":[{"href":"https:\/\/pistonaddict.com\/hu\/wp-json\/wp\/v2\/posts\/30589"}],"collection":[{"href":"https:\/\/pistonaddict.com\/hu\/wp-json\/wp\/v2\/posts"}],"about":[{"href":"https:\/\/pistonaddict.com\/hu\/wp-json\/wp\/v2\/types\/post"}],"author":[{"embeddable":true,"href":"https:\/\/pistonaddict.com\/hu\/wp-json\/wp\/v2\/users\/19"}],"replies":[{"embeddable":true,"href":"https:\/\/pistonaddict.com\/hu\/wp-json\/wp\/v2\/comments?post=30589"}],"version-history":[{"count":2,"href":"https:\/\/pistonaddict.com\/hu\/wp-json\/wp\/v2\/posts\/30589\/revisions"}],"predecessor-version":[{"id":30603,"href":"https:\/\/pistonaddict.com\/hu\/wp-json\/wp\/v2\/posts\/30589\/revisions\/30603"}],"wp:featuredmedia":[{"embeddable":true,"href":"https:\/\/pistonaddict.com\/hu\/wp-json\/wp\/v2\/media\/30434"}],"wp:attachment":[{"href":"https:\/\/pistonaddict.com\/hu\/wp-json\/wp\/v2\/media?parent=30589"}],"wp:term":[{"taxonomy":"category","embeddable":true,"href":"https:\/\/pistonaddict.com\/hu\/wp-json\/wp\/v2\/categories?post=30589"},{"taxonomy":"post_tag","embeddable":true,"href":"https:\/\/pistonaddict.com\/hu\/wp-json\/wp\/v2\/tags?post=30589"}],"curies":[{"name":"wp","href":"https:\/\/api.w.org\/{rel}","templated":true}]}}