{"id":25358,"date":"2023-01-25T09:51:11","date_gmt":"2023-01-25T08:51:11","guid":{"rendered":"https:\/\/pistonaddict.com\/porsche-959-arveresre-elado\/"},"modified":"2023-04-24T17:07:43","modified_gmt":"2023-04-24T15:07:43","slug":"porsche-959-arveresre-elado","status":"publish","type":"post","link":"https:\/\/pistonaddict.com\/hu\/porsche-959-arveresre-elado\/","title":{"rendered":"Porsche 959 \u00e1rver\u00e9sre elad\u00f3"},"content":{"rendered":"\t\t<div data-elementor-type=\"wp-post\" data-elementor-id=\"25358\" class=\"elementor elementor-25358 elementor-25227\">\n\t\t\t\t\t\t<section class=\"elementor-section elementor-top-section elementor-element elementor-element-605ef61 elementor-section-boxed elementor-section-height-default elementor-section-height-default\" data-id=\"605ef61\" data-element_type=\"section\">\n\t\t\t\t\t\t<div class=\"elementor-container elementor-column-gap-default\">\n\t\t\t\t\t<div class=\"elementor-column elementor-col-100 elementor-top-column elementor-element elementor-element-00541cc\" data-id=\"00541cc\" data-element_type=\"column\">\n\t\t\t<div class=\"elementor-widget-wrap elementor-element-populated\">\n\t\t\t\t\t\t<div class=\"elementor-element elementor-element-1bf0173 elementor-widget elementor-widget-text-editor\" data-id=\"1bf0173\" data-element_type=\"widget\" data-widget_type=\"text-editor.default\">\n\t\t\t\t<div class=\"elementor-widget-container\">\n\t\t\t<style>\/*! elementor - v3.21.0 - 18-04-2024 *\/\n.elementor-widget-text-editor.elementor-drop-cap-view-stacked .elementor-drop-cap{background-color:#69727d;color:#fff}.elementor-widget-text-editor.elementor-drop-cap-view-framed .elementor-drop-cap{color:#69727d;border:3px solid;background-color:transparent}.elementor-widget-text-editor:not(.elementor-drop-cap-view-default) .elementor-drop-cap{margin-top:8px}.elementor-widget-text-editor:not(.elementor-drop-cap-view-default) .elementor-drop-cap-letter{width:1em;height:1em}.elementor-widget-text-editor .elementor-drop-cap{float:left;text-align:center;line-height:1;font-size:50px}.elementor-widget-text-editor .elementor-drop-cap-letter{display:inline-block}<\/style>\t\t\t\t<p>K\u00e9ts\u00e9gtelen, hogy a Porsche minden id\u0151k egyik legbefoly\u00e1sosabb \u00e9s legjelent\u0151sebb aut\u00f3gy\u00e1rt\u00f3ja. A stuttgarti sz\u00e9khely\u0171 gy\u00e1rt\u00f3 az 1930-as \u00e9vek elej\u00e9t\u0151l kezdve az innovat\u00edv technol\u00f3gi\u00e1t \u00e9s a sportos formatervez\u00e9st \u00f6tv\u00f6zve egyed\u00fcl\u00e1ll\u00f3 vezet\u00e9si \u00e9lm\u00e9nyt ny\u00fajt. A legjobb p\u00e9lda erre a 911-es sorozat, amely mindig h\u0171 maradt eredeti koncepci\u00f3j\u00e1hoz, f\u00fcggetlen\u00fcl att\u00f3l, hogy mennyire k\u00fcl\u00f6nb\u00f6zik a t\u00f6bbit\u0151l. A Porsche pedig olyan aut\u00f3kkal, mint a Boxter vagy a 928-as, bebizony\u00edtotta, hogy hagyom\u00e1nyosabb form\u00e1ban is k\u00e9pes versenyk\u00e9pes aut\u00f3kat gy\u00e1rtani. V\u00e9g\u00fcl pedig az olyan modellek, mint a Panamera vagy a Cheyenne kisz\u00e9les\u00edtett\u00e9k a m\u00e1rka vonzerej\u00e9t, mivel olyan vezet\u0151ket vonzottak, akik egyszerre akartak valami sportosat \u00e9s praktikusat.<\/p>\n<p>A Porsche \u00e1ltal az \u00e9vek sor\u00e1n bemutatott aut\u00f3k k\u00f6z\u00fcl azonban a 959-es tal\u00e1n a legleny\u0171g\u00f6z\u0151bb \u00e9s legmeghat\u00e1roz\u00f3bb. A maga idej\u00e9ben ez a kerekeken gurul\u00f3 sz\u00f6rnyeteg volt a vil\u00e1g leggyorsabb k\u00f6z\u00fati k\u00f6zleked\u00e9sre enged\u00e9lyezett j\u00e1rm\u0171ve. A puszta sebess\u00e9g azonban csak egy r\u00e9sz\u00e9t mes\u00e9li el a t\u00f6rt\u00e9netnek, hiszen ez a k\u00fcl\u00f6nleges aut\u00f3 sokkal t\u00f6bbr\u0151l sz\u00f3lt. A t\u00f6bbi mulats\u00e1gos r\u00e9szletet \u00e9s funkci\u00f3t pedig ez a cikk fogja el\u00e1rulni.<\/p>\n<h2>Mi\u00e9rt k\u00e9sz\u00fclt egy\u00e1ltal\u00e1n a Porsche 959-es?<\/h2>\n<p>Mint sok m\u00e1s nagyszer\u0171 dolog az aut\u00f3iparban, a Porsche 959-es is a motorsportnak k\u00f6sz\u00f6nheti l\u00e9t\u00e9t. Pontosabban az FIA rali-vil\u00e1gbajnoks\u00e1g B csoportos sorozat\u00e1ba. Az 1980-as \u00e9vek elej\u00e9n ez volt a hely, ahol sok neves eur\u00f3pai aut\u00f3gy\u00e1rt\u00f3nak kellett lennie. Gyakorlatilag korl\u00e1toz\u00e1sok \u00e9s korl\u00e1toz\u00e1sok n\u00e9lk\u00fcl ez a versenysorozat lehet\u0151v\u00e9 tette a gy\u00e1rt\u00f3k sz\u00e1m\u00e1ra, hogy megmutass\u00e1k k\u00e9pess\u00e9geiket. Ez akkor volt a legnyilv\u00e1nval\u00f3bb, amikor az Audi a legend\u00e1s Quattr\u00f3val felforgatta az aut\u00f3s vil\u00e1got.<\/p>\n<p>A Porsche, amely sz\u00e1mos motorsport-versenyen aratott gy\u0151zelmet, term\u00e9szetesen ki akarta venni a r\u00e9sz\u00e9t a sikerb\u0151l. M\u00e9gis, hogy a legjobbak legjobbjaival sz\u00e1lljanak szembe, nem tudt\u00e1k csak \u00fagy megpiszk\u00e1lni az egyik megl\u00e9v\u0151 modellj\u00fcket, hogy ralihaszn\u00e1latra alkalmass\u00e1 tegy\u00e9k. Ehelyett egy teljesen \u00faj aut\u00f3t kellett tervezni \u00e9s \u00e9p\u00edteni az alapokt\u00f3l kezdve. Az \u00f6tlet pedig az volt, hogy a 911-es felismerhet\u0151 jellemz\u0151ire &#8211; a form\u00e1j\u00e1ra \u00e9s az egyedi h\u00e1ts\u00f3 motorkonfigur\u00e1ci\u00f3ra &#8211; alapozva hozz\u00e1k l\u00e9tre. Az \u00faj aut\u00f3 tervezett szerep\u00e9t tekintve azonban volt n\u00e9h\u00e1ny l\u00e9nyeges k\u00fcl\u00f6nbs\u00e9g. Ez mag\u00e1ban foglalta t\u00f6bbek k\u00f6z\u00f6tt a kifinomult turb\u00f3felt\u00f6lt\u0151 rendszert, a k\u00f6nny\u0171szerkezetes \u00e9p\u00edt\u00e9st \u00e9s a fejlett \u00f6sszker\u00e9khajt\u00e1st. \u00cdgy az \u00faj Porsche igazi gy\u0151zelmi potenci\u00e1llal rendelkezett. K\u00fcl\u00f6n\u00f6sen, ha a vezet\u0151 tudja, hogyan kell kezelni, hogyan viselkedik egy h\u00e1ts\u00f3 motoros j\u00e1rm\u0171, ha a hat\u00e1rig nyomj\u00e1k. A rallyn val\u00f3 r\u00e9szv\u00e9telhez azonban a Porsch\u00e9nak el\u0151sz\u00f6r 200 k\u00f6z\u00fati forgalomba helyezhet\u0151 aut\u00f3t kellett \u00e9p\u00edtenie, amelyeket mag\u00e1nv\u00e1s\u00e1rl\u00f3knak \u00e9rt\u00e9kes\u00edtettek volna. \u00c9s itt j\u00f6n a k\u00e9pbe a 959-es.<\/p>\n<\/p>\n<h2>Porsche 959 &#8211; a kin\u00e9zet<\/h2>\n<p>Az \u00fajonnan kifejlesztett Porsche formaterv\u00e9t sok tekintetben a korabeli 911-es modellre alapozt\u00e1k. \u00c9s ez\u00e9rt ez az aut\u00f3 mindig is \u00fagy n\u00e9zett ki, mint egy felturb\u00f3zott Elfer, \u00e9s sokan \u00edgy is l\u00e1tt\u00e1k. M\u00e9gis, egyik kieg\u00e9sz\u00edt\u0151 sem csak a show miatt volt ott, mivel mindegyiknek l\u00e9tfontoss\u00e1g\u00fa c\u00e9lja volt.<\/p>\n\t\t\t\t\t\t<\/div>\n\t\t\t\t<\/div>\n\t\t\t\t\t<\/div>\n\t\t<\/div>\n\t\t\t\t\t<\/div>\n\t\t<\/section>\n\t\t\t\t<section class=\"elementor-section elementor-top-section elementor-element elementor-element-aa8006c elementor-section-boxed elementor-section-height-default elementor-section-height-default\" data-id=\"aa8006c\" data-element_type=\"section\">\n\t\t\t\t\t\t<div class=\"elementor-container elementor-column-gap-default\">\n\t\t\t\t\t<div class=\"elementor-column elementor-col-100 elementor-top-column elementor-element elementor-element-a9bb58b\" data-id=\"a9bb58b\" data-element_type=\"column\">\n\t\t\t<div class=\"elementor-widget-wrap elementor-element-populated\">\n\t\t\t\t\t\t<div class=\"elementor-element elementor-element-6528264 elementor-widget elementor-widget-image\" data-id=\"6528264\" data-element_type=\"widget\" data-widget_type=\"image.default\">\n\t\t\t\t<div class=\"elementor-widget-container\">\n\t\t\t<style>\/*! elementor - v3.21.0 - 18-04-2024 *\/\n.elementor-widget-image{text-align:center}.elementor-widget-image a{display:inline-block}.elementor-widget-image a img[src$=\".svg\"]{width:48px}.elementor-widget-image img{vertical-align:middle;display:inline-block}<\/style>\t\t\t\t\t\t\t\t\t\t<img fetchpriority=\"high\" decoding=\"async\" width=\"1024\" height=\"768\" src=\"https:\/\/pistonaddict.com\/wp-content\/uploads\/2023\/01\/Porsche-959-3-1024x768.jpg\" class=\"attachment-large size-large wp-image-25294\" alt=\"\" srcset=\"https:\/\/pistonaddict.com\/wp-content\/uploads\/2023\/01\/Porsche-959-3-1024x768.jpg 1024w, https:\/\/pistonaddict.com\/wp-content\/uploads\/2023\/01\/Porsche-959-3-520x390.jpg 520w, https:\/\/pistonaddict.com\/wp-content\/uploads\/2023\/01\/Porsche-959-3-600x450.jpg 600w, https:\/\/pistonaddict.com\/wp-content\/uploads\/2023\/01\/Porsche-959-3-300x225.jpg 300w, https:\/\/pistonaddict.com\/wp-content\/uploads\/2023\/01\/Porsche-959-3-768x576.jpg 768w, https:\/\/pistonaddict.com\/wp-content\/uploads\/2023\/01\/Porsche-959-3-1536x1152.jpg 1536w, https:\/\/pistonaddict.com\/wp-content\/uploads\/2023\/01\/Porsche-959-3.jpg 2048w\" sizes=\"(max-width: 1024px) 100vw, 1024px\" \/>\t\t\t\t\t\t\t\t\t\t\t\t\t<\/div>\n\t\t\t\t<\/div>\n\t\t\t\t\t<\/div>\n\t\t<\/div>\n\t\t\t\t\t<\/div>\n\t\t<\/section>\n\t\t\t\t<section class=\"elementor-section elementor-top-section elementor-element elementor-element-a0dad72 elementor-section-boxed elementor-section-height-default elementor-section-height-default\" data-id=\"a0dad72\" data-element_type=\"section\">\n\t\t\t\t\t\t<div class=\"elementor-container elementor-column-gap-default\">\n\t\t\t\t\t<div class=\"elementor-column elementor-col-100 elementor-top-column elementor-element elementor-element-d53514f\" data-id=\"d53514f\" data-element_type=\"column\">\n\t\t\t<div class=\"elementor-widget-wrap elementor-element-populated\">\n\t\t\t\t\t\t<div class=\"elementor-element elementor-element-c79a136 elementor-widget elementor-widget-text-editor\" data-id=\"c79a136\" data-element_type=\"widget\" data-widget_type=\"text-editor.default\">\n\t\t\t\t<div class=\"elementor-widget-container\">\n\t\t\t\t\t\t\t<p>Ezeket a hatalmas ker\u00e9kj\u00e1rati \u00edveket be kellett szerelni, k\u00fcl\u00f6nben nem lett volna el\u00e9g hely az extra sz\u00e9les gumiknak. Ugyanez a helyzet a l\u00f6kh\u00e1r\u00edt\u00f3kban l\u00e9v\u0151 nagy szell\u0151z\u0151ny\u00edl\u00e1sokkal, mivel ezek seg\u00edtett\u00e9k a f\u00e9kek h\u0171t\u00e9s\u00e9t. A 959 legfelismerhet\u0151bb vizu\u00e1lis jellemz\u0151je m\u00e9gis a mark\u00e1ns \u00e9s egyedi megjelen\u00e9s\u0171 h\u00e1ts\u00f3 r\u00e9sz volt, amelynek form\u00e1ja egyetlen okb\u00f3l k\u00e9sz\u00fclt \u00edgy &#8211; a h\u0171t\u00e9s miatt. Ennek oka az volt, hogy a motort ide szerelt\u00e9k be, \u00e9s sok leveg\u0151re volt sz\u00fcks\u00e9g ahhoz, hogy ezt a turb\u00f3felt\u00f6lt\u0151s darabot h\u0171tve tarts\u00e1k.  <\/p>\n\t\t\t\t\t\t<\/div>\n\t\t\t\t<\/div>\n\t\t\t\t\t<\/div>\n\t\t<\/div>\n\t\t\t\t\t<\/div>\n\t\t<\/section>\n\t\t\t\t<section class=\"elementor-section elementor-top-section elementor-element elementor-element-56acb31 elementor-section-boxed elementor-section-height-default elementor-section-height-default\" data-id=\"56acb31\" data-element_type=\"section\">\n\t\t\t\t\t\t<div class=\"elementor-container elementor-column-gap-default\">\n\t\t\t\t\t<div class=\"elementor-column elementor-col-100 elementor-top-column elementor-element elementor-element-0ba3552\" data-id=\"0ba3552\" data-element_type=\"column\">\n\t\t\t<div class=\"elementor-widget-wrap elementor-element-populated\">\n\t\t\t\t\t\t<div class=\"elementor-element elementor-element-e3423bc elementor-widget elementor-widget-image\" data-id=\"e3423bc\" data-element_type=\"widget\" data-widget_type=\"image.default\">\n\t\t\t\t<div class=\"elementor-widget-container\">\n\t\t\t\t\t\t\t\t\t\t\t\t\t<img decoding=\"async\" width=\"1024\" height=\"678\" src=\"https:\/\/pistonaddict.com\/wp-content\/uploads\/2023\/01\/Porsche-959-1-1024x678.jpg\" class=\"attachment-large size-large wp-image-25250\" alt=\"\" srcset=\"https:\/\/pistonaddict.com\/wp-content\/uploads\/2023\/01\/Porsche-959-1-1024x678.jpg 1024w, https:\/\/pistonaddict.com\/wp-content\/uploads\/2023\/01\/Porsche-959-1-600x397.jpg 600w, https:\/\/pistonaddict.com\/wp-content\/uploads\/2023\/01\/Porsche-959-1-300x199.jpg 300w, https:\/\/pistonaddict.com\/wp-content\/uploads\/2023\/01\/Porsche-959-1-768x509.jpg 768w, https:\/\/pistonaddict.com\/wp-content\/uploads\/2023\/01\/Porsche-959-1-1536x1017.jpg 1536w, https:\/\/pistonaddict.com\/wp-content\/uploads\/2023\/01\/Porsche-959-1.jpg 2048w\" sizes=\"(max-width: 1024px) 100vw, 1024px\" \/>\t\t\t\t\t\t\t\t\t\t\t\t\t<\/div>\n\t\t\t\t<\/div>\n\t\t\t\t\t<\/div>\n\t\t<\/div>\n\t\t\t\t\t<\/div>\n\t\t<\/section>\n\t\t\t\t<section class=\"elementor-section elementor-top-section elementor-element elementor-element-1b804c3 elementor-section-boxed elementor-section-height-default elementor-section-height-default\" data-id=\"1b804c3\" data-element_type=\"section\">\n\t\t\t\t\t\t<div class=\"elementor-container elementor-column-gap-default\">\n\t\t\t\t\t<div class=\"elementor-column elementor-col-100 elementor-top-column elementor-element elementor-element-161eb5e\" data-id=\"161eb5e\" data-element_type=\"column\">\n\t\t\t<div class=\"elementor-widget-wrap elementor-element-populated\">\n\t\t\t\t\t\t<div class=\"elementor-element elementor-element-3b63566 elementor-widget elementor-widget-text-editor\" data-id=\"3b63566\" data-element_type=\"widget\" data-widget_type=\"text-editor.default\">\n\t\t\t\t<div class=\"elementor-widget-container\">\n\t\t\t\t\t\t\t<p>Bel\u00fclr\u0151l a Porsche 959-es a versenyz\u0151i DNS-e ellen\u00e9re nem egy gy\u00e9ren felszerelt, lecsupasz\u00edtott p\u00e1lyaeszk\u00f6z volt. Ehelyett ez az aut\u00f3, legal\u00e1bbis az utcai kivitelben, mindenf\u00e9le k\u00e9nyelemmel rendelkezett, bele\u00e9rtve a b\u0151r\u00fcl\u00e9seket \u00e9s a l\u00e9gkondicion\u00e1l\u00f3t. Nyilv\u00e1nval\u00f3, hogy a Porsche ezeket a dolgokat sz\u00fcks\u00e9gesnek tartotta egy olyan aut\u00f3ban, amelynek \u00e1ra akkoriban 200 000 doll\u00e1r volt.<\/p>\n<\/p>\n<h2>Porsche 959 &#8211; a technol\u00f3gia<\/h2>\n<p>Tagadhatatlan, hogy a Porsche 959-es agressz\u00edv diz\u00e1jnj\u00e1val minden szempontb\u00f3l l\u00e1tv\u00e1nyos volt. De mivel els\u0151sorban versenyaut\u00f3 volt, a legizgalmasabb dolgok a b\u0151re alatt rejt\u0151ztek.<\/p>\n<p>A motor, amelyet haszn\u00e1lt, az akkori 911-esekben haszn\u00e1lt, l\u00e9gh\u0171t\u00e9ses, lapos hathengeres motor versenysorozatb\u00f3l sz\u00e1rmaz\u00f3 v\u00e1ltozata volt. De vel\u00fck ellent\u00e9tben ezek a motorok v\u00edzh\u0171t\u00e9ses hengerfejekkel rendelkeztek, ami a tervezett nagy teljes\u00edtm\u00e9ny\u0171 alkalmaz\u00e1shoz sz\u00fcks\u00e9ges volt. B\u00e1r a turb\u00f3felt\u00f6lt\u0151 hozz\u00e1ad\u00e1sa m\u00e1r akkoriban is bevett gyakorlat volt, a Porsche m\u00e9g egy l\u00e9p\u00e9ssel tov\u00e1bb ment. Ahelyett, hogy egyszer\u0171en csak egy p\u00e1r nagy turb\u00f3t szereltek volna a motorra, m\u00e9rn\u00f6keik szekvenci\u00e1lis ikerturb\u00f3felt\u00f6lt\u0151ket \u00e9p\u00edtettek be. Ez\u00e1ltal kik\u00fcsz\u00f6b\u00f6lt\u00e9k a rettegett turb\u00f3 k\u00e9sleltet\u00e9st, \u00e9s biztos\u00edtott\u00e1k a z\u00f6kken\u0151mentes teljes\u00edtm\u00e9nylead\u00e1st. V\u00e9g\u00fcl az utcai aut\u00f3k 450 l\u00f3er\u0151t \u00e9s 369 kilom\u00e9tern\u00e9l nagyobb nyomat\u00e9kot produk\u00e1ln\u00e1nak.<\/p>\n\t\t\t\t\t\t<\/div>\n\t\t\t\t<\/div>\n\t\t\t\t\t<\/div>\n\t\t<\/div>\n\t\t\t\t\t<\/div>\n\t\t<\/section>\n\t\t\t\t<section class=\"elementor-section elementor-top-section elementor-element elementor-element-01578ac elementor-section-boxed elementor-section-height-default elementor-section-height-default\" data-id=\"01578ac\" data-element_type=\"section\">\n\t\t\t\t\t\t<div class=\"elementor-container elementor-column-gap-default\">\n\t\t\t\t\t<div class=\"elementor-column elementor-col-100 elementor-top-column elementor-element elementor-element-3f74063\" data-id=\"3f74063\" data-element_type=\"column\">\n\t\t\t<div class=\"elementor-widget-wrap elementor-element-populated\">\n\t\t\t\t\t\t<div class=\"elementor-element elementor-element-4ef8abc elementor-widget elementor-widget-image\" data-id=\"4ef8abc\" data-element_type=\"widget\" data-widget_type=\"image.default\">\n\t\t\t\t<div class=\"elementor-widget-container\">\n\t\t\t\t\t\t\t\t\t\t\t\t\t<img decoding=\"async\" width=\"1024\" height=\"682\" src=\"https:\/\/pistonaddict.com\/wp-content\/uploads\/2023\/01\/Porsche-959-2-1024x682.jpg\" class=\"attachment-large size-large wp-image-25272\" alt=\"\" srcset=\"https:\/\/pistonaddict.com\/wp-content\/uploads\/2023\/01\/Porsche-959-2-1024x682.jpg 1024w, https:\/\/pistonaddict.com\/wp-content\/uploads\/2023\/01\/Porsche-959-2-600x400.jpg 600w, https:\/\/pistonaddict.com\/wp-content\/uploads\/2023\/01\/Porsche-959-2-300x200.jpg 300w, https:\/\/pistonaddict.com\/wp-content\/uploads\/2023\/01\/Porsche-959-2-768x512.jpg 768w, https:\/\/pistonaddict.com\/wp-content\/uploads\/2023\/01\/Porsche-959-2.jpg 1280w\" sizes=\"(max-width: 1024px) 100vw, 1024px\" \/>\t\t\t\t\t\t\t\t\t\t\t\t\t<\/div>\n\t\t\t\t<\/div>\n\t\t\t\t\t<\/div>\n\t\t<\/div>\n\t\t\t\t\t<\/div>\n\t\t<\/section>\n\t\t\t\t<section class=\"elementor-section elementor-top-section elementor-element elementor-element-500d5bf elementor-section-boxed elementor-section-height-default elementor-section-height-default\" data-id=\"500d5bf\" data-element_type=\"section\">\n\t\t\t\t\t\t<div class=\"elementor-container elementor-column-gap-default\">\n\t\t\t\t\t<div class=\"elementor-column elementor-col-100 elementor-top-column elementor-element elementor-element-470e09f\" data-id=\"470e09f\" data-element_type=\"column\">\n\t\t\t<div class=\"elementor-widget-wrap elementor-element-populated\">\n\t\t\t\t\t\t<div class=\"elementor-element elementor-element-25a0726 elementor-widget elementor-widget-text-editor\" data-id=\"25a0726\" data-element_type=\"widget\" data-widget_type=\"text-editor.default\">\n\t\t\t\t<div class=\"elementor-widget-container\">\n\t\t\t\t\t\t\t<p>A motor, b\u00e1rmilyen er\u0151s is volt, csak egy r\u00e9sze volt annak, amit a Porsche a gy\u0151ztes egyenletnek rem\u00e9lt. Amint azt az Audi \u00e9s a Quattro m\u00e1r bizony\u00edtotta, a raliversenyeken val\u00f3 gy\u0151zelemhez az aut\u00f3nak n\u00e9gyker\u00e9k-meghajt\u00e1ssal kell rendelkeznie. A Porsche erre az alkalomra kifejlesztett rendszere pedig olyan volt, amilyet a vil\u00e1g m\u00e9g nem l\u00e1tott. Ez a sz\u00e1m\u00edt\u00f3g\u00e9p-vez\u00e9relt csoda a maxim\u00e1lis teljes\u00edtm\u00e9ny \u00e9rdek\u00e9ben folyamatosan v\u00e1ltoztatni tudta a nyomat\u00e9keloszt\u00e1st a h\u00e1ts\u00f3 \u00e9s az els\u0151 tengely k\u00f6z\u00f6tt. A Porsche rendszere azonban a t\u00e1rsait\u00f3l elt\u00e9r\u0151en ezt m\u00e9g azel\u0151tt megteheti, hogy a ker\u00e9k cs\u00faszni kezdene, mivel el\u0151re jelzi a tapad\u00e1s szintj\u00e9t. Ez m\u00e9g ma is megd\u00f6bbent\u0151, de a 80-as \u00e9vekben ez az \u0171rkorszak technol\u00f3gi\u00e1j\u00e1nak felelt meg.<\/p>\n<p>V\u00e9g\u00fcl ott volt a forradalmi l\u00e9grug\u00f3z\u00e1s, amelyen a 959-es \u00fclt. Az \u00e1ll\u00edthat\u00f3 hasmagass\u00e1ggal \u00e9s csillap\u00edt\u00e1si r\u00e1t\u00e1val ez a rendszer minden fel\u00fcleten otthon \u00e9rezte mag\u00e1t az aut\u00f3ban. Ez pedig rendk\u00edv\u00fcl \u00e9rt\u00e9kes lenne, amikor minden rallye-szakaszon egy \u00e1lland\u00f3 t\u00e9nyez\u0151vel kell megbirk\u00f3zni &#8211; a folyamatosan v\u00e1ltoz\u00f3 \u00fatviszonyokkal.<\/p>\n<\/p>\n<h2>Hogyan adt\u00e1k el a Porsche 959-et  <\/h2>\n<p>A Porsche 959-es, kin\u00e9zet\u00e9nek \u00e9s high-tech k\u00fcty\u00fcinek k\u00f6sz\u00f6nhet\u0151en, azonnali sikert aratott a gazdagok \u00e9s h\u00edresek k\u00f6r\u00e9ben. Boris Becker, Daley Thompson \u00e9s Martina Navratilova &#8211; csak n\u00e9h\u00e1nyan azok k\u00f6z\u00fcl, akik beleszerettek ebbe a kerekeken gurul\u00f3 csod\u00e1ba. Az Egyes\u00fclt \u00c1llamokban sok aut\u00f3rajong\u00f3 nyilv\u00e1nval\u00f3an nagyon szerette volna, ha saj\u00e1t 959-es \u00e1ll a gar\u00e1zs\u00e1ban. Probl\u00e9m\u00e1t jelentettek azonban a szigor\u00fa behozatali szab\u00e1lyok. Az ottani \u00e9rt\u00e9kes\u00edt\u00e9shez minden modellnek meg kellett felelnie k\u00fcl\u00f6nb\u00f6z\u0151 biztons\u00e1gi \u00e9s emisszi\u00f3s k\u00f6vetelm\u00e9nyeknek, amelyek akkoriban sokkal szigor\u00fabbak voltak, mint Eur\u00f3p\u00e1ban. \u00c9s mivel csak 200 aut\u00f3t akartak gy\u00e1rtani, a Porsche nem tudott mindezzel foglalkozni. Ennek eredm\u00e9nyek\u00e9ppen a 959-et hivatalosan soha nem \u00e9rt\u00e9kes\u00edtett\u00e9k az Egyes\u00fclt \u00c1llamokban.<\/p>\n<p>Ma azonban m\u00e1r minden Porsche 959-es t\u00f6bb mint 25 \u00e9ves, ami gyakorlatilag oldtimerr\u00e9 teszi \u0151ket. \u00c9s mint ilyeneknek, m\u00e1r nem kell megfelelni\u00fck a szigor\u00fa el\u0151\u00edr\u00e1soknak, ami azt jelenti, hogy leg\u00e1lisan behozhat\u00f3k az Egyes\u00fclt \u00c1llamokba.<\/p>\n<\/p>\n<h2>Porsche 959 &#8211; az \u00f6r\u00f6ks\u00e9g  <\/h2>\n<p>B\u00e1rmilyen furcs\u00e1n hangzik is, a 959-es bizonyos \u00e9rtelemben hatalmas kudarc volt a Porsche sz\u00e1m\u00e1ra. T\u00e9ny, hogy ez az aut\u00f3 els\u0151sorban a rali-vil\u00e1gbajnoks\u00e1gban val\u00f3 r\u00e9szv\u00e9telre k\u00e9sz\u00fclt. \u00c9s mire ez a versenyz\u0151 teljes\u00edtette az \u00f6sszes k\u00f6vetelm\u00e9nyt, a B csoportot, amelyben r\u00e9szt vett volna, t\u00f6r\u00f6lt\u00e9k. \u00cdgy a Porsche \u00e9s sok m\u00e1s gy\u00e1rt\u00f3 is hoppon maradt, szupergyors versenyaut\u00f3kkal, de nem volt hol kihaszn\u00e1lni a benn\u00fck rejl\u0151 lehet\u0151s\u00e9geket. Persze, a 959-es megnyerte az 1986-os P\u00e1rizs-Dakar-ralit, \u00e9s sikereket \u00e9rt el a Le Mans-i 24 \u00f3r\u00e1s versenyen. Ez azonban csak \u00e1rny\u00e9ka volt annak a dics\u0151s\u00e9gnek, amit az Audi Quattro vagy a Lancia 037 kapott gy\u0151zelmei\u00e9rt.<\/p>\n\t\t\t\t\t\t<\/div>\n\t\t\t\t<\/div>\n\t\t\t\t\t<\/div>\n\t\t<\/div>\n\t\t\t\t\t<\/div>\n\t\t<\/section>\n\t\t\t\t<section class=\"elementor-section elementor-top-section elementor-element elementor-element-83665fa elementor-section-boxed elementor-section-height-default elementor-section-height-default\" data-id=\"83665fa\" data-element_type=\"section\">\n\t\t\t\t\t\t<div class=\"elementor-container elementor-column-gap-default\">\n\t\t\t\t\t<div class=\"elementor-column elementor-col-100 elementor-top-column elementor-element elementor-element-2989fa3\" data-id=\"2989fa3\" data-element_type=\"column\">\n\t\t\t<div class=\"elementor-widget-wrap elementor-element-populated\">\n\t\t\t\t\t\t<div class=\"elementor-element elementor-element-3c53fb7 elementor-widget elementor-widget-image\" data-id=\"3c53fb7\" data-element_type=\"widget\" data-widget_type=\"image.default\">\n\t\t\t\t<div class=\"elementor-widget-container\">\n\t\t\t\t\t\t\t\t\t\t\t\t\t<img loading=\"lazy\" decoding=\"async\" width=\"1024\" height=\"683\" src=\"https:\/\/pistonaddict.com\/wp-content\/uploads\/2023\/01\/Porsche-959-4-1024x683.jpg\" class=\"attachment-large size-large wp-image-25316\" alt=\"\" srcset=\"https:\/\/pistonaddict.com\/wp-content\/uploads\/2023\/01\/Porsche-959-4-1024x683.jpg 1024w, https:\/\/pistonaddict.com\/wp-content\/uploads\/2023\/01\/Porsche-959-4-600x400.jpg 600w, https:\/\/pistonaddict.com\/wp-content\/uploads\/2023\/01\/Porsche-959-4-300x200.jpg 300w, https:\/\/pistonaddict.com\/wp-content\/uploads\/2023\/01\/Porsche-959-4-768x512.jpg 768w, https:\/\/pistonaddict.com\/wp-content\/uploads\/2023\/01\/Porsche-959-4.jpg 1200w\" sizes=\"(max-width: 1024px) 100vw, 1024px\" \/>\t\t\t\t\t\t\t\t\t\t\t\t\t<\/div>\n\t\t\t\t<\/div>\n\t\t\t\t\t<\/div>\n\t\t<\/div>\n\t\t\t\t\t<\/div>\n\t\t<\/section>\n\t\t\t\t<section class=\"elementor-section elementor-top-section elementor-element elementor-element-9873d4b elementor-section-boxed elementor-section-height-default elementor-section-height-default\" data-id=\"9873d4b\" data-element_type=\"section\">\n\t\t\t\t\t\t<div class=\"elementor-container elementor-column-gap-default\">\n\t\t\t\t\t<div class=\"elementor-column elementor-col-100 elementor-top-column elementor-element elementor-element-e17538f\" data-id=\"e17538f\" data-element_type=\"column\">\n\t\t\t<div class=\"elementor-widget-wrap elementor-element-populated\">\n\t\t\t\t\t\t<div class=\"elementor-element elementor-element-b181719 elementor-widget elementor-widget-text-editor\" data-id=\"b181719\" data-element_type=\"widget\" data-widget_type=\"text-editor.default\">\n\t\t\t\t<div class=\"elementor-widget-container\">\n\t\t\t\t\t\t\t<p>De a kezdeti csal\u00f3d\u00e1sok ellen\u00e9re a Porsche 959 m\u00e9ly hat\u00e1st gyakorolt minden j\u00f6v\u0151beli szuperaut\u00f3ra. Bebizony\u00edtotta, hogy egy gyors aut\u00f3 sokkal t\u00f6bbr\u0151l sz\u00f3l, mint egy hatalmas, er\u0151s motorr\u00f3l. Kidolgozott hajt\u00e1sl\u00e1nc\u00e1val \u00e9s \u00f6sszetett felf\u00fcggeszt\u00e9s\u00e9vel a Porsche 959-es l\u00e1tsz\u00f3lag lehetetlen sebess\u00e9ggel haladt \u00e1t a kanyarokon. \u00c9s ez hihetetlen\u00fcl gyorsnak bizonyult a val\u00f3 \u00e9letben, legyen sz\u00f3 p\u00e1ly\u00e1r\u00f3l vagy kanyarg\u00f3s \u00fatr\u00f3l. Innent\u0151l kezdve mindenki tudta, hogy az igaz\u00e1n gyorsas\u00e1ghoz mindenhol kifinomult technol\u00f3gi\u00e1ra van sz\u00fcks\u00e9g.  <\/p>\n<\/p>\n<h2>Porsche 959 &#8211; r\u00f6viden<\/h2>\n<p>A Porsche 959 egy 1986 \u00e9s 1993 k\u00f6z\u00f6tt gy\u00e1rtott n\u00e9met gy\u00e1rtm\u00e1ny\u00fa sportaut\u00f3. Kezdetben k\u00f6r\u00fclbel\u00fcl 200 p\u00e9ld\u00e1nyt kellett volna gy\u00e1rtani, mivel ez az FIA \u00e1ltal a rali-vil\u00e1gbajnoks\u00e1gon val\u00f3 indul\u00e1shoz el\u0151\u00edrt k\u00f6vetelm\u00e9nynek kellett volna megfelelni. A nagy \u00e9rdekl\u0151d\u00e9s miatt azonban a Porsche v\u00e9g\u00fcl \u00f6sszesen 345 aut\u00f3t gy\u00e1rtott. A 959-es a sima er\u0151\u00e1tvitellel, az \u00fatt\u00f6r\u0151 n\u00e9gyker\u00e9k-meghajt\u00e1si rendszerrel \u00e9s az innovat\u00edv air-ride felf\u00fcggeszt\u00e9ssel m\u00e9rn\u00f6ki mesterm\u0171 volt. \u00c9s mint ilyen, lefektette az \u00f6sszes j\u00f6v\u0151beli szuperaut\u00f3 alapjait, a legt\u00f6bb j\u00f6v\u0151beli modell a legend\u00e1s Porsche \u00e1ltal meghat\u00e1rozott receptet k\u00f6veti.<\/p>\n\t\t\t\t\t\t<\/div>\n\t\t\t\t<\/div>\n\t\t\t\t\t<\/div>\n\t\t<\/div>\n\t\t\t\t\t<\/div>\n\t\t<\/section>\n\t\t\t\t<\/div>\n\t\t","protected":false},"excerpt":{"rendered":"<p>K\u00e9ts\u00e9gtelen, hogy a Porsche minden id\u0151k egyik legbefoly\u00e1sosabb \u00e9s legjelent\u0151sebb aut\u00f3gy\u00e1rt\u00f3ja.  <\/p>\n","protected":false},"author":19,"featured_media":25239,"comment_status":"closed","ping_status":"closed","sticky":false,"template":"","format":"standard","meta":{"inline_featured_image":false,"footnotes":""},"categories":[38],"tags":[],"acf":[],"yoast_head":"<!-- This site is optimized with the Yoast SEO plugin v22.5 - https:\/\/yoast.com\/wordpress\/plugins\/seo\/ -->\n<title>Porsche 959 \u00e1rver\u00e9sre elad\u00f3 - Piston Addict<\/title>\n<meta name=\"description\" content=\"Minden, amit a Porsche 959-esr\u0151l tudni kell. N\u00e9zze meg a Porsche 959 \u00f6sszes aut\u00f3\u00e1rver\u00e9s\u00e9t a PistonAddict.com oldalon.\" \/>\n<meta name=\"robots\" content=\"index, follow, max-snippet:-1, max-image-preview:large, max-video-preview:-1\" \/>\n<link rel=\"canonical\" href=\"https:\/\/pistonaddict.com\/hu\/porsche-959-arveresre-elado\/\" \/>\n<meta property=\"og:locale\" content=\"hu_HU\" \/>\n<meta property=\"og:type\" content=\"article\" \/>\n<meta property=\"og:title\" content=\"Porsche 959 \u00e1rver\u00e9sre elad\u00f3 - Piston Addict\" \/>\n<meta property=\"og:description\" content=\"Minden, amit a Porsche 959-esr\u0151l tudni kell. N\u00e9zze meg a Porsche 959 \u00f6sszes aut\u00f3\u00e1rver\u00e9s\u00e9t a PistonAddict.com oldalon.\" \/>\n<meta property=\"og:url\" content=\"https:\/\/pistonaddict.com\/hu\/porsche-959-arveresre-elado\/\" \/>\n<meta property=\"og:site_name\" content=\"Piston Addict\" \/>\n<meta property=\"article:published_time\" content=\"2023-01-25T08:51:11+00:00\" \/>\n<meta property=\"article:modified_time\" content=\"2023-04-24T15:07:43+00:00\" \/>\n<meta property=\"og:image\" content=\"https:\/\/pistonaddict.com\/wp-content\/uploads\/2023\/01\/Porsche-959-5.jpg\" \/>\n\t<meta property=\"og:image:width\" content=\"2048\" \/>\n\t<meta property=\"og:image:height\" content=\"1442\" \/>\n\t<meta property=\"og:image:type\" content=\"image\/jpeg\" \/>\n<meta name=\"author\" content=\"kubiweb\" \/>\n<meta name=\"twitter:card\" content=\"summary_large_image\" \/>\n<meta name=\"twitter:label1\" content=\"Szerz\u0151:\" \/>\n\t<meta name=\"twitter:data1\" content=\"kubiweb\" \/>\n\t<meta name=\"twitter:label2\" content=\"Becs\u00fclt olvas\u00e1si id\u0151\" \/>\n\t<meta name=\"twitter:data2\" content=\"9 perc\" \/>\n<script type=\"application\/ld+json\" class=\"yoast-schema-graph\">{\"@context\":\"https:\/\/schema.org\",\"@graph\":[{\"@type\":\"Article\",\"@id\":\"https:\/\/pistonaddict.com\/hu\/porsche-959-arveresre-elado\/#article\",\"isPartOf\":{\"@id\":\"https:\/\/pistonaddict.com\/hu\/porsche-959-arveresre-elado\/\"},\"author\":{\"name\":\"kubiweb\",\"@id\":\"https:\/\/pistonaddict.com\/hu\/#\/schema\/person\/b654bd8ec8744297879f6f28628ad974\"},\"headline\":\"Porsche 959 \u00e1rver\u00e9sre elad\u00f3\",\"datePublished\":\"2023-01-25T08:51:11+00:00\",\"dateModified\":\"2023-04-24T15:07:43+00:00\",\"mainEntityOfPage\":{\"@id\":\"https:\/\/pistonaddict.com\/hu\/porsche-959-arveresre-elado\/\"},\"wordCount\":1803,\"publisher\":{\"@id\":\"https:\/\/pistonaddict.com\/hu\/#organization\"},\"image\":{\"@id\":\"https:\/\/pistonaddict.com\/hu\/porsche-959-arveresre-elado\/#primaryimage\"},\"thumbnailUrl\":\"https:\/\/pistonaddict.com\/wp-content\/uploads\/2023\/01\/Porsche-959-5.jpg\",\"articleSection\":[\"Uncategorized @hu\"],\"inLanguage\":\"hu\"},{\"@type\":\"WebPage\",\"@id\":\"https:\/\/pistonaddict.com\/hu\/porsche-959-arveresre-elado\/\",\"url\":\"https:\/\/pistonaddict.com\/hu\/porsche-959-arveresre-elado\/\",\"name\":\"Porsche 959 \u00e1rver\u00e9sre elad\u00f3 - Piston Addict\",\"isPartOf\":{\"@id\":\"https:\/\/pistonaddict.com\/hu\/#website\"},\"primaryImageOfPage\":{\"@id\":\"https:\/\/pistonaddict.com\/hu\/porsche-959-arveresre-elado\/#primaryimage\"},\"image\":{\"@id\":\"https:\/\/pistonaddict.com\/hu\/porsche-959-arveresre-elado\/#primaryimage\"},\"thumbnailUrl\":\"https:\/\/pistonaddict.com\/wp-content\/uploads\/2023\/01\/Porsche-959-5.jpg\",\"datePublished\":\"2023-01-25T08:51:11+00:00\",\"dateModified\":\"2023-04-24T15:07:43+00:00\",\"description\":\"Minden, amit a Porsche 959-esr\u0151l tudni kell. N\u00e9zze meg a Porsche 959 \u00f6sszes aut\u00f3\u00e1rver\u00e9s\u00e9t a PistonAddict.com oldalon.\",\"breadcrumb\":{\"@id\":\"https:\/\/pistonaddict.com\/hu\/porsche-959-arveresre-elado\/#breadcrumb\"},\"inLanguage\":\"hu\",\"potentialAction\":[{\"@type\":\"ReadAction\",\"target\":[\"https:\/\/pistonaddict.com\/hu\/porsche-959-arveresre-elado\/\"]}]},{\"@type\":\"ImageObject\",\"inLanguage\":\"hu\",\"@id\":\"https:\/\/pistonaddict.com\/hu\/porsche-959-arveresre-elado\/#primaryimage\",\"url\":\"https:\/\/pistonaddict.com\/wp-content\/uploads\/2023\/01\/Porsche-959-5.jpg\",\"contentUrl\":\"https:\/\/pistonaddict.com\/wp-content\/uploads\/2023\/01\/Porsche-959-5.jpg\",\"width\":2048,\"height\":1442},{\"@type\":\"BreadcrumbList\",\"@id\":\"https:\/\/pistonaddict.com\/hu\/porsche-959-arveresre-elado\/#breadcrumb\",\"itemListElement\":[{\"@type\":\"ListItem\",\"position\":1,\"name\":\"Kezd\u0151lap\",\"item\":\"https:\/\/pistonaddict.com\/hu\/honlap\/\"},{\"@type\":\"ListItem\",\"position\":2,\"name\":\"Porsche 959 \u00e1rver\u00e9sre elad\u00f3\"}]},{\"@type\":\"WebSite\",\"@id\":\"https:\/\/pistonaddict.com\/hu\/#website\",\"url\":\"https:\/\/pistonaddict.com\/hu\/\",\"name\":\"Piston Addict\",\"description\":\"Only interesting vehicles\",\"publisher\":{\"@id\":\"https:\/\/pistonaddict.com\/hu\/#organization\"},\"potentialAction\":[{\"@type\":\"SearchAction\",\"target\":{\"@type\":\"EntryPoint\",\"urlTemplate\":\"https:\/\/pistonaddict.com\/hu\/?s={search_term_string}\"},\"query-input\":\"required name=search_term_string\"}],\"inLanguage\":\"hu\"},{\"@type\":\"Organization\",\"@id\":\"https:\/\/pistonaddict.com\/hu\/#organization\",\"name\":\"Piston Addict\",\"url\":\"https:\/\/pistonaddict.com\/hu\/\",\"logo\":{\"@type\":\"ImageObject\",\"inLanguage\":\"hu\",\"@id\":\"https:\/\/pistonaddict.com\/hu\/#\/schema\/logo\/image\/\",\"url\":\"https:\/\/pistonaddict.com\/wp-content\/uploads\/2022\/07\/logo-6.png\",\"contentUrl\":\"https:\/\/pistonaddict.com\/wp-content\/uploads\/2022\/07\/logo-6.png\",\"width\":970,\"height\":200,\"caption\":\"Piston Addict\"},\"image\":{\"@id\":\"https:\/\/pistonaddict.com\/hu\/#\/schema\/logo\/image\/\"}},{\"@type\":\"Person\",\"@id\":\"https:\/\/pistonaddict.com\/hu\/#\/schema\/person\/b654bd8ec8744297879f6f28628ad974\",\"name\":\"kubiweb\",\"url\":\"https:\/\/pistonaddict.com\/hu\/author\/kubiweb\/\"}]}<\/script>\n<!-- \/ Yoast SEO plugin. -->","yoast_head_json":{"title":"Porsche 959 \u00e1rver\u00e9sre elad\u00f3 - Piston Addict","description":"Minden, amit a Porsche 959-esr\u0151l tudni kell. N\u00e9zze meg a Porsche 959 \u00f6sszes aut\u00f3\u00e1rver\u00e9s\u00e9t a PistonAddict.com oldalon.","robots":{"index":"index","follow":"follow","max-snippet":"max-snippet:-1","max-image-preview":"max-image-preview:large","max-video-preview":"max-video-preview:-1"},"canonical":"https:\/\/pistonaddict.com\/hu\/porsche-959-arveresre-elado\/","og_locale":"hu_HU","og_type":"article","og_title":"Porsche 959 \u00e1rver\u00e9sre elad\u00f3 - Piston Addict","og_description":"Minden, amit a Porsche 959-esr\u0151l tudni kell. N\u00e9zze meg a Porsche 959 \u00f6sszes aut\u00f3\u00e1rver\u00e9s\u00e9t a PistonAddict.com oldalon.","og_url":"https:\/\/pistonaddict.com\/hu\/porsche-959-arveresre-elado\/","og_site_name":"Piston Addict","article_published_time":"2023-01-25T08:51:11+00:00","article_modified_time":"2023-04-24T15:07:43+00:00","og_image":[{"width":2048,"height":1442,"url":"https:\/\/pistonaddict.com\/wp-content\/uploads\/2023\/01\/Porsche-959-5.jpg","type":"image\/jpeg"}],"author":"kubiweb","twitter_card":"summary_large_image","twitter_misc":{"Szerz\u0151:":"kubiweb","Becs\u00fclt olvas\u00e1si id\u0151":"9 perc"},"schema":{"@context":"https:\/\/schema.org","@graph":[{"@type":"Article","@id":"https:\/\/pistonaddict.com\/hu\/porsche-959-arveresre-elado\/#article","isPartOf":{"@id":"https:\/\/pistonaddict.com\/hu\/porsche-959-arveresre-elado\/"},"author":{"name":"kubiweb","@id":"https:\/\/pistonaddict.com\/hu\/#\/schema\/person\/b654bd8ec8744297879f6f28628ad974"},"headline":"Porsche 959 \u00e1rver\u00e9sre elad\u00f3","datePublished":"2023-01-25T08:51:11+00:00","dateModified":"2023-04-24T15:07:43+00:00","mainEntityOfPage":{"@id":"https:\/\/pistonaddict.com\/hu\/porsche-959-arveresre-elado\/"},"wordCount":1803,"publisher":{"@id":"https:\/\/pistonaddict.com\/hu\/#organization"},"image":{"@id":"https:\/\/pistonaddict.com\/hu\/porsche-959-arveresre-elado\/#primaryimage"},"thumbnailUrl":"https:\/\/pistonaddict.com\/wp-content\/uploads\/2023\/01\/Porsche-959-5.jpg","articleSection":["Uncategorized @hu"],"inLanguage":"hu"},{"@type":"WebPage","@id":"https:\/\/pistonaddict.com\/hu\/porsche-959-arveresre-elado\/","url":"https:\/\/pistonaddict.com\/hu\/porsche-959-arveresre-elado\/","name":"Porsche 959 \u00e1rver\u00e9sre elad\u00f3 - Piston Addict","isPartOf":{"@id":"https:\/\/pistonaddict.com\/hu\/#website"},"primaryImageOfPage":{"@id":"https:\/\/pistonaddict.com\/hu\/porsche-959-arveresre-elado\/#primaryimage"},"image":{"@id":"https:\/\/pistonaddict.com\/hu\/porsche-959-arveresre-elado\/#primaryimage"},"thumbnailUrl":"https:\/\/pistonaddict.com\/wp-content\/uploads\/2023\/01\/Porsche-959-5.jpg","datePublished":"2023-01-25T08:51:11+00:00","dateModified":"2023-04-24T15:07:43+00:00","description":"Minden, amit a Porsche 959-esr\u0151l tudni kell. N\u00e9zze meg a Porsche 959 \u00f6sszes aut\u00f3\u00e1rver\u00e9s\u00e9t a PistonAddict.com oldalon.","breadcrumb":{"@id":"https:\/\/pistonaddict.com\/hu\/porsche-959-arveresre-elado\/#breadcrumb"},"inLanguage":"hu","potentialAction":[{"@type":"ReadAction","target":["https:\/\/pistonaddict.com\/hu\/porsche-959-arveresre-elado\/"]}]},{"@type":"ImageObject","inLanguage":"hu","@id":"https:\/\/pistonaddict.com\/hu\/porsche-959-arveresre-elado\/#primaryimage","url":"https:\/\/pistonaddict.com\/wp-content\/uploads\/2023\/01\/Porsche-959-5.jpg","contentUrl":"https:\/\/pistonaddict.com\/wp-content\/uploads\/2023\/01\/Porsche-959-5.jpg","width":2048,"height":1442},{"@type":"BreadcrumbList","@id":"https:\/\/pistonaddict.com\/hu\/porsche-959-arveresre-elado\/#breadcrumb","itemListElement":[{"@type":"ListItem","position":1,"name":"Kezd\u0151lap","item":"https:\/\/pistonaddict.com\/hu\/honlap\/"},{"@type":"ListItem","position":2,"name":"Porsche 959 \u00e1rver\u00e9sre elad\u00f3"}]},{"@type":"WebSite","@id":"https:\/\/pistonaddict.com\/hu\/#website","url":"https:\/\/pistonaddict.com\/hu\/","name":"Piston Addict","description":"Only interesting vehicles","publisher":{"@id":"https:\/\/pistonaddict.com\/hu\/#organization"},"potentialAction":[{"@type":"SearchAction","target":{"@type":"EntryPoint","urlTemplate":"https:\/\/pistonaddict.com\/hu\/?s={search_term_string}"},"query-input":"required name=search_term_string"}],"inLanguage":"hu"},{"@type":"Organization","@id":"https:\/\/pistonaddict.com\/hu\/#organization","name":"Piston Addict","url":"https:\/\/pistonaddict.com\/hu\/","logo":{"@type":"ImageObject","inLanguage":"hu","@id":"https:\/\/pistonaddict.com\/hu\/#\/schema\/logo\/image\/","url":"https:\/\/pistonaddict.com\/wp-content\/uploads\/2022\/07\/logo-6.png","contentUrl":"https:\/\/pistonaddict.com\/wp-content\/uploads\/2022\/07\/logo-6.png","width":970,"height":200,"caption":"Piston Addict"},"image":{"@id":"https:\/\/pistonaddict.com\/hu\/#\/schema\/logo\/image\/"}},{"@type":"Person","@id":"https:\/\/pistonaddict.com\/hu\/#\/schema\/person\/b654bd8ec8744297879f6f28628ad974","name":"kubiweb","url":"https:\/\/pistonaddict.com\/hu\/author\/kubiweb\/"}]}},"_links":{"self":[{"href":"https:\/\/pistonaddict.com\/hu\/wp-json\/wp\/v2\/posts\/25358"}],"collection":[{"href":"https:\/\/pistonaddict.com\/hu\/wp-json\/wp\/v2\/posts"}],"about":[{"href":"https:\/\/pistonaddict.com\/hu\/wp-json\/wp\/v2\/types\/post"}],"author":[{"embeddable":true,"href":"https:\/\/pistonaddict.com\/hu\/wp-json\/wp\/v2\/users\/19"}],"replies":[{"embeddable":true,"href":"https:\/\/pistonaddict.com\/hu\/wp-json\/wp\/v2\/comments?post=25358"}],"version-history":[{"count":3,"href":"https:\/\/pistonaddict.com\/hu\/wp-json\/wp\/v2\/posts\/25358\/revisions"}],"predecessor-version":[{"id":40066,"href":"https:\/\/pistonaddict.com\/hu\/wp-json\/wp\/v2\/posts\/25358\/revisions\/40066"}],"wp:featuredmedia":[{"embeddable":true,"href":"https:\/\/pistonaddict.com\/hu\/wp-json\/wp\/v2\/media\/25239"}],"wp:attachment":[{"href":"https:\/\/pistonaddict.com\/hu\/wp-json\/wp\/v2\/media?parent=25358"}],"wp:term":[{"taxonomy":"category","embeddable":true,"href":"https:\/\/pistonaddict.com\/hu\/wp-json\/wp\/v2\/categories?post=25358"},{"taxonomy":"post_tag","embeddable":true,"href":"https:\/\/pistonaddict.com\/hu\/wp-json\/wp\/v2\/tags?post=25358"}],"curies":[{"name":"wp","href":"https:\/\/api.w.org\/{rel}","templated":true}]}}