{"id":516,"date":"2022-05-02T13:16:24","date_gmt":"2022-05-02T11:16:24","guid":{"rendered":"https:\/\/pistonaddict.com\/?p=516"},"modified":"2023-05-17T11:09:05","modified_gmt":"2023-05-17T09:09:05","slug":"porsche-911-a-vendre","status":"publish","type":"post","link":"https:\/\/pistonaddict.com\/fr\/porsche-911-a-vendre\/","title":{"rendered":"Porsche 911 \u00e0 vendre"},"content":{"rendered":"\t\t<div data-elementor-type=\"wp-post\" data-elementor-id=\"516\" class=\"elementor elementor-516 elementor-3234\">\n\t\t\t\t\t\t<section class=\"elementor-section elementor-top-section elementor-element elementor-element-042f62c elementor-section-full_width elementor-section-height-default elementor-section-height-default\" data-id=\"042f62c\" data-element_type=\"section\">\n\t\t\t\t\t\t<div class=\"elementor-container elementor-column-gap-default\">\n\t\t\t\t\t<div class=\"elementor-column elementor-col-100 elementor-top-column elementor-element elementor-element-57a62c3\" data-id=\"57a62c3\" data-element_type=\"column\">\n\t\t\t<div class=\"elementor-widget-wrap elementor-element-populated\">\n\t\t\t\t\t\t<div class=\"elementor-element elementor-element-663207f elementor-widget elementor-widget-text-editor\" data-id=\"663207f\" data-element_type=\"widget\" data-widget_type=\"text-editor.default\">\n\t\t\t\t<div class=\"elementor-widget-container\">\n\t\t\t<style>\/*! elementor - v3.21.0 - 18-04-2024 *\/\n.elementor-widget-text-editor.elementor-drop-cap-view-stacked .elementor-drop-cap{background-color:#69727d;color:#fff}.elementor-widget-text-editor.elementor-drop-cap-view-framed .elementor-drop-cap{color:#69727d;border:3px solid;background-color:transparent}.elementor-widget-text-editor:not(.elementor-drop-cap-view-default) .elementor-drop-cap{margin-top:8px}.elementor-widget-text-editor:not(.elementor-drop-cap-view-default) .elementor-drop-cap-letter{width:1em;height:1em}.elementor-widget-text-editor .elementor-drop-cap{float:left;text-align:center;line-height:1;font-size:50px}.elementor-widget-text-editor .elementor-drop-cap-letter{display:inline-block}<\/style>\t\t\t\t\n          <h2>Porsche 911 &#8211; Evolution du mod\u00e8le<\/h2>\n          <h3>introduction<\/h3>\n          <p>\n            <span class=\"VIiyi\" lang=\"fr\">\n              <span class=\"JLqJ4b\" data-language-for-alternatives=\"fr\" data-language-to-translate-into=\"en\" data-phrase-index=\"0\" data-number-of-phrases=\"1\">\n                <span class=\"Q4iAWc\">Il existe des mod\u00e8les \u00e0 succ\u00e8s dans le monde des voitures de sport, et il y a la Porsche 911. Depuis pr\u00e8s de sept d\u00e9cennies et plus d&#8217;un million d&#8217;exemplaires vendus, la 911 a r\u00e9ussi \u00e0 transcender les limites de l&#8217;industrie automobile. Il est devenu un objet instantan\u00e9ment reconnaissable et un symbole de performance, de design et de qualit\u00e9. <strong>La 911 n&#8217;est plus seulement une voiture; c&#8217;est une d\u00e9claration de mode, un objet de collection et une ic\u00f4ne culturelle post-moderne universellement acclam\u00e9e.<\/strong> Ses lignes fluides et sa forme incomparable sont grav\u00e9es dans une concision collective, garantissant que son h\u00e9ritage vivra pour toujours. Son design unique et son agencement m\u00e9canique, que l&#8217;entreprise s&#8217;est obstin\u00e9ment refus\u00e9 de modifier mais affin\u00e9 au fil des ans, t\u00e9moigne de l&#8217;id\u00e9e originale et du g\u00e9nie de Ferdinand &#8220;Butzi&#8221; Porsche. Il est donc facile de voir pourquoi l&#8217;\u00e9volution de cette magnifique voiture est si fascinante et \u00e0 quel point le travail minutieux derri\u00e8re le succ\u00e8s de la 911 a \u00e9t\u00e9. Voici les histoires derri\u00e8re chaque g\u00e9n\u00e9ration de 911 et comment ce mod\u00e8le est rest\u00e9 pertinent et a prosp\u00e9r\u00e9, \u00e0 la fois dans les rues et sur les circuits pendant si longtemps.<\/span>\n              <\/span>\n            <\/span>\n          <\/p>\n          <p> <\/p>\n        \t\t\t\t\t\t<\/div>\n\t\t\t\t<\/div>\n\t\t\t\t\t<\/div>\n\t\t<\/div>\n\t\t\t\t\t<\/div>\n\t\t<\/section>\n\t\t\t\t<section class=\"elementor-section elementor-top-section elementor-element elementor-element-4312318 elementor-section-full_width elementor-section-height-default elementor-section-height-default\" data-id=\"4312318\" data-element_type=\"section\">\n\t\t\t\t\t\t<div class=\"elementor-container elementor-column-gap-default\">\n\t\t\t\t\t<div class=\"elementor-column elementor-col-50 elementor-top-column elementor-element elementor-element-45367da\" data-id=\"45367da\" data-element_type=\"column\">\n\t\t\t<div class=\"elementor-widget-wrap elementor-element-populated\">\n\t\t\t\t\t\t<div class=\"elementor-element elementor-element-e9e933c elementor-widget elementor-widget-text-editor\" data-id=\"e9e933c\" data-element_type=\"widget\" data-widget_type=\"text-editor.default\">\n\t\t\t\t<div class=\"elementor-widget-container\">\n\t\t\t\t\t\t\t\n          <h3>\n            <span class=\"VIiyi\" lang=\"fr\">\n              <span class=\"JLqJ4b ChMk0b\" data-language-for-alternatives=\"fr\" data-language-to-translate-into=\"en\" data-phrase-index=\"0\" data-number-of-phrases=\"1\">\n                <span class=\"Q4iAWc\">Les premiers mod\u00e8les (1963 \u00e0 1973)<\/span>\n              <\/span>\n            <\/span>\n          <\/h3>\n          <p>Le succ\u00e8s du mod\u00e8le 356 a mis Porsche sur la carte, mais l&#8217;entreprise s&#8217;est rendu compte que le prochain mod\u00e8le devait \u00eatre plus grand, plus puissant et plus pratique. <strong>C&#8217;est ainsi qu&#8217;en 1959, Butzi Porsche r\u00e9alise les premiers dessins de ce qui deviendra la 911.<\/strong> La production a commenc\u00e9 en 1964 et les premiers exemplaires \u00e9taient propuls\u00e9s par un moteur six cylindres \u00e0 plat de 2,0 litres, bien qu&#8217;un mod\u00e8le \u00e0 quatre cylindres appel\u00e9 912 ait \u00e9t\u00e9 introduit. en 1965. M\u00eame si le coup\u00e9 2 + 2 \u00e9tait le style de carrosserie standard en 1967, le mod\u00e8le Targa a \u00e9t\u00e9 introduit et comportait un arceau de s\u00e9curit\u00e9 en acier inoxydable, qui offrait aux clients une conduite \u00e0 toit ouvert mais avec la rigidit\u00e9 structurelle et la s\u00e9curit\u00e9 de la \u00abcoupe\u00bb.<\/p>\n        \t\t\t\t\t\t<\/div>\n\t\t\t\t<\/div>\n\t\t\t\t\t<\/div>\n\t\t<\/div>\n\t\t\t\t<div class=\"elementor-column elementor-col-50 elementor-top-column elementor-element elementor-element-caed0a1\" data-id=\"caed0a1\" data-element_type=\"column\">\n\t\t\t<div class=\"elementor-widget-wrap elementor-element-populated\">\n\t\t\t\t\t\t<div class=\"elementor-element elementor-element-3e4830b elementor-widget elementor-widget-image\" data-id=\"3e4830b\" data-element_type=\"widget\" data-widget_type=\"image.default\">\n\t\t\t\t<div class=\"elementor-widget-container\">\n\t\t\t<style>\/*! elementor - v3.21.0 - 18-04-2024 *\/\n.elementor-widget-image{text-align:center}.elementor-widget-image a{display:inline-block}.elementor-widget-image a img[src$=\".svg\"]{width:48px}.elementor-widget-image img{vertical-align:middle;display:inline-block}<\/style>\t\t\t\t\t\t\t\t\t\t<img fetchpriority=\"high\" decoding=\"async\" width=\"847\" height=\"1024\" src=\"https:\/\/pistonaddict.com\/wp-content\/uploads\/2022\/05\/porsche_911_s_2.0_targa_87-847x1024.jpg\" class=\"attachment-large size-large wp-image-529\" alt=\"\" srcset=\"https:\/\/pistonaddict.com\/wp-content\/uploads\/2022\/05\/porsche_911_s_2.0_targa_87-847x1024.jpg 847w, https:\/\/pistonaddict.com\/wp-content\/uploads\/2022\/05\/porsche_911_s_2.0_targa_87-600x726.jpg 600w, https:\/\/pistonaddict.com\/wp-content\/uploads\/2022\/05\/porsche_911_s_2.0_targa_87-248x300.jpg 248w, https:\/\/pistonaddict.com\/wp-content\/uploads\/2022\/05\/porsche_911_s_2.0_targa_87-768x929.jpg 768w, https:\/\/pistonaddict.com\/wp-content\/uploads\/2022\/05\/porsche_911_s_2.0_targa_87.jpg 1133w\" sizes=\"(max-width: 847px) 100vw, 847px\" \/>\t\t\t\t\t\t\t\t\t\t\t\t\t<\/div>\n\t\t\t\t<\/div>\n\t\t\t\t\t<\/div>\n\t\t<\/div>\n\t\t\t\t\t<\/div>\n\t\t<\/section>\n\t\t\t\t<section class=\"elementor-section elementor-top-section elementor-element elementor-element-2a3126d elementor-section-full_width elementor-section-height-default elementor-section-height-default\" data-id=\"2a3126d\" data-element_type=\"section\">\n\t\t\t\t\t\t<div class=\"elementor-container elementor-column-gap-default\">\n\t\t\t\t\t<div class=\"elementor-column elementor-col-100 elementor-top-column elementor-element elementor-element-444ad58\" data-id=\"444ad58\" data-element_type=\"column\">\n\t\t\t<div class=\"elementor-widget-wrap elementor-element-populated\">\n\t\t\t\t\t\t<div class=\"elementor-element elementor-element-32e0c9e elementor-widget elementor-widget-text-editor\" data-id=\"32e0c9e\" data-element_type=\"widget\" data-widget_type=\"text-editor.default\">\n\t\t\t\t<div class=\"elementor-widget-container\">\n\t\t\t\t\t\t\t\n          <p>Au cours des dix premi\u00e8res ann\u00e9es, Porsche a soigneusement d\u00e9velopp\u00e9 la 911, ajoutant plus de puissance, des moteurs plus gros et des modifications de suspension en raison de la manipulation d\u00e9licate des premi\u00e8res voitures. <strong>\u00c0 peu pr\u00e8s \u00e0 la m\u00eame \u00e9poque, la 911 a commenc\u00e9 son extraordinaire carri\u00e8re de course, qui a culmin\u00e9 avec les sublimes mod\u00e8les 911 RS et RSR du d\u00e9but des ann\u00e9es 1970<\/strong> . Ces mod\u00e8les tr\u00e8s recherch\u00e9s \u00e9taient \u00e9quip\u00e9s d&#8217;un moteur 2,7 litres de 210 ch (296 ch en version course), imbattable sur les circuits.<\/p>\n          <p>\n            <span class=\"VIiyi\" lang=\"fr\">\n              <span class=\"JLqJ4b\" data-language-for-alternatives=\"fr\" data-language-to-translate-into=\"en\" data-phrase-index=\"0\" data-number-of-phrases=\"1\">\n                <span class=\"Q4iAWc\"> <\/span>\n              <\/span>\n            <\/span>\n          <\/p>\n        \t\t\t\t\t\t<\/div>\n\t\t\t\t<\/div>\n\t\t\t\t\t<\/div>\n\t\t<\/div>\n\t\t\t\t\t<\/div>\n\t\t<\/section>\n\t\t\t\t<section class=\"elementor-section elementor-top-section elementor-element elementor-element-f48fb8f elementor-section-full_width elementor-section-height-default elementor-section-height-default\" data-id=\"f48fb8f\" data-element_type=\"section\">\n\t\t\t\t\t\t<div class=\"elementor-container elementor-column-gap-default\">\n\t\t\t\t\t<div class=\"elementor-column elementor-col-50 elementor-top-column elementor-element elementor-element-2c1f6d7\" data-id=\"2c1f6d7\" data-element_type=\"column\">\n\t\t\t<div class=\"elementor-widget-wrap elementor-element-populated\">\n\t\t\t\t\t\t<div class=\"elementor-element elementor-element-937dca9 elementor-widget elementor-widget-image\" data-id=\"937dca9\" data-element_type=\"widget\" data-widget_type=\"image.default\">\n\t\t\t\t<div class=\"elementor-widget-container\">\n\t\t\t\t\t\t\t\t\t\t\t\t\t<img decoding=\"async\" width=\"1024\" height=\"821\" src=\"https:\/\/pistonaddict.com\/wp-content\/uploads\/2022\/05\/porsche_911_carrera_3.2_coupe_47-1024x821.jpg\" class=\"attachment-large size-large wp-image-533\" alt=\"\" srcset=\"https:\/\/pistonaddict.com\/wp-content\/uploads\/2022\/05\/porsche_911_carrera_3.2_coupe_47-1024x821.jpg 1024w, https:\/\/pistonaddict.com\/wp-content\/uploads\/2022\/05\/porsche_911_carrera_3.2_coupe_47-600x481.jpg 600w, https:\/\/pistonaddict.com\/wp-content\/uploads\/2022\/05\/porsche_911_carrera_3.2_coupe_47-300x241.jpg 300w, https:\/\/pistonaddict.com\/wp-content\/uploads\/2022\/05\/porsche_911_carrera_3.2_coupe_47-768x616.jpg 768w, https:\/\/pistonaddict.com\/wp-content\/uploads\/2022\/05\/porsche_911_carrera_3.2_coupe_47-1536x1232.jpg 1536w, https:\/\/pistonaddict.com\/wp-content\/uploads\/2022\/05\/porsche_911_carrera_3.2_coupe_47.jpg 2000w\" sizes=\"(max-width: 1024px) 100vw, 1024px\" \/>\t\t\t\t\t\t\t\t\t\t\t\t\t<\/div>\n\t\t\t\t<\/div>\n\t\t\t\t\t<\/div>\n\t\t<\/div>\n\t\t\t\t<div class=\"elementor-column elementor-col-50 elementor-top-column elementor-element elementor-element-2e7f6d8\" data-id=\"2e7f6d8\" data-element_type=\"column\">\n\t\t\t<div class=\"elementor-widget-wrap elementor-element-populated\">\n\t\t\t\t\t\t<div class=\"elementor-element elementor-element-b4769ed elementor-widget elementor-widget-text-editor\" data-id=\"b4769ed\" data-element_type=\"widget\" data-widget_type=\"text-editor.default\">\n\t\t\t\t<div class=\"elementor-widget-container\">\n\t\t\t\t\t\t\t\n          <h3>La s\u00e9rie G (1973 \u00e0 1989)<\/h3>\n          <p>M\u00eame si les ann\u00e9es 70 se sont av\u00e9r\u00e9es difficiles pour la 911, avec des normes d&#8217;\u00e9mission et de s\u00e9curit\u00e9 limitant la puissance de sortie et la d\u00e9cision interne de tuer le mod\u00e8le au profit de la Porsche 928, la 911 a r\u00e9ussi \u00e0 survivre et \u00e0 survivre. rester au top. <strong>Produite dans de nombreuses versions pendant pr\u00e8s de 16 ans, la plus ancienne de toutes les g\u00e9n\u00e9rations 911, la s\u00e9rie G s&#8217;est av\u00e9r\u00e9e extr\u00eamement importante pour la race<\/strong> . Non seulement Porsche a continu\u00e9 \u00e0 faire \u00e9voluer le concept original, mais il a \u00e9galement introduit deux mod\u00e8les extr\u00eamement importants.<\/p>\n        \t\t\t\t\t\t<\/div>\n\t\t\t\t<\/div>\n\t\t\t\t\t<\/div>\n\t\t<\/div>\n\t\t\t\t\t<\/div>\n\t\t<\/section>\n\t\t\t\t<section class=\"elementor-section elementor-top-section elementor-element elementor-element-092c530 elementor-section-full_width elementor-section-height-default elementor-section-height-default\" data-id=\"092c530\" data-element_type=\"section\">\n\t\t\t\t\t\t<div class=\"elementor-container elementor-column-gap-default\">\n\t\t\t\t\t<div class=\"elementor-column elementor-col-100 elementor-top-column elementor-element elementor-element-9f57290\" data-id=\"9f57290\" data-element_type=\"column\">\n\t\t\t<div class=\"elementor-widget-wrap elementor-element-populated\">\n\t\t\t\t\t\t<div class=\"elementor-element elementor-element-10e05a7 elementor-widget elementor-widget-text-editor\" data-id=\"10e05a7\" data-element_type=\"widget\" data-widget_type=\"text-editor.default\">\n\t\t\t\t<div class=\"elementor-widget-container\">\n\t\t\t\t\t\t\t\n          <p>\n            <span class=\"VIiyi\" lang=\"fr\"><span class=\"JLqJ4b ChMk0b\" data-language-for-alternatives=\"fr\" data-language-to-translate-into=\"en\" data-phrase-index=\"0\" data-number-of-phrases=\"3\"><span class=\"Q4iAWc\">La premi\u00e8re fut la Porsche 930 Turbo qui a r\u00e9volutionn\u00e9 le monde des voitures de sport et est rest\u00e9e depuis le mod\u00e8le phare de la gamme 911.<\/span><\/span> <strong><span class=\"JLqJ4b ChMk0b\" data-language-for-alternatives=\"fr\" data-language-to-translate-into=\"en\" data-phrase-index=\"1\" data-number-of-phrases=\"3\"><span class=\"Q4iAWc\">La puissance de 260 ch pourrait \u00eatre jug\u00e9e insuffisante aujourd&#8217;hui, mais en 1976 elle \u00e9tait \u00e9norme et faisait de la 930 Turbo la voiture de s\u00e9rie la plus rapide au monde !<\/span><\/span><\/strong> <span class=\"JLqJ4b ChMk0b\" data-language-for-alternatives=\"fr\" data-language-to-translate-into=\"en\" data-phrase-index=\"2\" data-number-of-phrases=\"3\"><span class=\"Q4iAWc\">Avec son faible poids, sa maniabilit\u00e9 notoirement d\u00e9licate et son d\u00e9calage turbo, la 930 Turbo \u00e9tait maniable et effrayante, mais cela n&#8217;a fait qu&#8217;amplifier son attrait et en faire une l\u00e9gende instantan\u00e9e parmi les passionn\u00e9s.<\/span><\/span><\/span>\n          <\/p>\n          <p>\n            <span class=\"VIiyi\" lang=\"fr\"><span class=\"JLqJ4b ChMk0b\" data-language-for-alternatives=\"fr\" data-language-to-translate-into=\"en\" data-phrase-index=\"0\" data-number-of-phrases=\"3\"><span class=\"Q4iAWc\">Le deuxi\u00e8me mod\u00e8le phare \u00e9tait la 911 Cabriolet, vendue avec la Targa.<\/span><\/span> <span class=\"JLqJ4b ChMk0b\" data-language-for-alternatives=\"fr\" data-language-to-translate-into=\"en\" data-phrase-index=\"1\" data-number-of-phrases=\"3\"><span class=\"Q4iAWc\">En raison d&#8217;une construction sp\u00e9cifique, transformer la 911 en cabriolet int\u00e9gral a \u00e9t\u00e9 consid\u00e9r\u00e9 comme impossible pendant pr\u00e8s de 20 ans.<\/span><\/span> <span class=\"JLqJ4b ChMk0b\" data-language-for-alternatives=\"fr\" data-language-to-translate-into=\"en\" data-phrase-index=\"2\" data-number-of-phrases=\"3\"><span class=\"Q4iAWc\">Cependant, en 1983, <strong>Porsche a r\u00e9ussi \u00e0 introduire un tel mod\u00e8le, qui est rest\u00e9 l&#8217;une des variantes de 911 les plus vendues jusqu&#8217;\u00e0 aujourd&#8217;hui<\/strong> .<\/span><\/span><\/span>\n          <\/p>\n          <p> <\/p>\n        \t\t\t\t\t\t<\/div>\n\t\t\t\t<\/div>\n\t\t\t\t\t<\/div>\n\t\t<\/div>\n\t\t\t\t\t<\/div>\n\t\t<\/section>\n\t\t\t\t<section class=\"elementor-section elementor-top-section elementor-element elementor-element-3de4dae elementor-section-full_width elementor-section-height-default elementor-section-height-default\" data-id=\"3de4dae\" data-element_type=\"section\">\n\t\t\t\t\t\t<div class=\"elementor-container elementor-column-gap-default\">\n\t\t\t\t\t<div class=\"elementor-column elementor-col-50 elementor-top-column elementor-element elementor-element-2c66a1b\" data-id=\"2c66a1b\" data-element_type=\"column\">\n\t\t\t<div class=\"elementor-widget-wrap elementor-element-populated\">\n\t\t\t\t\t\t<div class=\"elementor-element elementor-element-53e18c4 elementor-widget elementor-widget-text-editor\" data-id=\"53e18c4\" data-element_type=\"widget\" data-widget_type=\"text-editor.default\">\n\t\t\t\t<div class=\"elementor-widget-container\">\n\t\t\t\t\t\t\t\n          <h3>Le mod\u00e8le 964 (1989 \u00e0 1994)<\/h3>\n          <p>La g\u00e9n\u00e9ration 964 peut sembler tr\u00e8s similaire de l&#8217;ext\u00e9rieur, mais elle a \u00e9t\u00e9 profond\u00e9ment am\u00e9lior\u00e9e, modernis\u00e9e et plus avanc\u00e9e que les anciennes voitures de la s\u00e9rie G. La soci\u00e9t\u00e9 a d\u00e9cid\u00e9 de rester conservatrice en termes d&#8217;apparence mais d&#8217;investir massivement dans la technologie moderne, les options de suspension et de transmission. L&#8217;entreprise a d\u00e9cid\u00e9 de rester conservatrice en termes d&#8217;apparence mais d&#8217;investir massivement dans les technologies modernes, les suspensions et les options de transmission. <\/p>\n        \t\t\t\t\t\t<\/div>\n\t\t\t\t<\/div>\n\t\t\t\t\t<\/div>\n\t\t<\/div>\n\t\t\t\t<div class=\"elementor-column elementor-col-50 elementor-top-column elementor-element elementor-element-34ba836\" data-id=\"34ba836\" data-element_type=\"column\">\n\t\t\t<div class=\"elementor-widget-wrap elementor-element-populated\">\n\t\t\t\t\t\t<div class=\"elementor-element elementor-element-3dd7d46 elementor-widget elementor-widget-image\" data-id=\"3dd7d46\" data-element_type=\"widget\" data-widget_type=\"image.default\">\n\t\t\t\t<div class=\"elementor-widget-container\">\n\t\t\t\t\t\t\t\t\t\t\t\t\t<img decoding=\"async\" width=\"1024\" height=\"768\" src=\"https:\/\/pistonaddict.com\/wp-content\/uploads\/2022\/05\/porsche_911_carrera_3.2_cabriolet_turbolook-1024x768.jpg\" class=\"attachment-large size-large wp-image-537\" alt=\"\" srcset=\"https:\/\/pistonaddict.com\/wp-content\/uploads\/2022\/05\/porsche_911_carrera_3.2_cabriolet_turbolook-1024x768.jpg 1024w, https:\/\/pistonaddict.com\/wp-content\/uploads\/2022\/05\/porsche_911_carrera_3.2_cabriolet_turbolook-520x390.jpg 520w, https:\/\/pistonaddict.com\/wp-content\/uploads\/2022\/05\/porsche_911_carrera_3.2_cabriolet_turbolook-600x450.jpg 600w, https:\/\/pistonaddict.com\/wp-content\/uploads\/2022\/05\/porsche_911_carrera_3.2_cabriolet_turbolook-300x225.jpg 300w, https:\/\/pistonaddict.com\/wp-content\/uploads\/2022\/05\/porsche_911_carrera_3.2_cabriolet_turbolook-768x576.jpg 768w, https:\/\/pistonaddict.com\/wp-content\/uploads\/2022\/05\/porsche_911_carrera_3.2_cabriolet_turbolook-260x195.jpg 260w, https:\/\/pistonaddict.com\/wp-content\/uploads\/2022\/05\/porsche_911_carrera_3.2_cabriolet_turbolook.jpg 1280w\" sizes=\"(max-width: 1024px) 100vw, 1024px\" \/>\t\t\t\t\t\t\t\t\t\t\t\t\t<\/div>\n\t\t\t\t<\/div>\n\t\t\t\t\t<\/div>\n\t\t<\/div>\n\t\t\t\t\t<\/div>\n\t\t<\/section>\n\t\t\t\t<section class=\"elementor-section elementor-top-section elementor-element elementor-element-70e1218 elementor-section-full_width elementor-section-height-default elementor-section-height-default\" data-id=\"70e1218\" data-element_type=\"section\">\n\t\t\t\t\t\t<div class=\"elementor-container elementor-column-gap-default\">\n\t\t\t\t\t<div class=\"elementor-column elementor-col-100 elementor-top-column elementor-element elementor-element-5094737\" data-id=\"5094737\" data-element_type=\"column\">\n\t\t\t<div class=\"elementor-widget-wrap elementor-element-populated\">\n\t\t\t\t\t\t<div class=\"elementor-element elementor-element-c51431f elementor-widget elementor-widget-text-editor\" data-id=\"c51431f\" data-element_type=\"widget\" data-widget_type=\"text-editor.default\">\n\t\t\t\t<div class=\"elementor-widget-container\">\n\t\t\t\t\t\t\t\n          <p><strong>C&#8217;est pourquoi on peut appeler la 964 &#8220;la premi\u00e8re 911 moderne&#8221; puisqu&#8217;elle \u00e9tait \u00e9quip\u00e9e de freins ABS, d&#8217;airbags, d&#8217;ordinateurs de bord et surtout d&#8217;un syst\u00e8me de transmission int\u00e9grale.<\/strong> Mais ce n&#8217;est pas tout : certaines versions de la 964 \u00e9taient \u00e9quip\u00e9es de la transmission automatique Tiptronic, qui peut \u00eatre consid\u00e9r\u00e9e comme le pr\u00e9d\u00e9cesseur de la d\u00e9sormais populaire transmission Porsche PDK.<\/p>\n        \t\t\t\t\t\t<\/div>\n\t\t\t\t<\/div>\n\t\t\t\t\t<\/div>\n\t\t<\/div>\n\t\t\t\t\t<\/div>\n\t\t<\/section>\n\t\t\t\t<section class=\"elementor-section elementor-top-section elementor-element elementor-element-74a5615 elementor-section-full_width elementor-section-height-default elementor-section-height-default\" data-id=\"74a5615\" data-element_type=\"section\">\n\t\t\t\t\t\t<div class=\"elementor-container elementor-column-gap-default\">\n\t\t\t\t\t<div class=\"elementor-column elementor-col-50 elementor-top-column elementor-element elementor-element-3a021c5\" data-id=\"3a021c5\" data-element_type=\"column\">\n\t\t\t<div class=\"elementor-widget-wrap elementor-element-populated\">\n\t\t\t\t\t\t<div class=\"elementor-element elementor-element-6802820 elementor-widget elementor-widget-image\" data-id=\"6802820\" data-element_type=\"widget\" data-widget_type=\"image.default\">\n\t\t\t\t<div class=\"elementor-widget-container\">\n\t\t\t\t\t\t\t\t\t\t\t\t\t<img loading=\"lazy\" decoding=\"async\" width=\"1024\" height=\"768\" src=\"https:\/\/pistonaddict.com\/wp-content\/uploads\/2022\/05\/porsche_911_carrera_4_coupe_us-spec_8.jpeg\" class=\"attachment-large size-large wp-image-539\" alt=\"\" srcset=\"https:\/\/pistonaddict.com\/wp-content\/uploads\/2022\/05\/porsche_911_carrera_4_coupe_us-spec_8.jpeg 1024w, https:\/\/pistonaddict.com\/wp-content\/uploads\/2022\/05\/porsche_911_carrera_4_coupe_us-spec_8-520x390.jpeg 520w, https:\/\/pistonaddict.com\/wp-content\/uploads\/2022\/05\/porsche_911_carrera_4_coupe_us-spec_8-600x450.jpeg 600w, https:\/\/pistonaddict.com\/wp-content\/uploads\/2022\/05\/porsche_911_carrera_4_coupe_us-spec_8-300x225.jpeg 300w, https:\/\/pistonaddict.com\/wp-content\/uploads\/2022\/05\/porsche_911_carrera_4_coupe_us-spec_8-768x576.jpeg 768w, https:\/\/pistonaddict.com\/wp-content\/uploads\/2022\/05\/porsche_911_carrera_4_coupe_us-spec_8-260x195.jpeg 260w\" sizes=\"(max-width: 1024px) 100vw, 1024px\" \/>\t\t\t\t\t\t\t\t\t\t\t\t\t<\/div>\n\t\t\t\t<\/div>\n\t\t\t\t\t<\/div>\n\t\t<\/div>\n\t\t\t\t<div class=\"elementor-column elementor-col-50 elementor-top-column elementor-element elementor-element-eeb7bd6\" data-id=\"eeb7bd6\" data-element_type=\"column\">\n\t\t\t<div class=\"elementor-widget-wrap elementor-element-populated\">\n\t\t\t\t\t\t<div class=\"elementor-element elementor-element-6a4c71b elementor-widget elementor-widget-text-editor\" data-id=\"6a4c71b\" data-element_type=\"widget\" data-widget_type=\"text-editor.default\">\n\t\t\t\t<div class=\"elementor-widget-container\">\n\t\t\t\t\t\t\t\n          <p>\n            <span class=\"VIiyi\" lang=\"fr\">\n              <span class=\"JLqJ4b ChMk0b\" data-language-for-alternatives=\"fr\" data-language-to-translate-into=\"en\" data-phrase-index=\"0\" data-number-of-phrases=\"1\">\n                <span class=\"Q4iAWc\">M\u00eame si la 964 n&#8217;a \u00e9t\u00e9 produite que pendant cinq ans, elle a profond\u00e9ment chang\u00e9 le r\u00e9cit de la 911, \u00e9largi ses talents et l&#8217;a pr\u00e9sent\u00e9e comme un mod\u00e8le Gran Turismo, pas seulement la voiture de sport rapide qu&#8217;elle \u00e9tait. toujours l&#8217;\u00e9t\u00e9.<\/span>\n              <\/span>\n            <\/span>\n          <\/p>\n        \t\t\t\t\t\t<\/div>\n\t\t\t\t<\/div>\n\t\t\t\t\t<\/div>\n\t\t<\/div>\n\t\t\t\t\t<\/div>\n\t\t<\/section>\n\t\t\t\t<section class=\"elementor-section elementor-top-section elementor-element elementor-element-a1901cb elementor-section-boxed elementor-section-height-default elementor-section-height-default\" data-id=\"a1901cb\" data-element_type=\"section\">\n\t\t\t\t\t\t<div class=\"elementor-container elementor-column-gap-default\">\n\t\t\t\t\t<div class=\"elementor-column elementor-col-100 elementor-top-column elementor-element elementor-element-11a6bfe\" data-id=\"11a6bfe\" data-element_type=\"column\">\n\t\t\t<div class=\"elementor-widget-wrap elementor-element-populated\">\n\t\t\t\t\t\t<div class=\"elementor-element elementor-element-bf944e8 elementor-widget elementor-widget-spacer\" data-id=\"bf944e8\" data-element_type=\"widget\" data-widget_type=\"spacer.default\">\n\t\t\t\t<div class=\"elementor-widget-container\">\n\t\t\t<style>\/*! elementor - v3.21.0 - 18-04-2024 *\/\n.elementor-column .elementor-spacer-inner{height:var(--spacer-size)}.e-con{--container-widget-width:100%}.e-con-inner>.elementor-widget-spacer,.e-con>.elementor-widget-spacer{width:var(--container-widget-width,var(--spacer-size));--align-self:var(--container-widget-align-self,initial);--flex-shrink:0}.e-con-inner>.elementor-widget-spacer>.elementor-widget-container,.e-con>.elementor-widget-spacer>.elementor-widget-container{height:100%;width:100%}.e-con-inner>.elementor-widget-spacer>.elementor-widget-container>.elementor-spacer,.e-con>.elementor-widget-spacer>.elementor-widget-container>.elementor-spacer{height:100%}.e-con-inner>.elementor-widget-spacer>.elementor-widget-container>.elementor-spacer>.elementor-spacer-inner,.e-con>.elementor-widget-spacer>.elementor-widget-container>.elementor-spacer>.elementor-spacer-inner{height:var(--container-widget-height,var(--spacer-size))}.e-con-inner>.elementor-widget-spacer.elementor-widget-empty,.e-con>.elementor-widget-spacer.elementor-widget-empty{position:relative;min-height:22px;min-width:22px}.e-con-inner>.elementor-widget-spacer.elementor-widget-empty .elementor-widget-empty-icon,.e-con>.elementor-widget-spacer.elementor-widget-empty .elementor-widget-empty-icon{position:absolute;top:0;bottom:0;left:0;right:0;margin:auto;padding:0;width:22px;height:22px}<\/style>\t\t<div class=\"elementor-spacer\">\n\t\t\t<div class=\"elementor-spacer-inner\"><\/div>\n\t\t<\/div>\n\t\t\t\t<\/div>\n\t\t\t\t<\/div>\n\t\t\t\t\t<\/div>\n\t\t<\/div>\n\t\t\t\t\t<\/div>\n\t\t<\/section>\n\t\t\t\t<section class=\"elementor-section elementor-top-section elementor-element elementor-element-6e1d431 elementor-section-full_width elementor-section-height-default elementor-section-height-default\" data-id=\"6e1d431\" data-element_type=\"section\">\n\t\t\t\t\t\t<div class=\"elementor-container elementor-column-gap-default\">\n\t\t\t\t\t<div class=\"elementor-column elementor-col-50 elementor-top-column elementor-element elementor-element-2c920f7\" data-id=\"2c920f7\" data-element_type=\"column\">\n\t\t\t<div class=\"elementor-widget-wrap elementor-element-populated\">\n\t\t\t\t\t\t<div class=\"elementor-element elementor-element-0bd0477 elementor-widget elementor-widget-text-editor\" data-id=\"0bd0477\" data-element_type=\"widget\" data-widget_type=\"text-editor.default\">\n\t\t\t\t<div class=\"elementor-widget-container\">\n\t\t\t\t\t\t\t\n          <h3>\n            <span class=\"VIiyi\" lang=\"fr\">\n              <span class=\"JLqJ4b ChMk0b\" data-language-for-alternatives=\"fr\" data-language-to-translate-into=\"en\" data-phrase-index=\"0\" data-number-of-phrases=\"1\">\n                <span class=\"Q4iAWc\">Le mod\u00e8le 993 (1994 \u00e0 1997)<\/span>\n              <\/span>\n            <\/span>\n          <\/h3>\n          <p>Le concept d&#8217;une 911 plus raffin\u00e9e, modernis\u00e9e et finalement meilleure introduit dans la 964 s&#8217;\u00e9tait poursuivi avec la g\u00e9n\u00e9ration 993. Avec un ext\u00e9rieur enti\u00e8rement nouveau, ce mod\u00e8le \u00e9l\u00e9gant \u00e9tait \u00e9galement sup\u00e9rieur sur le plan a\u00e9rodynamique, mieux \u00e9quip\u00e9 et consid\u00e9rablement plus rapide que tous les mod\u00e8les pr\u00e9c\u00e9dents. La construction de base n&#8217;a pas beaucoup chang\u00e9, mais comme pour tout nouveau mod\u00e8le, de nombreux petits changements ont entra\u00een\u00e9 une meilleure maniabilit\u00e9, un meilleur freinage et une meilleure sensation g\u00e9n\u00e9rale de la voiture. <\/p>\n        \t\t\t\t\t\t<\/div>\n\t\t\t\t<\/div>\n\t\t\t\t\t<\/div>\n\t\t<\/div>\n\t\t\t\t<div class=\"elementor-column elementor-col-50 elementor-top-column elementor-element elementor-element-9c00d3b\" data-id=\"9c00d3b\" data-element_type=\"column\">\n\t\t\t<div class=\"elementor-widget-wrap elementor-element-populated\">\n\t\t\t\t\t\t<div class=\"elementor-element elementor-element-4f1b112 elementor-widget elementor-widget-image\" data-id=\"4f1b112\" data-element_type=\"widget\" data-widget_type=\"image.default\">\n\t\t\t\t<div class=\"elementor-widget-container\">\n\t\t\t\t\t\t\t\t\t\t\t\t\t<img loading=\"lazy\" decoding=\"async\" width=\"1024\" height=\"678\" src=\"https:\/\/pistonaddict.com\/wp-content\/uploads\/2022\/05\/porsche_911_carrera_3.6_coupe_3-1024x678.jpeg\" class=\"attachment-large size-large wp-image-540\" alt=\"\" srcset=\"https:\/\/pistonaddict.com\/wp-content\/uploads\/2022\/05\/porsche_911_carrera_3.6_coupe_3-1024x678.jpeg 1024w, https:\/\/pistonaddict.com\/wp-content\/uploads\/2022\/05\/porsche_911_carrera_3.6_coupe_3-600x397.jpeg 600w, https:\/\/pistonaddict.com\/wp-content\/uploads\/2022\/05\/porsche_911_carrera_3.6_coupe_3-300x199.jpeg 300w, https:\/\/pistonaddict.com\/wp-content\/uploads\/2022\/05\/porsche_911_carrera_3.6_coupe_3-768x509.jpeg 768w, https:\/\/pistonaddict.com\/wp-content\/uploads\/2022\/05\/porsche_911_carrera_3.6_coupe_3-1536x1017.jpeg 1536w, https:\/\/pistonaddict.com\/wp-content\/uploads\/2022\/05\/porsche_911_carrera_3.6_coupe_3.jpeg 2032w\" sizes=\"(max-width: 1024px) 100vw, 1024px\" \/>\t\t\t\t\t\t\t\t\t\t\t\t\t<\/div>\n\t\t\t\t<\/div>\n\t\t\t\t\t<\/div>\n\t\t<\/div>\n\t\t\t\t\t<\/div>\n\t\t<\/section>\n\t\t\t\t<section class=\"elementor-section elementor-top-section elementor-element elementor-element-b003cbe elementor-section-full_width elementor-section-height-default elementor-section-height-default\" data-id=\"b003cbe\" data-element_type=\"section\">\n\t\t\t\t\t\t<div class=\"elementor-container elementor-column-gap-default\">\n\t\t\t\t\t<div class=\"elementor-column elementor-col-100 elementor-top-column elementor-element elementor-element-a8e73aa\" data-id=\"a8e73aa\" data-element_type=\"column\">\n\t\t\t<div class=\"elementor-widget-wrap elementor-element-populated\">\n\t\t\t\t\t\t<div class=\"elementor-element elementor-element-0ae0d22 elementor-widget elementor-widget-text-editor\" data-id=\"0ae0d22\" data-element_type=\"widget\" data-widget_type=\"text-editor.default\">\n\t\t\t\t<div class=\"elementor-widget-container\">\n\t\t\t\t\t\t\t\n          <p><strong>Les passionn\u00e9s consid\u00e8rent la 993 comme la &#8220;derni\u00e8re vraie 911&#8221; en raison du fait que cette g\u00e9n\u00e9ration a \u00e9t\u00e9 la derni\u00e8re \u00e0 \u00eatre \u00e9quip\u00e9e des moteurs six cylindres \u00e0 plat refroidis par air<\/strong> .<\/p>\n          <p>La s\u00e9rie 993 a introduit le mod\u00e8le GT2, qui \u00e9tait l&#8217;une des 911 les plus extr\u00eames jamais construites et une voiture de comp\u00e9tition aux performances incroyables. De plus, une nouvelle version Carrera 4S a fait ses d\u00e9buts, qui combinait la technologie de traction int\u00e9grale avec un look Turbo et une dynamique de conduite supr\u00eame.<\/p>\n          <p> <\/p>\n        \t\t\t\t\t\t<\/div>\n\t\t\t\t<\/div>\n\t\t\t\t\t<\/div>\n\t\t<\/div>\n\t\t\t\t\t<\/div>\n\t\t<\/section>\n\t\t\t\t<section class=\"elementor-section elementor-top-section elementor-element elementor-element-c690f45 elementor-section-full_width elementor-section-height-default elementor-section-height-default\" data-id=\"c690f45\" data-element_type=\"section\">\n\t\t\t\t\t\t<div class=\"elementor-container elementor-column-gap-default\">\n\t\t\t\t\t<div class=\"elementor-column elementor-col-50 elementor-top-column elementor-element elementor-element-120e55e\" data-id=\"120e55e\" data-element_type=\"column\">\n\t\t\t<div class=\"elementor-widget-wrap elementor-element-populated\">\n\t\t\t\t\t\t<div class=\"elementor-element elementor-element-fcea41c elementor-widget elementor-widget-image\" data-id=\"fcea41c\" data-element_type=\"widget\" data-widget_type=\"image.default\">\n\t\t\t\t<div class=\"elementor-widget-container\">\n\t\t\t\t\t\t\t\t\t\t\t\t\t<img loading=\"lazy\" decoding=\"async\" width=\"1024\" height=\"766\" src=\"https:\/\/pistonaddict.com\/wp-content\/uploads\/2022\/05\/porsche_911_carrera_coupe_79-1024x766.jpg\" class=\"attachment-large size-large wp-image-518\" alt=\"\" srcset=\"https:\/\/pistonaddict.com\/wp-content\/uploads\/2022\/05\/porsche_911_carrera_coupe_79-1024x766.jpg 1024w, https:\/\/pistonaddict.com\/wp-content\/uploads\/2022\/05\/porsche_911_carrera_coupe_79-520x390.jpg 520w, https:\/\/pistonaddict.com\/wp-content\/uploads\/2022\/05\/porsche_911_carrera_coupe_79-600x449.jpg 600w, https:\/\/pistonaddict.com\/wp-content\/uploads\/2022\/05\/porsche_911_carrera_coupe_79-300x224.jpg 300w, https:\/\/pistonaddict.com\/wp-content\/uploads\/2022\/05\/porsche_911_carrera_coupe_79-768x575.jpg 768w, https:\/\/pistonaddict.com\/wp-content\/uploads\/2022\/05\/porsche_911_carrera_coupe_79-1536x1149.jpg 1536w, https:\/\/pistonaddict.com\/wp-content\/uploads\/2022\/05\/porsche_911_carrera_coupe_79-2048x1532.jpg 2048w, https:\/\/pistonaddict.com\/wp-content\/uploads\/2022\/05\/porsche_911_carrera_coupe_79-260x195.jpg 260w\" sizes=\"(max-width: 1024px) 100vw, 1024px\" \/>\t\t\t\t\t\t\t\t\t\t\t\t\t<\/div>\n\t\t\t\t<\/div>\n\t\t\t\t\t<\/div>\n\t\t<\/div>\n\t\t\t\t<div class=\"elementor-column elementor-col-50 elementor-top-column elementor-element elementor-element-028d4d2\" data-id=\"028d4d2\" data-element_type=\"column\">\n\t\t\t<div class=\"elementor-widget-wrap elementor-element-populated\">\n\t\t\t\t\t\t<div class=\"elementor-element elementor-element-2957a8c elementor-widget elementor-widget-text-editor\" data-id=\"2957a8c\" data-element_type=\"widget\" data-widget_type=\"text-editor.default\">\n\t\t\t\t<div class=\"elementor-widget-container\">\n\t\t\t\t\t\t\t\n          <h3>\n            <span class=\"VIiyi\" lang=\"fr\">\n              <span class=\"JLqJ4b ChMk0b\" data-language-for-alternatives=\"fr\" data-language-to-translate-into=\"en\" data-phrase-index=\"0\" data-number-of-phrases=\"1\">\n                <span class=\"Q4iAWc\">Le mod\u00e8le 996 (1997 \u00e0 2004)<\/span>\n              <\/span>\n            <\/span>\n          <\/h3>\n          <p>La g\u00e9n\u00e9ration 996 \u00e9tait probablement la 911 la plus controvers\u00e9e jamais fabriqu\u00e9e. Certains l&#8217;ont lou\u00e9, mais il a \u00e9t\u00e9 rejet\u00e9 par les puristes de Porsche lors de son introduction. Le design \u00e9tait consid\u00e9r\u00e9 comme trop similaire \u00e0 un Boxster moins cher et plus petit. <strong>Les critiques ont affirm\u00e9 que la voiture n&#8217;avait pas la sensation d&#8217;une 911 plus ancienne puisqu&#8217;elle \u00e9tait maintenant construite par des robots sur la cha\u00eene de montage enti\u00e8rement automatis\u00e9e<\/strong> . <\/p>\n        \t\t\t\t\t\t<\/div>\n\t\t\t\t<\/div>\n\t\t\t\t\t<\/div>\n\t\t<\/div>\n\t\t\t\t\t<\/div>\n\t\t<\/section>\n\t\t\t\t<section class=\"elementor-section elementor-top-section elementor-element elementor-element-40aae3f elementor-section-full_width elementor-section-height-default elementor-section-height-default\" data-id=\"40aae3f\" data-element_type=\"section\">\n\t\t\t\t\t\t<div class=\"elementor-container elementor-column-gap-default\">\n\t\t\t\t\t<div class=\"elementor-column elementor-col-100 elementor-top-column elementor-element elementor-element-293a719\" data-id=\"293a719\" data-element_type=\"column\">\n\t\t\t<div class=\"elementor-widget-wrap elementor-element-populated\">\n\t\t\t\t\t\t<div class=\"elementor-element elementor-element-a170562 elementor-widget elementor-widget-text-editor\" data-id=\"a170562\" data-element_type=\"widget\" data-widget_type=\"text-editor.default\">\n\t\t\t\t<div class=\"elementor-widget-container\">\n\t\t\t\t\t\t\t\n          <p>Mais la principale pr\u00e9occupation \u00e9tait le moteur. M\u00eame s&#8217;il s&#8217;agissait de la m\u00eame configuration flat-six, il \u00e9tait refroidi \u00e0 l&#8217;eau, ce qui \u00e9tait n\u00e9cessaire pour obtenir plus de puissance et respecter les normes d&#8217;\u00e9missions.<\/p>\n          <p>\n            <span class=\"VIiyi\" lang=\"fr\"><span class=\"JLqJ4b ChMk0b\" data-language-for-alternatives=\"fr\" data-language-to-translate-into=\"en\" data-phrase-index=\"0\" data-number-of-phrases=\"2\"><span class=\"Q4iAWc\">Ind\u00e9pendamment des critiques initiales, la g\u00e9n\u00e9ration 996 s&#8217;est av\u00e9r\u00e9e \u00eatre un digne successeur.<\/span><\/span> <span class=\"JLqJ4b ChMk0b\" data-language-for-alternatives=\"fr\" data-language-to-translate-into=\"en\" data-phrase-index=\"1\" data-number-of-phrases=\"2\"><span class=\"Q4iAWc\">Il a introduit une nouvelle technologie dans la famille 911, qui s&#8217;est vendue en nombre remarquable, et a apport\u00e9 le nom l\u00e9gendaire GT3 \u00e0 la gamme avec un autre mod\u00e8le GT2 en tant que 911 haut de gamme.<\/span><\/span><\/span>\n          <\/p>\n          <p> <\/p>\n        \t\t\t\t\t\t<\/div>\n\t\t\t\t<\/div>\n\t\t\t\t\t<\/div>\n\t\t<\/div>\n\t\t\t\t\t<\/div>\n\t\t<\/section>\n\t\t\t\t<section class=\"elementor-section elementor-top-section elementor-element elementor-element-3a9fdc6 elementor-section-full_width elementor-section-height-default elementor-section-height-default\" data-id=\"3a9fdc6\" data-element_type=\"section\">\n\t\t\t\t\t\t<div class=\"elementor-container elementor-column-gap-default\">\n\t\t\t\t\t<div class=\"elementor-column elementor-col-50 elementor-top-column elementor-element elementor-element-01dd7fa\" data-id=\"01dd7fa\" data-element_type=\"column\">\n\t\t\t<div class=\"elementor-widget-wrap elementor-element-populated\">\n\t\t\t\t\t\t<div class=\"elementor-element elementor-element-0bccabf elementor-widget elementor-widget-text-editor\" data-id=\"0bccabf\" data-element_type=\"widget\" data-widget_type=\"text-editor.default\">\n\t\t\t\t<div class=\"elementor-widget-container\">\n\t\t\t\t\t\t\t\n          <h3>Le mod\u00e8le 997 (2004 \u00e0 2011)<\/h3>\n          <p><strong>Avec un design plus \u00e9quilibr\u00e9, une nouvelle g\u00e9n\u00e9ration de moteurs et une technologie moderne, la 997 marque une nouvelle \u00e9tape dans la saga 911<\/strong> . L&#8217;\u00e8re 997 a marqu\u00e9 l&#8217;introduction de la transmission PDK \u00e0 double embrayage de Porsche, qui est d\u00e9sormais un choix pr\u00e9f\u00e9r\u00e9 dans toute la gamme. Comme pr\u00e9vu, la 997 a \u00e9tabli des normes encore plus \u00e9lev\u00e9es en termes de sensation de conduite, de puissance et de performances.<\/p>\n        \t\t\t\t\t\t<\/div>\n\t\t\t\t<\/div>\n\t\t\t\t\t<\/div>\n\t\t<\/div>\n\t\t\t\t<div class=\"elementor-column elementor-col-50 elementor-top-column elementor-element elementor-element-a205942\" data-id=\"a205942\" data-element_type=\"column\">\n\t\t\t<div class=\"elementor-widget-wrap elementor-element-populated\">\n\t\t\t\t\t\t<div class=\"elementor-element elementor-element-930f6b9 elementor-widget elementor-widget-image\" data-id=\"930f6b9\" data-element_type=\"widget\" data-widget_type=\"image.default\">\n\t\t\t\t<div class=\"elementor-widget-container\">\n\t\t\t\t\t\t\t\t\t\t\t\t\t<img loading=\"lazy\" decoding=\"async\" width=\"1024\" height=\"768\" src=\"https:\/\/pistonaddict.com\/wp-content\/uploads\/2022\/05\/porsche_911_carrera_31-1024x768.jpg\" class=\"attachment-large size-large wp-image-548\" alt=\"\" srcset=\"https:\/\/pistonaddict.com\/wp-content\/uploads\/2022\/05\/porsche_911_carrera_31-1024x768.jpg 1024w, https:\/\/pistonaddict.com\/wp-content\/uploads\/2022\/05\/porsche_911_carrera_31-520x390.jpg 520w, https:\/\/pistonaddict.com\/wp-content\/uploads\/2022\/05\/porsche_911_carrera_31-600x450.jpg 600w, https:\/\/pistonaddict.com\/wp-content\/uploads\/2022\/05\/porsche_911_carrera_31-300x225.jpg 300w, https:\/\/pistonaddict.com\/wp-content\/uploads\/2022\/05\/porsche_911_carrera_31-768x576.jpg 768w, https:\/\/pistonaddict.com\/wp-content\/uploads\/2022\/05\/porsche_911_carrera_31-1536x1152.jpg 1536w, https:\/\/pistonaddict.com\/wp-content\/uploads\/2022\/05\/porsche_911_carrera_31-260x195.jpg 260w, https:\/\/pistonaddict.com\/wp-content\/uploads\/2022\/05\/porsche_911_carrera_31.jpg 2048w\" sizes=\"(max-width: 1024px) 100vw, 1024px\" \/>\t\t\t\t\t\t\t\t\t\t\t\t\t<\/div>\n\t\t\t\t<\/div>\n\t\t\t\t\t<\/div>\n\t\t<\/div>\n\t\t\t\t\t<\/div>\n\t\t<\/section>\n\t\t\t\t<section class=\"elementor-section elementor-top-section elementor-element elementor-element-0483dec elementor-section-full_width elementor-section-height-default elementor-section-height-default\" data-id=\"0483dec\" data-element_type=\"section\">\n\t\t\t\t\t\t<div class=\"elementor-container elementor-column-gap-default\">\n\t\t\t\t\t<div class=\"elementor-column elementor-col-100 elementor-top-column elementor-element elementor-element-bfa3002\" data-id=\"bfa3002\" data-element_type=\"column\">\n\t\t\t<div class=\"elementor-widget-wrap elementor-element-populated\">\n\t\t\t\t\t\t<div class=\"elementor-element elementor-element-51f1a10 elementor-widget elementor-widget-text-editor\" data-id=\"51f1a10\" data-element_type=\"widget\" data-widget_type=\"text-editor.default\">\n\t\t\t\t<div class=\"elementor-widget-container\">\n\t\t\t\t\t\t\t\n          <p>\n            <span class=\"VIiyi\" lang=\"fr\"><span class=\"JLqJ4b ChMk0b\" data-language-for-alternatives=\"fr\" data-language-to-translate-into=\"en\" data-phrase-index=\"0\" data-number-of-phrases=\"2\"><span class=\"Q4iAWc\"><strong>Pour les vrais passionn\u00e9s de conduite, la gamme GT s&#8217;est poursuivie avec GT2 et GT3, qui \u00e9taient consid\u00e9r\u00e9es comme les meilleurs instruments de conduite disponibles<\/strong> .<\/span><\/span> <span class=\"JLqJ4b ChMk0b\" data-language-for-alternatives=\"fr\" data-language-to-translate-into=\"en\" data-phrase-index=\"1\" data-number-of-phrases=\"2\"><span class=\"Q4iAWc\">Bien s\u00fbr, le puissant Turbo est rest\u00e9 dans la gamme, mais GT3 4.0 RS, avec son moteur sur mesure et sa technologie r\u00e9volutionnaire, est le mod\u00e8le le plus recherch\u00e9 de la gamme 997.<\/span><\/span><\/span>\n          <\/p>\n          <p> <\/p>\n        \t\t\t\t\t\t<\/div>\n\t\t\t\t<\/div>\n\t\t\t\t\t<\/div>\n\t\t<\/div>\n\t\t\t\t\t<\/div>\n\t\t<\/section>\n\t\t\t\t<section class=\"elementor-section elementor-top-section elementor-element elementor-element-05703c6 elementor-section-full_width elementor-section-height-default elementor-section-height-default\" data-id=\"05703c6\" data-element_type=\"section\">\n\t\t\t\t\t\t<div class=\"elementor-container elementor-column-gap-default\">\n\t\t\t\t\t<div class=\"elementor-column elementor-col-50 elementor-top-column elementor-element elementor-element-5e715dd\" data-id=\"5e715dd\" data-element_type=\"column\">\n\t\t\t<div class=\"elementor-widget-wrap elementor-element-populated\">\n\t\t\t\t\t\t<div class=\"elementor-element elementor-element-9bf5b85 elementor-widget elementor-widget-image\" data-id=\"9bf5b85\" data-element_type=\"widget\" data-widget_type=\"image.default\">\n\t\t\t\t<div class=\"elementor-widget-container\">\n\t\t\t\t\t\t\t\t\t\t\t\t\t<img loading=\"lazy\" decoding=\"async\" width=\"1024\" height=\"768\" src=\"https:\/\/pistonaddict.com\/wp-content\/uploads\/2022\/05\/porsche_911_carrera_4s_coupe_945-1024x768.jpg\" class=\"attachment-large size-large wp-image-552\" alt=\"\" srcset=\"https:\/\/pistonaddict.com\/wp-content\/uploads\/2022\/05\/porsche_911_carrera_4s_coupe_945-1024x768.jpg 1024w, https:\/\/pistonaddict.com\/wp-content\/uploads\/2022\/05\/porsche_911_carrera_4s_coupe_945-520x390.jpg 520w, https:\/\/pistonaddict.com\/wp-content\/uploads\/2022\/05\/porsche_911_carrera_4s_coupe_945-600x450.jpg 600w, https:\/\/pistonaddict.com\/wp-content\/uploads\/2022\/05\/porsche_911_carrera_4s_coupe_945-300x225.jpg 300w, https:\/\/pistonaddict.com\/wp-content\/uploads\/2022\/05\/porsche_911_carrera_4s_coupe_945-768x576.jpg 768w, https:\/\/pistonaddict.com\/wp-content\/uploads\/2022\/05\/porsche_911_carrera_4s_coupe_945-1536x1152.jpg 1536w, https:\/\/pistonaddict.com\/wp-content\/uploads\/2022\/05\/porsche_911_carrera_4s_coupe_945-260x195.jpg 260w, https:\/\/pistonaddict.com\/wp-content\/uploads\/2022\/05\/porsche_911_carrera_4s_coupe_945.jpg 2048w\" sizes=\"(max-width: 1024px) 100vw, 1024px\" \/>\t\t\t\t\t\t\t\t\t\t\t\t\t<\/div>\n\t\t\t\t<\/div>\n\t\t\t\t\t<\/div>\n\t\t<\/div>\n\t\t\t\t<div class=\"elementor-column elementor-col-50 elementor-top-column elementor-element elementor-element-586282a\" data-id=\"586282a\" data-element_type=\"column\">\n\t\t\t<div class=\"elementor-widget-wrap elementor-element-populated\">\n\t\t\t\t\t\t<div class=\"elementor-element elementor-element-e121cb5 elementor-widget elementor-widget-text-editor\" data-id=\"e121cb5\" data-element_type=\"widget\" data-widget_type=\"text-editor.default\">\n\t\t\t\t<div class=\"elementor-widget-container\">\n\t\t\t\t\t\t\t\n          <h3>\n            <span class=\"VIiyi\" lang=\"fr\">\n              <span class=\"JLqJ4b ChMk0b\" data-language-for-alternatives=\"fr\" data-language-to-translate-into=\"en\" data-phrase-index=\"0\" data-number-of-phrases=\"1\">\n                <span class=\"Q4iAWc\">Le mod\u00e8le 991 (2011 \u00e0 2018)<\/span>\n              <\/span>\n            <\/span>\n          <\/h3>\n          <p>Le mod\u00e8le 991 se caract\u00e9rise par un design magnifique et d&#8217;autres am\u00e9liorations dans la technologie et la construction. <strong>Cependant, malgr\u00e9 une apparence belle, rapide et extr\u00eamement performante, les fid\u00e8les de Porsche avaient encore des critiques \u00e0 l&#8217;encontre de la nouvelle direction assist\u00e9e \u00e9lectrique.<\/strong> Il peut manquer la sensation d&#8217;une unit\u00e9 hydraulique plus ancienne, mais il offre des virages beaucoup plus rapides et une dynamique de conduite am\u00e9lior\u00e9e.<\/p>\n        \t\t\t\t\t\t<\/div>\n\t\t\t\t<\/div>\n\t\t\t\t\t<\/div>\n\t\t<\/div>\n\t\t\t\t\t<\/div>\n\t\t<\/section>\n\t\t\t\t<section class=\"elementor-section elementor-top-section elementor-element elementor-element-c48152a elementor-section-full_width elementor-section-height-default elementor-section-height-default\" data-id=\"c48152a\" data-element_type=\"section\">\n\t\t\t\t\t\t<div class=\"elementor-container elementor-column-gap-default\">\n\t\t\t\t\t<div class=\"elementor-column elementor-col-100 elementor-top-column elementor-element elementor-element-6840670\" data-id=\"6840670\" data-element_type=\"column\">\n\t\t\t<div class=\"elementor-widget-wrap elementor-element-populated\">\n\t\t\t\t\t\t<div class=\"elementor-element elementor-element-82c4640 elementor-widget elementor-widget-text-editor\" data-id=\"82c4640\" data-element_type=\"widget\" data-widget_type=\"text-editor.default\">\n\t\t\t\t<div class=\"elementor-widget-container\">\n\t\t\t\t\t\t\t\n          <p>\n            <span class=\"VIiyi\" lang=\"fr\">\n              <span class=\"JLqJ4b ChMk0b\" data-language-for-alternatives=\"fr\" data-language-to-translate-into=\"en\" data-phrase-index=\"1\" data-number-of-phrases=\"2\">\n                <span class=\"Q4iAWc\">La sublime s\u00e9rie GT s&#8217;est poursuivie avec une GT2 incroyablement rapide, et les mod\u00e8les GT3 et Targa sont revenus avec un toit rabattable extr\u00eamement cool, fascinant \u00e0 regarder.<\/span>\n              <\/span>\n            <\/span>\n          <\/p>\n          <p> <\/p>\n        \t\t\t\t\t\t<\/div>\n\t\t\t\t<\/div>\n\t\t\t\t\t<\/div>\n\t\t<\/div>\n\t\t\t\t\t<\/div>\n\t\t<\/section>\n\t\t\t\t<section class=\"elementor-section elementor-top-section elementor-element elementor-element-32609bd elementor-section-full_width elementor-section-height-default elementor-section-height-default\" data-id=\"32609bd\" data-element_type=\"section\">\n\t\t\t\t\t\t<div class=\"elementor-container elementor-column-gap-default\">\n\t\t\t\t\t<div class=\"elementor-column elementor-col-50 elementor-top-column elementor-element elementor-element-de8d465\" data-id=\"de8d465\" data-element_type=\"column\">\n\t\t\t<div class=\"elementor-widget-wrap elementor-element-populated\">\n\t\t\t\t\t\t<div class=\"elementor-element elementor-element-d285d6f elementor-widget elementor-widget-text-editor\" data-id=\"d285d6f\" data-element_type=\"widget\" data-widget_type=\"text-editor.default\">\n\t\t\t\t<div class=\"elementor-widget-container\">\n\t\t\t\t\t\t\t\n          <h3>\n            <span class=\"VIiyi\" lang=\"fr\">\n              <span class=\"JLqJ4b ChMk0b\" data-language-for-alternatives=\"fr\" data-language-to-translate-into=\"en\" data-phrase-index=\"0\" data-number-of-phrases=\"1\">\n                <span class=\"Q4iAWc\">Le mod\u00e8le 992 (de 2018 \u00e0 aujourd&#8217;hui)<\/span>\n              <\/span>\n            <\/span>\n          <\/h3>\n          <p>Avanc\u00e9e, plus rapide, plus grande et plus performante, c&#8217;est ce que nous pourrions d\u00e9crire en quelques mots la g\u00e9n\u00e9ration 992. <strong>La huiti\u00e8me incarnation de ce nom l\u00e9gendaire nous a apport\u00e9 la technologie turbo \u00e0 travers la gamme sans moteurs \u00e0 aspiration naturelle disponibles, une nouvelle suspension, une voie plus large et une conception am\u00e9lior\u00e9e.<\/strong> <\/p>\n        \t\t\t\t\t\t<\/div>\n\t\t\t\t<\/div>\n\t\t\t\t\t<\/div>\n\t\t<\/div>\n\t\t\t\t<div class=\"elementor-column elementor-col-50 elementor-top-column elementor-element elementor-element-280533c\" data-id=\"280533c\" data-element_type=\"column\">\n\t\t\t<div class=\"elementor-widget-wrap elementor-element-populated\">\n\t\t\t\t\t\t<div class=\"elementor-element elementor-element-bd85bcd elementor-widget elementor-widget-image\" data-id=\"bd85bcd\" data-element_type=\"widget\" data-widget_type=\"image.default\">\n\t\t\t\t<div class=\"elementor-widget-container\">\n\t\t\t\t\t\t\t\t\t\t\t\t\t<img loading=\"lazy\" decoding=\"async\" width=\"1024\" height=\"681\" src=\"https:\/\/pistonaddict.com\/wp-content\/uploads\/2022\/05\/porsche_911_carrera_4s_4594-1024x681.jpg\" class=\"attachment-large size-large wp-image-553\" alt=\"\" srcset=\"https:\/\/pistonaddict.com\/wp-content\/uploads\/2022\/05\/porsche_911_carrera_4s_4594-1024x681.jpg 1024w, https:\/\/pistonaddict.com\/wp-content\/uploads\/2022\/05\/porsche_911_carrera_4s_4594-600x399.jpg 600w, https:\/\/pistonaddict.com\/wp-content\/uploads\/2022\/05\/porsche_911_carrera_4s_4594-300x199.jpg 300w, https:\/\/pistonaddict.com\/wp-content\/uploads\/2022\/05\/porsche_911_carrera_4s_4594-768x510.jpg 768w, https:\/\/pistonaddict.com\/wp-content\/uploads\/2022\/05\/porsche_911_carrera_4s_4594-1536x1021.jpg 1536w, https:\/\/pistonaddict.com\/wp-content\/uploads\/2022\/05\/porsche_911_carrera_4s_4594.jpg 2013w\" sizes=\"(max-width: 1024px) 100vw, 1024px\" \/>\t\t\t\t\t\t\t\t\t\t\t\t\t<\/div>\n\t\t\t\t<\/div>\n\t\t\t\t\t<\/div>\n\t\t<\/div>\n\t\t\t\t\t<\/div>\n\t\t<\/section>\n\t\t\t\t<section class=\"elementor-section elementor-top-section elementor-element elementor-element-a038948 elementor-section-full_width elementor-section-height-default elementor-section-height-default\" data-id=\"a038948\" data-element_type=\"section\">\n\t\t\t\t\t\t<div class=\"elementor-container elementor-column-gap-default\">\n\t\t\t\t\t<div class=\"elementor-column elementor-col-100 elementor-top-column elementor-element elementor-element-7b3eccf\" data-id=\"7b3eccf\" data-element_type=\"column\">\n\t\t\t<div class=\"elementor-widget-wrap elementor-element-populated\">\n\t\t\t\t\t\t<div class=\"elementor-element elementor-element-923424b elementor-widget elementor-widget-text-editor\" data-id=\"923424b\" data-element_type=\"widget\" data-widget_type=\"text-editor.default\">\n\t\t\t\t<div class=\"elementor-widget-container\">\n\t\t\t\t\t\t\t\n          <p>Encore une fois, les extr\u00e9mistes de Porsche pourraient trouver ces caract\u00e9ristiques insultantes pour le concept original, mais Porsche est bien conscient de l&#8217;importance de ce mod\u00e8le et le fait \u00e9voluer en cons\u00e9quence.<\/p>\n          <p>\n            <span class=\"VIiyi\" lang=\"fr\">\n              <span class=\"JLqJ4b ChMk0b\" data-language-for-alternatives=\"fr\" data-language-to-translate-into=\"en\" data-phrase-index=\"1\" data-number-of-phrases=\"2\">\n                <span class=\"Q4iAWc\">Cela \u00e9tant dit, nous sommes s\u00fbrs que <strong>Porsche pr\u00e9sentera des mod\u00e8les et des versions uniques l&#8217;ann\u00e9e prochaine pour comm\u00e9morer le 70e anniversaire du mod\u00e8le<\/strong> et son incroyable parcours.<\/span>\n              <\/span>\n            <\/span>\n          <\/p>\n        \t\t\t\t\t\t<\/div>\n\t\t\t\t<\/div>\n\t\t\t\t\t<\/div>\n\t\t<\/div>\n\t\t\t\t\t<\/div>\n\t\t<\/section>\n\t\t\t\t<section class=\"elementor-section elementor-top-section elementor-element elementor-element-f78ca03 elementor-section-boxed elementor-section-height-default elementor-section-height-default\" data-id=\"f78ca03\" data-element_type=\"section\">\n\t\t\t\t\t\t<div class=\"elementor-container elementor-column-gap-default\">\n\t\t\t\t\t<div class=\"elementor-column elementor-col-100 elementor-top-column elementor-element elementor-element-05a301c\" data-id=\"05a301c\" data-element_type=\"column\">\n\t\t\t<div class=\"elementor-widget-wrap elementor-element-populated\">\n\t\t\t\t\t\t<div class=\"elementor-element elementor-element-2af064d elementor-widget elementor-widget-text-editor\" data-id=\"2af064d\" data-element_type=\"widget\" data-widget_type=\"text-editor.default\">\n\t\t\t\t<div class=\"elementor-widget-container\">\n\t\t\t\t\t\t\t<h3><a href=\"https:\/\/pistonaddict.com\/auctions-listing\/\"><strong>Consultez les ench\u00e8res en cours sur la Porsche 911<\/strong><\/a><\/h3>\n\t\t\t\t\t\t<\/div>\n\t\t\t\t<\/div>\n\t\t\t\t\t<\/div>\n\t\t<\/div>\n\t\t\t\t\t<\/div>\n\t\t<\/section>\n\t\t\t\t<\/div>\n\t\t","protected":false},"excerpt":{"rendered":"<p>Il existe des mod\u00e8les \u00e0 succ\u00e8s dans le monde des voitures de sport, et il y a la Porsche 911. Depuis pr\u00e8s de sept d\u00e9cennies et plus d&#8217;un million d&#8217;exemplaires vendus.<\/p>\n","protected":false},"author":1,"featured_media":518,"comment_status":"closed","ping_status":"closed","sticky":false,"template":"","format":"standard","meta":{"inline_featured_image":false,"footnotes":""},"categories":[1],"tags":[],"acf":[],"yoast_head":"<!-- This site is optimized with the Yoast SEO plugin v22.5 - https:\/\/yoast.com\/wordpress\/plugins\/seo\/ -->\n<title>Porsche 911 \u00e0 vendre - Piston Addict<\/title>\n<meta name=\"description\" content=\"Tout ce que vous devez savoir sur la Porsche 911, ann\u00e9e apr\u00e8s ann\u00e9e. Voir toutes les ventes aux ench\u00e8res de voitures Porsche 911 sur PistonAddict.com.\" \/>\n<meta name=\"robots\" content=\"index, follow, max-snippet:-1, max-image-preview:large, max-video-preview:-1\" \/>\n<link rel=\"canonical\" href=\"https:\/\/pistonaddict.com\/fr\/porsche-911-a-vendre\/\" \/>\n<meta property=\"og:locale\" content=\"fr_FR\" \/>\n<meta property=\"og:type\" content=\"article\" \/>\n<meta property=\"og:title\" content=\"Porsche 911 \u00e0 vendre - Piston Addict\" \/>\n<meta property=\"og:description\" content=\"Tout ce que vous devez savoir sur la Porsche 911, ann\u00e9e apr\u00e8s ann\u00e9e. Voir toutes les ventes aux ench\u00e8res de voitures Porsche 911 sur PistonAddict.com.\" \/>\n<meta property=\"og:url\" content=\"https:\/\/pistonaddict.com\/fr\/porsche-911-a-vendre\/\" \/>\n<meta property=\"og:site_name\" content=\"Piston Addict\" \/>\n<meta property=\"article:published_time\" content=\"2022-05-02T11:16:24+00:00\" \/>\n<meta property=\"article:modified_time\" content=\"2023-05-17T09:09:05+00:00\" \/>\n<meta property=\"og:image\" content=\"https:\/\/pistonaddict.com\/wp-content\/uploads\/2022\/05\/porsche_911_carrera_coupe_79.jpg\" \/>\n\t<meta property=\"og:image:width\" content=\"2550\" \/>\n\t<meta property=\"og:image:height\" content=\"1908\" \/>\n\t<meta property=\"og:image:type\" content=\"image\/jpeg\" \/>\n<meta name=\"author\" content=\"mathieu_kubiweb\" \/>\n<meta name=\"twitter:card\" content=\"summary_large_image\" \/>\n<meta name=\"twitter:label1\" content=\"\u00c9crit par\" \/>\n\t<meta name=\"twitter:data1\" content=\"mathieu_kubiweb\" \/>\n\t<meta name=\"twitter:label2\" content=\"Dur\u00e9e de lecture estim\u00e9e\" \/>\n\t<meta name=\"twitter:data2\" content=\"10 minutes\" \/>\n<script type=\"application\/ld+json\" class=\"yoast-schema-graph\">{\"@context\":\"https:\/\/schema.org\",\"@graph\":[{\"@type\":\"Article\",\"@id\":\"https:\/\/pistonaddict.com\/fr\/porsche-911-a-vendre\/#article\",\"isPartOf\":{\"@id\":\"https:\/\/pistonaddict.com\/fr\/porsche-911-a-vendre\/\"},\"author\":{\"name\":\"mathieu_kubiweb\",\"@id\":\"https:\/\/pistonaddict.com\/fr\/#\/schema\/person\/d4fe5a0ced92ae7c6a7c508ba01ca6f4\"},\"headline\":\"Porsche 911 \u00e0 vendre\",\"datePublished\":\"2022-05-02T11:16:24+00:00\",\"dateModified\":\"2023-05-17T09:09:05+00:00\",\"mainEntityOfPage\":{\"@id\":\"https:\/\/pistonaddict.com\/fr\/porsche-911-a-vendre\/\"},\"wordCount\":1665,\"publisher\":{\"@id\":\"https:\/\/pistonaddict.com\/fr\/#organization\"},\"image\":{\"@id\":\"https:\/\/pistonaddict.com\/fr\/porsche-911-a-vendre\/#primaryimage\"},\"thumbnailUrl\":\"https:\/\/pistonaddict.com\/wp-content\/uploads\/2022\/05\/porsche_911_carrera_coupe_79.jpg\",\"articleSection\":[\"Non classifi\u00e9(e)\"],\"inLanguage\":\"fr-FR\"},{\"@type\":\"WebPage\",\"@id\":\"https:\/\/pistonaddict.com\/fr\/porsche-911-a-vendre\/\",\"url\":\"https:\/\/pistonaddict.com\/fr\/porsche-911-a-vendre\/\",\"name\":\"Porsche 911 \u00e0 vendre - Piston Addict\",\"isPartOf\":{\"@id\":\"https:\/\/pistonaddict.com\/fr\/#website\"},\"primaryImageOfPage\":{\"@id\":\"https:\/\/pistonaddict.com\/fr\/porsche-911-a-vendre\/#primaryimage\"},\"image\":{\"@id\":\"https:\/\/pistonaddict.com\/fr\/porsche-911-a-vendre\/#primaryimage\"},\"thumbnailUrl\":\"https:\/\/pistonaddict.com\/wp-content\/uploads\/2022\/05\/porsche_911_carrera_coupe_79.jpg\",\"datePublished\":\"2022-05-02T11:16:24+00:00\",\"dateModified\":\"2023-05-17T09:09:05+00:00\",\"description\":\"Tout ce que vous devez savoir sur la Porsche 911, ann\u00e9e apr\u00e8s ann\u00e9e. Voir toutes les ventes aux ench\u00e8res de voitures Porsche 911 sur PistonAddict.com.\",\"breadcrumb\":{\"@id\":\"https:\/\/pistonaddict.com\/fr\/porsche-911-a-vendre\/#breadcrumb\"},\"inLanguage\":\"fr-FR\",\"potentialAction\":[{\"@type\":\"ReadAction\",\"target\":[\"https:\/\/pistonaddict.com\/fr\/porsche-911-a-vendre\/\"]}]},{\"@type\":\"ImageObject\",\"inLanguage\":\"fr-FR\",\"@id\":\"https:\/\/pistonaddict.com\/fr\/porsche-911-a-vendre\/#primaryimage\",\"url\":\"https:\/\/pistonaddict.com\/wp-content\/uploads\/2022\/05\/porsche_911_carrera_coupe_79.jpg\",\"contentUrl\":\"https:\/\/pistonaddict.com\/wp-content\/uploads\/2022\/05\/porsche_911_carrera_coupe_79.jpg\",\"width\":2550,\"height\":1908},{\"@type\":\"BreadcrumbList\",\"@id\":\"https:\/\/pistonaddict.com\/fr\/porsche-911-a-vendre\/#breadcrumb\",\"itemListElement\":[{\"@type\":\"ListItem\",\"position\":1,\"name\":\"Homepage\",\"item\":\"https:\/\/pistonaddict.com\/fr\/page-daccueil\/\"},{\"@type\":\"ListItem\",\"position\":2,\"name\":\"Porsche 911 \u00e0 vendre\"}]},{\"@type\":\"WebSite\",\"@id\":\"https:\/\/pistonaddict.com\/fr\/#website\",\"url\":\"https:\/\/pistonaddict.com\/fr\/\",\"name\":\"Piston Addict\",\"description\":\"Only interesting vehicles\",\"publisher\":{\"@id\":\"https:\/\/pistonaddict.com\/fr\/#organization\"},\"potentialAction\":[{\"@type\":\"SearchAction\",\"target\":{\"@type\":\"EntryPoint\",\"urlTemplate\":\"https:\/\/pistonaddict.com\/fr\/?s={search_term_string}\"},\"query-input\":\"required name=search_term_string\"}],\"inLanguage\":\"fr-FR\"},{\"@type\":\"Organization\",\"@id\":\"https:\/\/pistonaddict.com\/fr\/#organization\",\"name\":\"Piston Addict\",\"url\":\"https:\/\/pistonaddict.com\/fr\/\",\"logo\":{\"@type\":\"ImageObject\",\"inLanguage\":\"fr-FR\",\"@id\":\"https:\/\/pistonaddict.com\/fr\/#\/schema\/logo\/image\/\",\"url\":\"https:\/\/pistonaddict.com\/wp-content\/uploads\/2022\/07\/logo-6.png\",\"contentUrl\":\"https:\/\/pistonaddict.com\/wp-content\/uploads\/2022\/07\/logo-6.png\",\"width\":970,\"height\":200,\"caption\":\"Piston Addict\"},\"image\":{\"@id\":\"https:\/\/pistonaddict.com\/fr\/#\/schema\/logo\/image\/\"}},{\"@type\":\"Person\",\"@id\":\"https:\/\/pistonaddict.com\/fr\/#\/schema\/person\/d4fe5a0ced92ae7c6a7c508ba01ca6f4\",\"name\":\"mathieu_kubiweb\",\"sameAs\":[\"https:\/\/pistonaddict.com\"],\"url\":\"https:\/\/pistonaddict.com\/fr\/author\/mathieu_kubiweb\/\"}]}<\/script>\n<!-- \/ Yoast SEO plugin. -->","yoast_head_json":{"title":"Porsche 911 \u00e0 vendre - Piston Addict","description":"Tout ce que vous devez savoir sur la Porsche 911, ann\u00e9e apr\u00e8s ann\u00e9e. Voir toutes les ventes aux ench\u00e8res de voitures Porsche 911 sur PistonAddict.com.","robots":{"index":"index","follow":"follow","max-snippet":"max-snippet:-1","max-image-preview":"max-image-preview:large","max-video-preview":"max-video-preview:-1"},"canonical":"https:\/\/pistonaddict.com\/fr\/porsche-911-a-vendre\/","og_locale":"fr_FR","og_type":"article","og_title":"Porsche 911 \u00e0 vendre - Piston Addict","og_description":"Tout ce que vous devez savoir sur la Porsche 911, ann\u00e9e apr\u00e8s ann\u00e9e. Voir toutes les ventes aux ench\u00e8res de voitures Porsche 911 sur PistonAddict.com.","og_url":"https:\/\/pistonaddict.com\/fr\/porsche-911-a-vendre\/","og_site_name":"Piston Addict","article_published_time":"2022-05-02T11:16:24+00:00","article_modified_time":"2023-05-17T09:09:05+00:00","og_image":[{"width":2550,"height":1908,"url":"https:\/\/pistonaddict.com\/wp-content\/uploads\/2022\/05\/porsche_911_carrera_coupe_79.jpg","type":"image\/jpeg"}],"author":"mathieu_kubiweb","twitter_card":"summary_large_image","twitter_misc":{"\u00c9crit par":"mathieu_kubiweb","Dur\u00e9e de lecture estim\u00e9e":"10 minutes"},"schema":{"@context":"https:\/\/schema.org","@graph":[{"@type":"Article","@id":"https:\/\/pistonaddict.com\/fr\/porsche-911-a-vendre\/#article","isPartOf":{"@id":"https:\/\/pistonaddict.com\/fr\/porsche-911-a-vendre\/"},"author":{"name":"mathieu_kubiweb","@id":"https:\/\/pistonaddict.com\/fr\/#\/schema\/person\/d4fe5a0ced92ae7c6a7c508ba01ca6f4"},"headline":"Porsche 911 \u00e0 vendre","datePublished":"2022-05-02T11:16:24+00:00","dateModified":"2023-05-17T09:09:05+00:00","mainEntityOfPage":{"@id":"https:\/\/pistonaddict.com\/fr\/porsche-911-a-vendre\/"},"wordCount":1665,"publisher":{"@id":"https:\/\/pistonaddict.com\/fr\/#organization"},"image":{"@id":"https:\/\/pistonaddict.com\/fr\/porsche-911-a-vendre\/#primaryimage"},"thumbnailUrl":"https:\/\/pistonaddict.com\/wp-content\/uploads\/2022\/05\/porsche_911_carrera_coupe_79.jpg","articleSection":["Non classifi\u00e9(e)"],"inLanguage":"fr-FR"},{"@type":"WebPage","@id":"https:\/\/pistonaddict.com\/fr\/porsche-911-a-vendre\/","url":"https:\/\/pistonaddict.com\/fr\/porsche-911-a-vendre\/","name":"Porsche 911 \u00e0 vendre - Piston Addict","isPartOf":{"@id":"https:\/\/pistonaddict.com\/fr\/#website"},"primaryImageOfPage":{"@id":"https:\/\/pistonaddict.com\/fr\/porsche-911-a-vendre\/#primaryimage"},"image":{"@id":"https:\/\/pistonaddict.com\/fr\/porsche-911-a-vendre\/#primaryimage"},"thumbnailUrl":"https:\/\/pistonaddict.com\/wp-content\/uploads\/2022\/05\/porsche_911_carrera_coupe_79.jpg","datePublished":"2022-05-02T11:16:24+00:00","dateModified":"2023-05-17T09:09:05+00:00","description":"Tout ce que vous devez savoir sur la Porsche 911, ann\u00e9e apr\u00e8s ann\u00e9e. Voir toutes les ventes aux ench\u00e8res de voitures Porsche 911 sur PistonAddict.com.","breadcrumb":{"@id":"https:\/\/pistonaddict.com\/fr\/porsche-911-a-vendre\/#breadcrumb"},"inLanguage":"fr-FR","potentialAction":[{"@type":"ReadAction","target":["https:\/\/pistonaddict.com\/fr\/porsche-911-a-vendre\/"]}]},{"@type":"ImageObject","inLanguage":"fr-FR","@id":"https:\/\/pistonaddict.com\/fr\/porsche-911-a-vendre\/#primaryimage","url":"https:\/\/pistonaddict.com\/wp-content\/uploads\/2022\/05\/porsche_911_carrera_coupe_79.jpg","contentUrl":"https:\/\/pistonaddict.com\/wp-content\/uploads\/2022\/05\/porsche_911_carrera_coupe_79.jpg","width":2550,"height":1908},{"@type":"BreadcrumbList","@id":"https:\/\/pistonaddict.com\/fr\/porsche-911-a-vendre\/#breadcrumb","itemListElement":[{"@type":"ListItem","position":1,"name":"Homepage","item":"https:\/\/pistonaddict.com\/fr\/page-daccueil\/"},{"@type":"ListItem","position":2,"name":"Porsche 911 \u00e0 vendre"}]},{"@type":"WebSite","@id":"https:\/\/pistonaddict.com\/fr\/#website","url":"https:\/\/pistonaddict.com\/fr\/","name":"Piston Addict","description":"Only interesting vehicles","publisher":{"@id":"https:\/\/pistonaddict.com\/fr\/#organization"},"potentialAction":[{"@type":"SearchAction","target":{"@type":"EntryPoint","urlTemplate":"https:\/\/pistonaddict.com\/fr\/?s={search_term_string}"},"query-input":"required name=search_term_string"}],"inLanguage":"fr-FR"},{"@type":"Organization","@id":"https:\/\/pistonaddict.com\/fr\/#organization","name":"Piston Addict","url":"https:\/\/pistonaddict.com\/fr\/","logo":{"@type":"ImageObject","inLanguage":"fr-FR","@id":"https:\/\/pistonaddict.com\/fr\/#\/schema\/logo\/image\/","url":"https:\/\/pistonaddict.com\/wp-content\/uploads\/2022\/07\/logo-6.png","contentUrl":"https:\/\/pistonaddict.com\/wp-content\/uploads\/2022\/07\/logo-6.png","width":970,"height":200,"caption":"Piston Addict"},"image":{"@id":"https:\/\/pistonaddict.com\/fr\/#\/schema\/logo\/image\/"}},{"@type":"Person","@id":"https:\/\/pistonaddict.com\/fr\/#\/schema\/person\/d4fe5a0ced92ae7c6a7c508ba01ca6f4","name":"mathieu_kubiweb","sameAs":["https:\/\/pistonaddict.com"],"url":"https:\/\/pistonaddict.com\/fr\/author\/mathieu_kubiweb\/"}]}},"_links":{"self":[{"href":"https:\/\/pistonaddict.com\/fr\/wp-json\/wp\/v2\/posts\/516"}],"collection":[{"href":"https:\/\/pistonaddict.com\/fr\/wp-json\/wp\/v2\/posts"}],"about":[{"href":"https:\/\/pistonaddict.com\/fr\/wp-json\/wp\/v2\/types\/post"}],"author":[{"embeddable":true,"href":"https:\/\/pistonaddict.com\/fr\/wp-json\/wp\/v2\/users\/1"}],"replies":[{"embeddable":true,"href":"https:\/\/pistonaddict.com\/fr\/wp-json\/wp\/v2\/comments?post=516"}],"version-history":[{"count":45,"href":"https:\/\/pistonaddict.com\/fr\/wp-json\/wp\/v2\/posts\/516\/revisions"}],"predecessor-version":[{"id":40358,"href":"https:\/\/pistonaddict.com\/fr\/wp-json\/wp\/v2\/posts\/516\/revisions\/40358"}],"wp:featuredmedia":[{"embeddable":true,"href":"https:\/\/pistonaddict.com\/fr\/wp-json\/wp\/v2\/media\/518"}],"wp:attachment":[{"href":"https:\/\/pistonaddict.com\/fr\/wp-json\/wp\/v2\/media?parent=516"}],"wp:term":[{"taxonomy":"category","embeddable":true,"href":"https:\/\/pistonaddict.com\/fr\/wp-json\/wp\/v2\/categories?post=516"},{"taxonomy":"post_tag","embeddable":true,"href":"https:\/\/pistonaddict.com\/fr\/wp-json\/wp\/v2\/tags?post=516"}],"curies":[{"name":"wp","href":"https:\/\/api.w.org\/{rel}","templated":true}]}}