{"id":29929,"date":"2023-03-08T21:39:26","date_gmt":"2023-03-08T20:39:26","guid":{"rendered":"https:\/\/pistonaddict.com\/bmw-i8-na-prodej-v-aukci\/"},"modified":"2023-03-08T21:47:40","modified_gmt":"2023-03-08T20:47:40","slug":"bmw-i8-na-prodej-v-aukci","status":"publish","type":"post","link":"https:\/\/pistonaddict.com\/cs\/bmw-i8-na-prodej-v-aukci\/","title":{"rendered":"BMW i8 na prodej v aukci"},"content":{"rendered":"\t\t<div data-elementor-type=\"wp-post\" data-elementor-id=\"29929\" class=\"elementor elementor-29929 elementor-29809\">\n\t\t\t\t\t\t<section class=\"elementor-section elementor-top-section elementor-element elementor-element-487669a elementor-section-boxed elementor-section-height-default elementor-section-height-default\" data-id=\"487669a\" data-element_type=\"section\">\n\t\t\t\t\t\t<div class=\"elementor-container elementor-column-gap-default\">\n\t\t\t\t\t<div class=\"elementor-column elementor-col-100 elementor-top-column elementor-element elementor-element-1b6db47\" data-id=\"1b6db47\" data-element_type=\"column\">\n\t\t\t<div class=\"elementor-widget-wrap elementor-element-populated\">\n\t\t\t\t\t\t<div class=\"elementor-element elementor-element-7692c95 elementor-widget elementor-widget-text-editor\" data-id=\"7692c95\" data-element_type=\"widget\" data-widget_type=\"text-editor.default\">\n\t\t\t\t<div class=\"elementor-widget-container\">\n\t\t\t<style>\/*! elementor - v3.21.0 - 18-04-2024 *\/\n.elementor-widget-text-editor.elementor-drop-cap-view-stacked .elementor-drop-cap{background-color:#69727d;color:#fff}.elementor-widget-text-editor.elementor-drop-cap-view-framed .elementor-drop-cap{color:#69727d;border:3px solid;background-color:transparent}.elementor-widget-text-editor:not(.elementor-drop-cap-view-default) .elementor-drop-cap{margin-top:8px}.elementor-widget-text-editor:not(.elementor-drop-cap-view-default) .elementor-drop-cap-letter{width:1em;height:1em}.elementor-widget-text-editor .elementor-drop-cap{float:left;text-align:center;line-height:1;font-size:50px}.elementor-widget-text-editor .elementor-drop-cap-letter{display:inline-block}<\/style>\t\t\t\t<p>Hybridn\u00ed automobily ve v\u0161ech sv\u00fdch podob\u00e1ch a variant\u00e1ch se v posledn\u00edch letech staly ned\u00edlnou sou\u010d\u00e1st\u00ed na\u0161eho automobilov\u00e9ho sv\u011bta.  <strong>Ty kombinuj\u00ed tradi\u010dn\u00ed spalov\u00e1n\u00ed s elekt\u0159inou, co\u017e nab\u00edz\u00ed plynul\u00fd pohon a p\u0159ekvapiv\u011b n\u00edzkou spot\u0159ebu paliva.<\/strong>  Pr\u016fkopn\u00edkem a n\u00e1sledn\u011b zdokonalitelem t\u00e9to koncepce byla Toyota, jej\u00ed\u017e Prius a podobn\u00e9 modely tuto novou technologii \u0161iroce roz\u0161\u00ed\u0159ily. A\u010dkoli jsou tato vozidla \u00fasporn\u00e1 a \u0161etrn\u00e1 k \u017eivotn\u00edmu prost\u0159ed\u00ed, z pohledu \u0159idi\u010de nejsou p\u0159\u00edli\u0161 vzru\u0161uj\u00edc\u00ed. N\u011bkolik v\u00fdrobc\u016f na\u0161t\u011bst\u00ed po\u010d\u00edtalo s t\u00edm, \u017ee p\u0159i jin\u00e9m vyu\u017eit\u00ed t\u00e9to technologie by bylo mo\u017en\u00e9 vyrobit \u00fa\u017easn\u00e9 vozy. Jedn\u00edm z nich bylo BMW, kter\u00e9 se rozhodlo vyrobit \u0161pi\u010dkov\u00fd sportovn\u00ed v\u016fz v hybridn\u00ed verzi. Jmenuje se i8 a zde je jeho p\u0159\u00edb\u011bh.<\/p>\n<\/p>\n<h2>BMW i8 &#8211; sportovn\u00ed hybrid<\/h2>\n<p>A\u010dkoli se jednotliv\u00e9 modely li\u0161\u00ed, v\u0161echny hybridn\u00ed automobily funguj\u00ed na podobn\u00e9m principu. Pro za\u010d\u00e1tek je tu tradi\u010dn\u00ed spalovac\u00ed motor, kter\u00fd pou\u017e\u00edv\u00e1 benz\u00edn, naftu nebo jinou formu paliva.  <strong>D\u00e1le je zde elektromotor, kter\u00fd z\u00edsk\u00e1v\u00e1 elektrickou energii z akumul\u00e1toru. Na rozd\u00edl od pln\u011b elektrick\u00fdch vozidel jsou v\u0161ak tyto baterie mnohem men\u0161\u00ed, proto\u017ee jejich dojezd nemus\u00ed b\u00fdt velk\u00fd.<\/strong>  Tyto dva motory jsou spojeny tak, \u017ee mohou pracovat samostatn\u011b nebo spole\u010dn\u011b, v z\u00e1vislosti na j\u00edzdn\u00edch podm\u00ednk\u00e1ch. Nap\u0159\u00edklad v pomal\u00e9m m\u011bstsk\u00e9m prost\u0159ed\u00ed bude pracovat pouze elektromotor, aby se u\u0161et\u0159ilo palivo. Kdy\u017e je v\u0161ak pot\u0159eba vy\u0161\u0161\u00ed v\u00fdkon, nap\u0159\u00edklad p\u0159i zrychlov\u00e1n\u00ed, zapoj\u00ed se i spalovac\u00ed motor. Ty budou spolupracovat na zaji\u0161t\u011bn\u00ed maxim\u00e1ln\u00edho v\u00fdkonu a nejlep\u0161\u00edho mo\u017en\u00e9ho v\u00fdkonu. Krom\u011b toho se \u010d\u00e1st energie vyroben\u00e9 v t\u011bchto obdob\u00edch pou\u017eije tak\u00e9 k dob\u00edjen\u00ed bateri\u00ed. Hybridn\u00ed vozidla jsou proto p\u0159i spr\u00e1vn\u00e9m pou\u017e\u00edv\u00e1n\u00ed velmi \u00fasporn\u00e1 a \u0161etrn\u00e1 k \u017eivotn\u00edmu prost\u0159ed\u00ed.<\/p>\n<p>N\u011bkte\u0159\u00ed v\u00fdrobci automobil\u016f v\u0161ak uznali, \u017ee tato relativn\u011b nov\u00e1 technologie m\u00e1 potenci\u00e1l ve \u0161pi\u010dkov\u00fdch sportovn\u00edch vozech, proto\u017ee m\u016f\u017ee zlep\u0161it jejich v\u00fdkon. To je z velk\u00e9 \u010d\u00e1sti d\u00e1no elektromotorem a jeho charakteristikou to\u010div\u00e9ho momentu.  <strong>Na rozd\u00edl od spalovac\u00edch motor\u016f maj\u00ed ve\u0161ker\u00fd v\u00fdkon k dispozici od sam\u00e9ho za\u010d\u00e1tku a nen\u00ed t\u0159eba \u010dekat, a\u017e se ot\u00e1\u010dky zv\u00fd\u0161\u00ed.<\/strong>  A pr\u00e1v\u011b tato vlastnost pom\u00e1h\u00e1 ve spojen\u00ed s p\u0159epl\u0148ovan\u00fdm motorem sn\u00ed\u017eit nebo eliminovat jeho prodlevu. V\u016fz s takov\u00fdm hnac\u00edm \u00fastroj\u00edm proto rychleji vyj\u00ed\u017ed\u00ed z trati a m\u00e1 lep\u0161\u00ed dynamiku p\u0159i \u0159azen\u00ed. Jedn\u00edm z v\u00fdrobc\u016f, kte\u0159\u00ed se o to hluboce zaj\u00edmali, bylo BMW, kter\u00e9 v roce 2014 po n\u011bkolika koncep\u010dn\u00edch modelech kone\u010dn\u011b p\u0159i\u0161lo s hybridn\u00edm modelem i8.<\/p>\n<\/p>\n<h2>BMW i8 &#8211; vzhled<\/h2>\n<p>Vzhled i8 je jednou z v\u011bc\u00ed, kter\u00e1 ji zcela odli\u0161uje od zbytku nab\u00eddky BMW. V\u011bt\u0161ina voz\u016f tohoto bavorsk\u00e9ho v\u00fdrobce, dokonce i v\u00fdkonn\u00e9 modely M, m\u00e1 tradi\u010dn\u00ed tvary.  <strong>Naproti tomu sportovn\u00ed i8 hybrid se sv\u00fdm radik\u00e1ln\u00edm tvarem jim v\u016fbec nepodob\u00e1.<\/strong>  Kdy\u017e stoj\u00edte vedle n\u011bj, rozhodnout se, z jak\u00e9ho \u00fahlu vypad\u00e1 nejv\u00fdrazn\u011bji, nen\u00ed v\u016fbec jednoduch\u00fd \u00fakol. Vp\u0159edu je n\u00edzk\u00e1, sklon\u011bn\u00e1 kapota s velk\u00fdm ventila\u010dn\u00edm otvorem dopln\u011bna agresivn\u011b vyhl\u00ed\u017eej\u00edc\u00ed m\u0159\u00ed\u017ekou chladi\u010de a sv\u011btlomety. P\u0159i pohledu z boku dominuj\u00ed obl\u00e9 siluet\u011b mohutn\u00e9 zadn\u00ed oblouky. Nejneobvyklej\u0161\u00ed je v\u0161ak design zadn\u00ed strany. M\u00e1 v\u011btrac\u00ed otvory integrovan\u00e9 v horn\u00ed \u010d\u00e1sti, bo\u010dn\u00ed hrany p\u0159ipom\u00ednaj\u00edc\u00ed spoiler a difuzor ve spodn\u00ed \u010d\u00e1sti. J\u00edzda za i8 je bezpochyby z\u00e1bavn\u00e1 pod\u00edvan\u00e1.<\/p>\n\t\t\t\t\t\t<\/div>\n\t\t\t\t<\/div>\n\t\t\t\t\t<\/div>\n\t\t<\/div>\n\t\t\t\t\t<\/div>\n\t\t<\/section>\n\t\t\t\t<section class=\"elementor-section elementor-top-section elementor-element elementor-element-deecf09 elementor-section-boxed elementor-section-height-default elementor-section-height-default\" data-id=\"deecf09\" data-element_type=\"section\">\n\t\t\t\t\t\t<div class=\"elementor-container elementor-column-gap-default\">\n\t\t\t\t\t<div class=\"elementor-column elementor-col-100 elementor-top-column elementor-element elementor-element-0e3e413\" data-id=\"0e3e413\" data-element_type=\"column\">\n\t\t\t<div class=\"elementor-widget-wrap elementor-element-populated\">\n\t\t\t\t\t\t<div class=\"elementor-element elementor-element-1435b0b elementor-widget elementor-widget-image\" data-id=\"1435b0b\" data-element_type=\"widget\" data-widget_type=\"image.default\">\n\t\t\t\t<div class=\"elementor-widget-container\">\n\t\t\t<style>\/*! elementor - v3.21.0 - 18-04-2024 *\/\n.elementor-widget-image{text-align:center}.elementor-widget-image a{display:inline-block}.elementor-widget-image a img[src$=\".svg\"]{width:48px}.elementor-widget-image img{vertical-align:middle;display:inline-block}<\/style>\t\t\t\t\t\t\t\t\t\t<img fetchpriority=\"high\" decoding=\"async\" width=\"1024\" height=\"688\" src=\"https:\/\/pistonaddict.com\/wp-content\/uploads\/2023\/03\/BMW-i8-2-1024x688.jpg\" class=\"attachment-large size-large wp-image-29832\" alt=\"\" srcset=\"https:\/\/pistonaddict.com\/wp-content\/uploads\/2023\/03\/BMW-i8-2-1024x688.jpg 1024w, https:\/\/pistonaddict.com\/wp-content\/uploads\/2023\/03\/BMW-i8-2-600x403.jpg 600w, https:\/\/pistonaddict.com\/wp-content\/uploads\/2023\/03\/BMW-i8-2-300x202.jpg 300w, https:\/\/pistonaddict.com\/wp-content\/uploads\/2023\/03\/BMW-i8-2-768x516.jpg 768w, https:\/\/pistonaddict.com\/wp-content\/uploads\/2023\/03\/BMW-i8-2.jpg 1500w\" sizes=\"(max-width: 1024px) 100vw, 1024px\" \/>\t\t\t\t\t\t\t\t\t\t\t\t\t<\/div>\n\t\t\t\t<\/div>\n\t\t\t\t\t<\/div>\n\t\t<\/div>\n\t\t\t\t\t<\/div>\n\t\t<\/section>\n\t\t\t\t<section class=\"elementor-section elementor-top-section elementor-element elementor-element-6b01901 elementor-section-boxed elementor-section-height-default elementor-section-height-default\" data-id=\"6b01901\" data-element_type=\"section\">\n\t\t\t\t\t\t<div class=\"elementor-container elementor-column-gap-default\">\n\t\t\t\t\t<div class=\"elementor-column elementor-col-100 elementor-top-column elementor-element elementor-element-3be2f2e\" data-id=\"3be2f2e\" data-element_type=\"column\">\n\t\t\t<div class=\"elementor-widget-wrap elementor-element-populated\">\n\t\t\t\t\t\t<div class=\"elementor-element elementor-element-4171002 elementor-widget elementor-widget-text-editor\" data-id=\"4171002\" data-element_type=\"widget\" data-widget_type=\"text-editor.default\">\n\t\t\t\t<div class=\"elementor-widget-container\">\n\t\t\t\t\t\t\t<p>BMW i8 bylo k dispozici ve dvou karos\u00e1\u0159sk\u00fdch verz\u00edch, bu\u010f jako kup\u00e9, nebo jako roadster. Hlavn\u00ed rozd\u00edl mezi nimi je krom\u011b absence st\u0159echy v tom, kolik cestuj\u00edc\u00edch mohou p\u0159epravovat. Zat\u00edmco kup\u00e9 je vybaveno \u010dty\u0159mi sedadly, roadster m\u00e1 podle o\u010dek\u00e1v\u00e1n\u00ed pouze dv\u011b. Karoserie obou variant je vyrobena z uhl\u00edkov\u00fdch vl\u00e1ken a pod n\u00ed je hlin\u00edkov\u00e1 konstrukce.<\/p>\n\t\t\t\t\t\t<\/div>\n\t\t\t\t<\/div>\n\t\t\t\t\t<\/div>\n\t\t<\/div>\n\t\t\t\t\t<\/div>\n\t\t<\/section>\n\t\t\t\t<section class=\"elementor-section elementor-top-section elementor-element elementor-element-9faf877 elementor-section-boxed elementor-section-height-default elementor-section-height-default\" data-id=\"9faf877\" data-element_type=\"section\">\n\t\t\t\t\t\t<div class=\"elementor-container elementor-column-gap-default\">\n\t\t\t\t\t<div class=\"elementor-column elementor-col-100 elementor-top-column elementor-element elementor-element-03e9194\" data-id=\"03e9194\" data-element_type=\"column\">\n\t\t\t<div class=\"elementor-widget-wrap elementor-element-populated\">\n\t\t\t\t\t\t<div class=\"elementor-element elementor-element-7e5eff5 elementor-widget elementor-widget-image\" data-id=\"7e5eff5\" data-element_type=\"widget\" data-widget_type=\"image.default\">\n\t\t\t\t<div class=\"elementor-widget-container\">\n\t\t\t\t\t\t\t\t\t\t\t\t\t<img decoding=\"async\" width=\"1024\" height=\"768\" src=\"https:\/\/pistonaddict.com\/wp-content\/uploads\/2023\/03\/BMW-i8-4-1024x768.jpg\" class=\"attachment-large size-large wp-image-29876\" alt=\"\" srcset=\"https:\/\/pistonaddict.com\/wp-content\/uploads\/2023\/03\/BMW-i8-4-1024x768.jpg 1024w, https:\/\/pistonaddict.com\/wp-content\/uploads\/2023\/03\/BMW-i8-4-520x390.jpg 520w, https:\/\/pistonaddict.com\/wp-content\/uploads\/2023\/03\/BMW-i8-4-600x450.jpg 600w, https:\/\/pistonaddict.com\/wp-content\/uploads\/2023\/03\/BMW-i8-4-300x225.jpg 300w, https:\/\/pistonaddict.com\/wp-content\/uploads\/2023\/03\/BMW-i8-4-768x576.jpg 768w, https:\/\/pistonaddict.com\/wp-content\/uploads\/2023\/03\/BMW-i8-4-1536x1152.jpg 1536w, https:\/\/pistonaddict.com\/wp-content\/uploads\/2023\/03\/BMW-i8-4.jpg 2048w\" sizes=\"(max-width: 1024px) 100vw, 1024px\" \/>\t\t\t\t\t\t\t\t\t\t\t\t\t<\/div>\n\t\t\t\t<\/div>\n\t\t\t\t\t<\/div>\n\t\t<\/div>\n\t\t\t\t\t<\/div>\n\t\t<\/section>\n\t\t\t\t<section class=\"elementor-section elementor-top-section elementor-element elementor-element-8448151 elementor-section-boxed elementor-section-height-default elementor-section-height-default\" data-id=\"8448151\" data-element_type=\"section\">\n\t\t\t\t\t\t<div class=\"elementor-container elementor-column-gap-default\">\n\t\t\t\t\t<div class=\"elementor-column elementor-col-100 elementor-top-column elementor-element elementor-element-1eabf88\" data-id=\"1eabf88\" data-element_type=\"column\">\n\t\t\t<div class=\"elementor-widget-wrap elementor-element-populated\">\n\t\t\t\t\t\t<div class=\"elementor-element elementor-element-3b5eab4 elementor-widget elementor-widget-text-editor\" data-id=\"3b5eab4\" data-element_type=\"widget\" data-widget_type=\"text-editor.default\">\n\t\t\t\t<div class=\"elementor-widget-container\">\n\t\t\t\t\t\t\t<p>Jedn\u00edm z unik\u00e1tn\u00edch rys\u016f tohoto vozu jsou jeho dve\u0159e, proto\u017ee zp\u016fsob jejich otev\u00edr\u00e1n\u00ed je zcela neobvykl\u00fd. Zat\u00edmco mnoho vysoce v\u00fdkonn\u00fdch voz\u016f pou\u017e\u00edv\u00e1 n\u016f\u017ekov\u00e9 dve\u0159e, kter\u00e9 se pohybuj\u00ed vertik\u00e1ln\u011b, BMW zvolilo trochu jin\u00e9 \u0159e\u0161en\u00ed, tzv. mot\u00fdl\u00ed dve\u0159e. Tyto dve\u0159e maj\u00ed panty, kter\u00e9 umo\u017e\u0148uj\u00ed otev\u00edr\u00e1n\u00ed na v\u00fd\u0161ku a sm\u011brem ven, co\u017e usnad\u0148uje vstup.<\/p>\n<\/p>\n<h2>BMW i8 &#8211; co se pod n\u00edm skr\u00fdv\u00e1<\/h2>\n<p>Navzdory rozd\u00edl\u016fm ve velikosti nebo v\u00fdkonu maj\u00ed t\u00e9m\u011b\u0159 v\u0161echna BMW vyroben\u00e1 v posledn\u00edch desetilet\u00edch stejn\u00e9 z\u00e1kladn\u00ed uspo\u0159\u00e1d\u00e1n\u00ed. Motor je um\u00edst\u011bn vp\u0159edu, uprost\u0159ed je n\u011bkolik sedadel a vzadu je pohon zadn\u00edch kol.  <strong>Jist\u011b, existuj\u00ed modely s pohonem 4&#215;4, ale to na z\u00e1kladn\u00ed koncepci nic nem\u011bn\u00ed.<\/strong>  Model i8 m\u00e1 v\u0161ak motor um\u00edst\u011bn\u00fd vzadu, hned za sedadly, tak\u017ee se jedn\u00e1 o v\u016fz s motorem uprost\u0159ed. Tuto konfiguraci pou\u017e\u00edv\u00e1 mnoho v\u00fdrobc\u016f u sv\u00fdch vysoce v\u00fdkonn\u00fdch sportovn\u00edch voz\u016f, proto\u017ee nab\u00edz\u00ed vynikaj\u00edc\u00ed rozlo\u017een\u00ed hmotnosti. Nen\u00ed tedy divu, \u017ee BMW zvolilo pro i8 pr\u00e1v\u011b toto uspo\u0159\u00e1d\u00e1n\u00ed.<\/p>\n\t\t\t\t\t\t<\/div>\n\t\t\t\t<\/div>\n\t\t\t\t\t<\/div>\n\t\t<\/div>\n\t\t\t\t\t<\/div>\n\t\t<\/section>\n\t\t\t\t<section class=\"elementor-section elementor-top-section elementor-element elementor-element-9e7d16a elementor-section-boxed elementor-section-height-default elementor-section-height-default\" data-id=\"9e7d16a\" data-element_type=\"section\">\n\t\t\t\t\t\t<div class=\"elementor-container elementor-column-gap-default\">\n\t\t\t\t\t<div class=\"elementor-column elementor-col-100 elementor-top-column elementor-element elementor-element-810e11c\" data-id=\"810e11c\" data-element_type=\"column\">\n\t\t\t<div class=\"elementor-widget-wrap elementor-element-populated\">\n\t\t\t\t\t\t<div class=\"elementor-element elementor-element-a95cbb3 elementor-widget elementor-widget-image\" data-id=\"a95cbb3\" data-element_type=\"widget\" data-widget_type=\"image.default\">\n\t\t\t\t<div class=\"elementor-widget-container\">\n\t\t\t\t\t\t\t\t\t\t\t\t\t<img decoding=\"async\" width=\"1024\" height=\"768\" src=\"https:\/\/pistonaddict.com\/wp-content\/uploads\/2023\/03\/BMW-i8-5-1024x768.jpg\" class=\"attachment-large size-large wp-image-29898\" alt=\"\" srcset=\"https:\/\/pistonaddict.com\/wp-content\/uploads\/2023\/03\/BMW-i8-5-1024x768.jpg 1024w, https:\/\/pistonaddict.com\/wp-content\/uploads\/2023\/03\/BMW-i8-5-520x390.jpg 520w, https:\/\/pistonaddict.com\/wp-content\/uploads\/2023\/03\/BMW-i8-5-600x450.jpg 600w, https:\/\/pistonaddict.com\/wp-content\/uploads\/2023\/03\/BMW-i8-5-300x225.jpg 300w, https:\/\/pistonaddict.com\/wp-content\/uploads\/2023\/03\/BMW-i8-5-768x576.jpg 768w, https:\/\/pistonaddict.com\/wp-content\/uploads\/2023\/03\/BMW-i8-5-1536x1152.jpg 1536w, https:\/\/pistonaddict.com\/wp-content\/uploads\/2023\/03\/BMW-i8-5.jpg 2048w\" sizes=\"(max-width: 1024px) 100vw, 1024px\" \/>\t\t\t\t\t\t\t\t\t\t\t\t\t<\/div>\n\t\t\t\t<\/div>\n\t\t\t\t\t<\/div>\n\t\t<\/div>\n\t\t\t\t\t<\/div>\n\t\t<\/section>\n\t\t\t\t<section class=\"elementor-section elementor-top-section elementor-element elementor-element-cd3a23b elementor-section-boxed elementor-section-height-default elementor-section-height-default\" data-id=\"cd3a23b\" data-element_type=\"section\">\n\t\t\t\t\t\t<div class=\"elementor-container elementor-column-gap-default\">\n\t\t\t\t\t<div class=\"elementor-column elementor-col-100 elementor-top-column elementor-element elementor-element-37cf6bf\" data-id=\"37cf6bf\" data-element_type=\"column\">\n\t\t\t<div class=\"elementor-widget-wrap elementor-element-populated\">\n\t\t\t\t\t\t<div class=\"elementor-element elementor-element-f8679a0 elementor-widget elementor-widget-text-editor\" data-id=\"f8679a0\" data-element_type=\"widget\" data-widget_type=\"text-editor.default\">\n\t\t\t\t<div class=\"elementor-widget-container\">\n\t\t\t\t\t\t\t<p>Motor, kter\u00fd se rozhodli pro tento sportovn\u00ed v\u016fz pou\u017e\u00edt, se v\u0161ak m\u016f\u017ee zd\u00e1t na prvn\u00ed pohled pon\u011bkud zvl\u00e1\u0161tn\u00ed. Ze v\u0161ech dostupn\u00fdch agreg\u00e1t\u016f zvolilo BMW nejmen\u0161\u00ed 1,5litrov\u00fd benzinov\u00fd motor, kter\u00fd m\u00e1 pouze t\u0159i v\u00e1lce. A\u010dkoli to nezn\u00ed jako slibn\u00fd za\u010d\u00e1tek, tento motor m\u00e1 v ruk\u00e1vu n\u011bkolik es, kter\u00e1 by m\u011bla zv\u00fd\u0161it v\u00fdkon.<strong>  Mezi n\u011b pat\u0159\u00ed nap\u0159\u00edklad nejmodern\u011bj\u0161\u00ed syst\u00e9m p\u0159epl\u0148ov\u00e1n\u00ed turbodmychadlem, d\u016fmysln\u00e1 technologie \u010dasov\u00e1n\u00ed ventil\u016f a p\u0159\u00edm\u00e9 vst\u0159ikov\u00e1n\u00ed paliva.<\/strong>  D\u00edky v\u0161em t\u011bmto technologick\u00fdm z\u00e1zrak\u016fm dosahuje benzinov\u00fd motor i8 ohromuj\u00edc\u00edho v\u00fdkonu 228 kon\u00ed. Ten je pak p\u0159en\u00e1\u0161en na zadn\u00ed kola prost\u0159ednictv\u00edm vynikaj\u00edc\u00ed \u0161estistup\u0148ov\u00e9 automatick\u00e9 p\u0159evodovky od spole\u010dnosti Aisin Seiki.<\/p>\n<p>Vp\u0159edu je pak elektromotor o v\u00fdkonu 131 kon\u00ed, kter\u00fd podle o\u010dek\u00e1v\u00e1n\u00ed poh\u00e1n\u00ed p\u0159edn\u00ed kola. M\u00e1 dostatek \u0161\u0165\u00e1vy, aby se v\u016fz mohl pohybovat pouze v elektrick\u00e9m re\u017eimu s \u00fapln\u011b vypnut\u00fdm benzinov\u00fdm motorem. Kdy\u017e jsou v\u0161ak ob\u011b zapnut\u00e9, stane se z i8 kulka s pohonem v\u0161ech kol a v\u00fdkonem t\u00e9m\u011b\u0159 360 kon\u00ed. A nejlep\u0161\u00ed je, \u017ee d\u00edky absenci mechanick\u00fdch \u010d\u00e1st\u00ed spojuj\u00edc\u00edch p\u0159edn\u00ed a zadn\u00ed n\u00e1pravu je tak\u00e9 lehk\u00fd. T\u00edm se tak\u00e9 u\u0161et\u0159\u00ed m\u00edsto uprost\u0159ed vozidla, kde je m\u00edsto toho um\u00edst\u011bn lithium-iontov\u00fd akumul\u00e1tor.  <\/p>\n<\/p>\n<h2>BMW i8 &#8211; jako ka\u017edodenn\u00ed \u0159idi\u010d<\/h2>\n<p><strong>BMW i8 je navzdory hybridn\u00edmu pohonu p\u0159edev\u0161\u00edm sportovn\u00edm vozem, co\u017e potvrzuj\u00ed i v\u00fdkonov\u00e9 parametry<\/strong>. P\u0159i rozjezdu na pln\u00fd plyn zrychl\u00ed na stovku za m\u00e9n\u011b ne\u017e 5 sekund a pokra\u010duje a\u017e do elektronicky omezen\u00e9 rychlosti 155 km\/h. A d\u00edky lehk\u00e9 konstrukci a n\u00edzk\u00e9mu t\u011b\u017ei\u0161ti se v\u00fdjime\u010dn\u011b dob\u0159e ovl\u00e1d\u00e1 v zat\u00e1\u010dk\u00e1ch. Tak\u017ee to je ta \u010d\u00e1st v\u00fdkonu, kter\u00e1 byla od\u0161krtnuta.<\/p>\n\t\t\t\t\t\t<\/div>\n\t\t\t\t<\/div>\n\t\t\t\t\t<\/div>\n\t\t<\/div>\n\t\t\t\t\t<\/div>\n\t\t<\/section>\n\t\t\t\t<section class=\"elementor-section elementor-top-section elementor-element elementor-element-bc08ef1 elementor-section-boxed elementor-section-height-default elementor-section-height-default\" data-id=\"bc08ef1\" data-element_type=\"section\">\n\t\t\t\t\t\t<div class=\"elementor-container elementor-column-gap-default\">\n\t\t\t\t\t<div class=\"elementor-column elementor-col-100 elementor-top-column elementor-element elementor-element-c80b94c\" data-id=\"c80b94c\" data-element_type=\"column\">\n\t\t\t<div class=\"elementor-widget-wrap elementor-element-populated\">\n\t\t\t\t\t\t<div class=\"elementor-element elementor-element-b86e0ca elementor-widget elementor-widget-image\" data-id=\"b86e0ca\" data-element_type=\"widget\" data-widget_type=\"image.default\">\n\t\t\t\t<div class=\"elementor-widget-container\">\n\t\t\t\t\t\t\t\t\t\t\t\t\t<img loading=\"lazy\" decoding=\"async\" width=\"1024\" height=\"677\" src=\"https:\/\/pistonaddict.com\/wp-content\/uploads\/2023\/03\/BMW-i8-1-1024x677.jpg\" class=\"attachment-large size-large wp-image-29810\" alt=\"\" srcset=\"https:\/\/pistonaddict.com\/wp-content\/uploads\/2023\/03\/BMW-i8-1-1024x677.jpg 1024w, https:\/\/pistonaddict.com\/wp-content\/uploads\/2023\/03\/BMW-i8-1-600x397.jpg 600w, https:\/\/pistonaddict.com\/wp-content\/uploads\/2023\/03\/BMW-i8-1-300x198.jpg 300w, https:\/\/pistonaddict.com\/wp-content\/uploads\/2023\/03\/BMW-i8-1-768x508.jpg 768w, https:\/\/pistonaddict.com\/wp-content\/uploads\/2023\/03\/BMW-i8-1-1536x1016.jpg 1536w, https:\/\/pistonaddict.com\/wp-content\/uploads\/2023\/03\/BMW-i8-1.jpg 2047w\" sizes=\"(max-width: 1024px) 100vw, 1024px\" \/>\t\t\t\t\t\t\t\t\t\t\t\t\t<\/div>\n\t\t\t\t<\/div>\n\t\t\t\t\t<\/div>\n\t\t<\/div>\n\t\t\t\t\t<\/div>\n\t\t<\/section>\n\t\t\t\t<section class=\"elementor-section elementor-top-section elementor-element elementor-element-2160704 elementor-section-boxed elementor-section-height-default elementor-section-height-default\" data-id=\"2160704\" data-element_type=\"section\">\n\t\t\t\t\t\t<div class=\"elementor-container elementor-column-gap-default\">\n\t\t\t\t\t<div class=\"elementor-column elementor-col-100 elementor-top-column elementor-element elementor-element-275a0c5\" data-id=\"275a0c5\" data-element_type=\"column\">\n\t\t\t<div class=\"elementor-widget-wrap elementor-element-populated\">\n\t\t\t\t\t\t<div class=\"elementor-element elementor-element-158dc22 elementor-widget elementor-widget-text-editor\" data-id=\"158dc22\" data-element_type=\"widget\" data-widget_type=\"text-editor.default\">\n\t\t\t\t<div class=\"elementor-widget-container\">\n\t\t\t\t\t\t\t<p>Nyn\u00ed k hybridn\u00ed a elektrick\u00e9 \u010d\u00e1sti rovnice. Za prv\u00e9, v pln\u011b elektrick\u00e9m re\u017eimu ujede i8 t\u00e9m\u011b\u0159 20 km. <strong>Jist\u011b, nen\u00ed to mnoho, ale na v\u011bt\u0161inu ka\u017edodenn\u00edho doj\u00ed\u017ed\u011bn\u00ed to sta\u010d\u00ed<\/strong>. Nav\u00edc se v tomto re\u017eimu v\u00fdborn\u011b hod\u00ed do m\u011bstsk\u00e9ho provozu, kde m\u016f\u017ee b\u00fdt manipulace s b\u011b\u017en\u00fdmi v\u00fdkonn\u00fdmi vozy n\u00e1ro\u010dn\u00e1. I se zapnut\u00fdm benzinov\u00fdm motorem ujede a\u017e 130 km na galon. Jedn\u00edm z prvk\u016f, kter\u00e9 to umo\u017e\u0148uj\u00ed, je rekupera\u010dn\u00ed brzd\u011bn\u00ed, kter\u00e9 zachycuje jinak promarn\u011bnou energii a vyu\u017e\u00edv\u00e1 ji k dob\u00edjen\u00ed bateri\u00ed.<\/p>\n<p>A nakonec je tu interi\u00e9r, kter\u00fd je ve verzi kup\u00e9 dostate\u010dn\u011b prostorn\u00fd, aby se do n\u011bj ve\u0161ly \u010dty\u0159i dosp\u011bl\u00e9 osoby. Takovou konfiguraci, kter\u00e1 je u vozu tohoto typu neobvykl\u00e1, umo\u017e\u0148uje pohonn\u00e9 \u00fastroj\u00ed a jeho kompaktnost. Je to op\u011bt proto, \u017ee prostor mezi p\u0159edn\u00ed a zadn\u00ed \u010d\u00e1st\u00ed vozu nezab\u00edraj\u00ed \u017e\u00e1dn\u00e9 mechanick\u00e9 d\u00edly.  <\/p>\n<\/p>\n<h2>BMW i8 &#8211; z\u00e1v\u011br<\/h2>\n<p>Model i8 je pokusem BMW o vytvo\u0159en\u00ed sportovn\u00edho plug-in elektrick\u00e9ho hybridu, kter\u00fd vznikal v letech 2014 a\u017e 2020. Tento v\u016fz m\u00e1 vzadu t\u0159\u00edv\u00e1lcov\u00fd benzinov\u00fd motor, kter\u00fd poh\u00e1n\u00ed zadn\u00ed kola, a elektromotor, kter\u00fd poh\u00e1n\u00ed p\u0159edn\u00ed n\u00e1pravu.  <strong>Dohromady maj\u00ed v\u00fdkon 360 kon\u00ed a mohou ujet a\u017e 20 kilometr\u016f pouze v elektrick\u00e9m re\u017eimu.<\/strong>  D\u00edky vysp\u011bl\u00e9mu pohonu a chytr\u00e9 konfiguraci karoserie je BMW i8 vynikaj\u00edc\u00edm v\u00fdkonn\u00fdm vozem i praktick\u00fdm ka\u017edodenn\u00edm \u0159idi\u010dem. To nepochybn\u011b p\u0159isp\u011blo k jeho popularit\u011b a u\u010dinilo z n\u011bj nejprod\u00e1van\u011bj\u0161\u00ed hybridn\u00ed sportovn\u00ed vozidlo. P\u0159ed ukon\u010den\u00edm v\u00fdroby v \u010dervnu 2022 opustilo mont\u00e1\u017en\u00ed linku v Lipsku v\u00edce ne\u017e 20 000 voz\u016f BMW i8.  <\/p>\n\t\t\t\t\t\t<\/div>\n\t\t\t\t<\/div>\n\t\t\t\t\t<\/div>\n\t\t<\/div>\n\t\t\t\t\t<\/div>\n\t\t<\/section>\n\t\t\t\t<\/div>\n\t\t","protected":false},"excerpt":{"rendered":"<p>Hybridn\u00ed automobily ve v\u0161ech sv\u00fdch podob\u00e1ch a variant\u00e1ch se v posledn\u00edch letech staly ned\u00edlnou sou\u010d\u00e1st\u00ed na\u0161eho automobilov\u00e9ho sv\u011bta.  <\/p>\n","protected":false},"author":19,"featured_media":29857,"comment_status":"closed","ping_status":"closed","sticky":false,"template":"","format":"standard","meta":{"inline_featured_image":false,"footnotes":""},"categories":[48],"tags":[],"acf":[],"yoast_head":"<!-- This site is optimized with the Yoast SEO plugin v22.5 - https:\/\/yoast.com\/wordpress\/plugins\/seo\/ -->\n<title>BMW i8 na prodej v aukci - n\u00e1zev Piston Addict<\/title>\n<meta name=\"description\" content=\"V\u0161e, co pot\u0159ebuje\u0161 v\u011bd\u011bt o BMW i8. Prohl\u00e9dn\u011bte si v\u0161echny aukce voz\u016f BMW i8 na PistonAddict.com.\" \/>\n<meta name=\"robots\" content=\"index, follow, max-snippet:-1, max-image-preview:large, max-video-preview:-1\" \/>\n<link rel=\"canonical\" href=\"https:\/\/pistonaddict.com\/cs\/bmw-i8-na-prodej-v-aukci\/\" \/>\n<meta property=\"og:locale\" content=\"cs_CZ\" \/>\n<meta property=\"og:type\" content=\"article\" \/>\n<meta property=\"og:title\" content=\"BMW i8 na prodej v aukci - n\u00e1zev Piston Addict\" \/>\n<meta property=\"og:description\" content=\"V\u0161e, co pot\u0159ebuje\u0161 v\u011bd\u011bt o BMW i8. Prohl\u00e9dn\u011bte si v\u0161echny aukce voz\u016f BMW i8 na PistonAddict.com.\" \/>\n<meta property=\"og:url\" content=\"https:\/\/pistonaddict.com\/cs\/bmw-i8-na-prodej-v-aukci\/\" \/>\n<meta property=\"og:site_name\" content=\"Piston Addict\" \/>\n<meta property=\"article:published_time\" content=\"2023-03-08T20:39:26+00:00\" \/>\n<meta property=\"article:modified_time\" content=\"2023-03-08T20:47:40+00:00\" \/>\n<meta property=\"og:image\" content=\"https:\/\/pistonaddict.com\/wp-content\/uploads\/2023\/03\/BMW-i8-3.jpg\" \/>\n\t<meta property=\"og:image:width\" content=\"2048\" \/>\n\t<meta property=\"og:image:height\" content=\"1264\" \/>\n\t<meta property=\"og:image:type\" content=\"image\/jpeg\" \/>\n<meta name=\"author\" content=\"kubiweb\" \/>\n<meta name=\"twitter:card\" content=\"summary_large_image\" \/>\n<meta name=\"twitter:label1\" content=\"Napsal(a)\" \/>\n\t<meta name=\"twitter:data1\" content=\"kubiweb\" \/>\n\t<meta name=\"twitter:label2\" content=\"Odhadovan\u00e1 doba \u010dten\u00ed\" \/>\n\t<meta name=\"twitter:data2\" content=\"8 minut\" \/>\n<script type=\"application\/ld+json\" class=\"yoast-schema-graph\">{\"@context\":\"https:\/\/schema.org\",\"@graph\":[{\"@type\":\"Article\",\"@id\":\"https:\/\/pistonaddict.com\/cs\/bmw-i8-na-prodej-v-aukci\/#article\",\"isPartOf\":{\"@id\":\"https:\/\/pistonaddict.com\/cs\/bmw-i8-na-prodej-v-aukci\/\"},\"author\":{\"name\":\"kubiweb\",\"@id\":\"https:\/\/pistonaddict.com\/cs\/#\/schema\/person\/b654bd8ec8744297879f6f28628ad974\"},\"headline\":\"BMW i8 na prodej v aukci\",\"datePublished\":\"2023-03-08T20:39:26+00:00\",\"dateModified\":\"2023-03-08T20:47:40+00:00\",\"mainEntityOfPage\":{\"@id\":\"https:\/\/pistonaddict.com\/cs\/bmw-i8-na-prodej-v-aukci\/\"},\"wordCount\":1588,\"publisher\":{\"@id\":\"https:\/\/pistonaddict.com\/cs\/#organization\"},\"image\":{\"@id\":\"https:\/\/pistonaddict.com\/cs\/bmw-i8-na-prodej-v-aukci\/#primaryimage\"},\"thumbnailUrl\":\"https:\/\/pistonaddict.com\/wp-content\/uploads\/2023\/03\/BMW-i8-3.jpg\",\"articleSection\":[\"Uncategorized @cs\"],\"inLanguage\":\"cs\"},{\"@type\":\"WebPage\",\"@id\":\"https:\/\/pistonaddict.com\/cs\/bmw-i8-na-prodej-v-aukci\/\",\"url\":\"https:\/\/pistonaddict.com\/cs\/bmw-i8-na-prodej-v-aukci\/\",\"name\":\"BMW i8 na prodej v aukci - n\u00e1zev Piston Addict\",\"isPartOf\":{\"@id\":\"https:\/\/pistonaddict.com\/cs\/#website\"},\"primaryImageOfPage\":{\"@id\":\"https:\/\/pistonaddict.com\/cs\/bmw-i8-na-prodej-v-aukci\/#primaryimage\"},\"image\":{\"@id\":\"https:\/\/pistonaddict.com\/cs\/bmw-i8-na-prodej-v-aukci\/#primaryimage\"},\"thumbnailUrl\":\"https:\/\/pistonaddict.com\/wp-content\/uploads\/2023\/03\/BMW-i8-3.jpg\",\"datePublished\":\"2023-03-08T20:39:26+00:00\",\"dateModified\":\"2023-03-08T20:47:40+00:00\",\"description\":\"V\u0161e, co pot\u0159ebuje\u0161 v\u011bd\u011bt o BMW i8. Prohl\u00e9dn\u011bte si v\u0161echny aukce voz\u016f BMW i8 na PistonAddict.com.\",\"breadcrumb\":{\"@id\":\"https:\/\/pistonaddict.com\/cs\/bmw-i8-na-prodej-v-aukci\/#breadcrumb\"},\"inLanguage\":\"cs\",\"potentialAction\":[{\"@type\":\"ReadAction\",\"target\":[\"https:\/\/pistonaddict.com\/cs\/bmw-i8-na-prodej-v-aukci\/\"]}]},{\"@type\":\"ImageObject\",\"inLanguage\":\"cs\",\"@id\":\"https:\/\/pistonaddict.com\/cs\/bmw-i8-na-prodej-v-aukci\/#primaryimage\",\"url\":\"https:\/\/pistonaddict.com\/wp-content\/uploads\/2023\/03\/BMW-i8-3.jpg\",\"contentUrl\":\"https:\/\/pistonaddict.com\/wp-content\/uploads\/2023\/03\/BMW-i8-3.jpg\",\"width\":2048,\"height\":1264},{\"@type\":\"BreadcrumbList\",\"@id\":\"https:\/\/pistonaddict.com\/cs\/bmw-i8-na-prodej-v-aukci\/#breadcrumb\",\"itemListElement\":[{\"@type\":\"ListItem\",\"position\":1,\"name\":\"Domovsk\u00e1 str\u00e1nka\",\"item\":\"https:\/\/pistonaddict.com\/cs\/domovska-stranka-2\/\"},{\"@type\":\"ListItem\",\"position\":2,\"name\":\"BMW i8 na prodej v aukci\"}]},{\"@type\":\"WebSite\",\"@id\":\"https:\/\/pistonaddict.com\/cs\/#website\",\"url\":\"https:\/\/pistonaddict.com\/cs\/\",\"name\":\"Piston Addict\",\"description\":\"Only interesting vehicles\",\"publisher\":{\"@id\":\"https:\/\/pistonaddict.com\/cs\/#organization\"},\"potentialAction\":[{\"@type\":\"SearchAction\",\"target\":{\"@type\":\"EntryPoint\",\"urlTemplate\":\"https:\/\/pistonaddict.com\/cs\/?s={search_term_string}\"},\"query-input\":\"required name=search_term_string\"}],\"inLanguage\":\"cs\"},{\"@type\":\"Organization\",\"@id\":\"https:\/\/pistonaddict.com\/cs\/#organization\",\"name\":\"Piston Addict\",\"url\":\"https:\/\/pistonaddict.com\/cs\/\",\"logo\":{\"@type\":\"ImageObject\",\"inLanguage\":\"cs\",\"@id\":\"https:\/\/pistonaddict.com\/cs\/#\/schema\/logo\/image\/\",\"url\":\"https:\/\/pistonaddict.com\/wp-content\/uploads\/2022\/07\/logo-6.png\",\"contentUrl\":\"https:\/\/pistonaddict.com\/wp-content\/uploads\/2022\/07\/logo-6.png\",\"width\":970,\"height\":200,\"caption\":\"Piston Addict\"},\"image\":{\"@id\":\"https:\/\/pistonaddict.com\/cs\/#\/schema\/logo\/image\/\"}},{\"@type\":\"Person\",\"@id\":\"https:\/\/pistonaddict.com\/cs\/#\/schema\/person\/b654bd8ec8744297879f6f28628ad974\",\"name\":\"kubiweb\",\"url\":\"https:\/\/pistonaddict.com\/cs\/author\/kubiweb\/\"}]}<\/script>\n<!-- \/ Yoast SEO plugin. -->","yoast_head_json":{"title":"BMW i8 na prodej v aukci - n\u00e1zev Piston Addict","description":"V\u0161e, co pot\u0159ebuje\u0161 v\u011bd\u011bt o BMW i8. Prohl\u00e9dn\u011bte si v\u0161echny aukce voz\u016f BMW i8 na PistonAddict.com.","robots":{"index":"index","follow":"follow","max-snippet":"max-snippet:-1","max-image-preview":"max-image-preview:large","max-video-preview":"max-video-preview:-1"},"canonical":"https:\/\/pistonaddict.com\/cs\/bmw-i8-na-prodej-v-aukci\/","og_locale":"cs_CZ","og_type":"article","og_title":"BMW i8 na prodej v aukci - n\u00e1zev Piston Addict","og_description":"V\u0161e, co pot\u0159ebuje\u0161 v\u011bd\u011bt o BMW i8. Prohl\u00e9dn\u011bte si v\u0161echny aukce voz\u016f BMW i8 na PistonAddict.com.","og_url":"https:\/\/pistonaddict.com\/cs\/bmw-i8-na-prodej-v-aukci\/","og_site_name":"Piston Addict","article_published_time":"2023-03-08T20:39:26+00:00","article_modified_time":"2023-03-08T20:47:40+00:00","og_image":[{"width":2048,"height":1264,"url":"https:\/\/pistonaddict.com\/wp-content\/uploads\/2023\/03\/BMW-i8-3.jpg","type":"image\/jpeg"}],"author":"kubiweb","twitter_card":"summary_large_image","twitter_misc":{"Napsal(a)":"kubiweb","Odhadovan\u00e1 doba \u010dten\u00ed":"8 minut"},"schema":{"@context":"https:\/\/schema.org","@graph":[{"@type":"Article","@id":"https:\/\/pistonaddict.com\/cs\/bmw-i8-na-prodej-v-aukci\/#article","isPartOf":{"@id":"https:\/\/pistonaddict.com\/cs\/bmw-i8-na-prodej-v-aukci\/"},"author":{"name":"kubiweb","@id":"https:\/\/pistonaddict.com\/cs\/#\/schema\/person\/b654bd8ec8744297879f6f28628ad974"},"headline":"BMW i8 na prodej v aukci","datePublished":"2023-03-08T20:39:26+00:00","dateModified":"2023-03-08T20:47:40+00:00","mainEntityOfPage":{"@id":"https:\/\/pistonaddict.com\/cs\/bmw-i8-na-prodej-v-aukci\/"},"wordCount":1588,"publisher":{"@id":"https:\/\/pistonaddict.com\/cs\/#organization"},"image":{"@id":"https:\/\/pistonaddict.com\/cs\/bmw-i8-na-prodej-v-aukci\/#primaryimage"},"thumbnailUrl":"https:\/\/pistonaddict.com\/wp-content\/uploads\/2023\/03\/BMW-i8-3.jpg","articleSection":["Uncategorized @cs"],"inLanguage":"cs"},{"@type":"WebPage","@id":"https:\/\/pistonaddict.com\/cs\/bmw-i8-na-prodej-v-aukci\/","url":"https:\/\/pistonaddict.com\/cs\/bmw-i8-na-prodej-v-aukci\/","name":"BMW i8 na prodej v aukci - n\u00e1zev Piston Addict","isPartOf":{"@id":"https:\/\/pistonaddict.com\/cs\/#website"},"primaryImageOfPage":{"@id":"https:\/\/pistonaddict.com\/cs\/bmw-i8-na-prodej-v-aukci\/#primaryimage"},"image":{"@id":"https:\/\/pistonaddict.com\/cs\/bmw-i8-na-prodej-v-aukci\/#primaryimage"},"thumbnailUrl":"https:\/\/pistonaddict.com\/wp-content\/uploads\/2023\/03\/BMW-i8-3.jpg","datePublished":"2023-03-08T20:39:26+00:00","dateModified":"2023-03-08T20:47:40+00:00","description":"V\u0161e, co pot\u0159ebuje\u0161 v\u011bd\u011bt o BMW i8. Prohl\u00e9dn\u011bte si v\u0161echny aukce voz\u016f BMW i8 na PistonAddict.com.","breadcrumb":{"@id":"https:\/\/pistonaddict.com\/cs\/bmw-i8-na-prodej-v-aukci\/#breadcrumb"},"inLanguage":"cs","potentialAction":[{"@type":"ReadAction","target":["https:\/\/pistonaddict.com\/cs\/bmw-i8-na-prodej-v-aukci\/"]}]},{"@type":"ImageObject","inLanguage":"cs","@id":"https:\/\/pistonaddict.com\/cs\/bmw-i8-na-prodej-v-aukci\/#primaryimage","url":"https:\/\/pistonaddict.com\/wp-content\/uploads\/2023\/03\/BMW-i8-3.jpg","contentUrl":"https:\/\/pistonaddict.com\/wp-content\/uploads\/2023\/03\/BMW-i8-3.jpg","width":2048,"height":1264},{"@type":"BreadcrumbList","@id":"https:\/\/pistonaddict.com\/cs\/bmw-i8-na-prodej-v-aukci\/#breadcrumb","itemListElement":[{"@type":"ListItem","position":1,"name":"Domovsk\u00e1 str\u00e1nka","item":"https:\/\/pistonaddict.com\/cs\/domovska-stranka-2\/"},{"@type":"ListItem","position":2,"name":"BMW i8 na prodej v aukci"}]},{"@type":"WebSite","@id":"https:\/\/pistonaddict.com\/cs\/#website","url":"https:\/\/pistonaddict.com\/cs\/","name":"Piston Addict","description":"Only interesting vehicles","publisher":{"@id":"https:\/\/pistonaddict.com\/cs\/#organization"},"potentialAction":[{"@type":"SearchAction","target":{"@type":"EntryPoint","urlTemplate":"https:\/\/pistonaddict.com\/cs\/?s={search_term_string}"},"query-input":"required name=search_term_string"}],"inLanguage":"cs"},{"@type":"Organization","@id":"https:\/\/pistonaddict.com\/cs\/#organization","name":"Piston Addict","url":"https:\/\/pistonaddict.com\/cs\/","logo":{"@type":"ImageObject","inLanguage":"cs","@id":"https:\/\/pistonaddict.com\/cs\/#\/schema\/logo\/image\/","url":"https:\/\/pistonaddict.com\/wp-content\/uploads\/2022\/07\/logo-6.png","contentUrl":"https:\/\/pistonaddict.com\/wp-content\/uploads\/2022\/07\/logo-6.png","width":970,"height":200,"caption":"Piston Addict"},"image":{"@id":"https:\/\/pistonaddict.com\/cs\/#\/schema\/logo\/image\/"}},{"@type":"Person","@id":"https:\/\/pistonaddict.com\/cs\/#\/schema\/person\/b654bd8ec8744297879f6f28628ad974","name":"kubiweb","url":"https:\/\/pistonaddict.com\/cs\/author\/kubiweb\/"}]}},"_links":{"self":[{"href":"https:\/\/pistonaddict.com\/cs\/wp-json\/wp\/v2\/posts\/29929"}],"collection":[{"href":"https:\/\/pistonaddict.com\/cs\/wp-json\/wp\/v2\/posts"}],"about":[{"href":"https:\/\/pistonaddict.com\/cs\/wp-json\/wp\/v2\/types\/post"}],"author":[{"embeddable":true,"href":"https:\/\/pistonaddict.com\/cs\/wp-json\/wp\/v2\/users\/19"}],"replies":[{"embeddable":true,"href":"https:\/\/pistonaddict.com\/cs\/wp-json\/wp\/v2\/comments?post=29929"}],"version-history":[{"count":1,"href":"https:\/\/pistonaddict.com\/cs\/wp-json\/wp\/v2\/posts\/29929\/revisions"}],"predecessor-version":[{"id":29933,"href":"https:\/\/pistonaddict.com\/cs\/wp-json\/wp\/v2\/posts\/29929\/revisions\/29933"}],"wp:featuredmedia":[{"embeddable":true,"href":"https:\/\/pistonaddict.com\/cs\/wp-json\/wp\/v2\/media\/29857"}],"wp:attachment":[{"href":"https:\/\/pistonaddict.com\/cs\/wp-json\/wp\/v2\/media?parent=29929"}],"wp:term":[{"taxonomy":"category","embeddable":true,"href":"https:\/\/pistonaddict.com\/cs\/wp-json\/wp\/v2\/categories?post=29929"},{"taxonomy":"post_tag","embeddable":true,"href":"https:\/\/pistonaddict.com\/cs\/wp-json\/wp\/v2\/tags?post=29929"}],"curies":[{"name":"wp","href":"https:\/\/api.w.org\/{rel}","templated":true}]}}